{"id":224496,"date":"2026-01-25T15:32:07","date_gmt":"2026-01-25T15:32:07","guid":{"rendered":"https:\/\/www.europesays.com\/pl\/224496\/"},"modified":"2026-01-25T15:32:07","modified_gmt":"2026-01-25T15:32:07","slug":"roman-giertych-reaguje-na-wpis-dominika-tarczynskiego-skladam-zawiadomienie-na-tego-degenerata-onet","status":"publish","type":"post","link":"https:\/\/www.europesays.com\/pl\/224496\/","title":{"rendered":"Roman Giertych reaguje na wpis Dominika Tarczy\u0144skiego. &quot;Sk\u0142adam zawiadomienie na tego degenerata&quot; &#8211; Onet"},"content":{"rendered":"<ol>\n<li><a href=\"https:\/\/news.google.com\/rss\/articles\/CBMi3wFBVV95cUxNUUFidHpNenJON2VCTURBaF9QeklDOGxIV0FrWDdqZzRfVWVrVUF0WXVCRFV6eFpOc19LZFE2aWd6WnRJalA5dXRUOVhXMUFyQVg4QTNrdVRBd0pOVHU5Z3F6VFo5SmJ5UFVZaUkyeVc5U0JUYndpay1ObWtBSVNIU3pZY1JHOVFHbDlYMl9sZVh0cTN5SmwyQ2I1R0tNNTUtN01pX2FicUpCbGdsRi1oUnNDM1JXbm04VVBwQUVJWHQ3QTRocFVHMlg3LUZSUlh6RDQ5dXA0aEs1M3JHOWZB?oc=5\" target=\"_blank\" rel=\"nofollow noopener\">Roman Giertych reaguje na wpis Dominika Tarczy\u0144skiego. &#8222;Sk\u0142adam zawiadomienie na tego degenerata&#8221;<\/a>&nbsp;&nbsp;Onet<\/li>\n<li><a href=\"https:\/\/news.google.com\/rss\/articles\/CBMisAFBVV95cUxOSTNSM2pXbDBqWlc2bmZkalJHckRZMmdyRWdUYkNhMkJqdk42dmljODBkcGl0N3FBMXZHbVFMd0FsakM1bVBOcFdsR1kzN2Y5eEVtb2thS3VmOXM2N0JWdzgzNkpjOVBTd1ZBRWpGcHFoelNVWjN3WGJ5WFExRFBtZXFvU2ZvdXVTVGozemhIQTNFNGhqeFc2LWJ0ZlNnNUhhOEtRUWlCc0xhMkRPekJJVA?oc=5\" target=\"_blank\" rel=\"nofollow noopener\">&#8222;Dobra robota!&#8221;. Lawina komentarzy po skandalicznym wpisie Tarczy\u0144skiego<\/a>&nbsp;&nbsp;WP Wiadomo\u015bci<\/li>\n<li><a href=\"https:\/\/news.google.com\/rss\/articles\/CBMiswFBVV95cUxNdFZKbmRXaHR4ZDVFeTZVMXVXczhXU1BxZGxuTE1uNjVYc0Z5SkQ1elpLcldGN0Itako1dkRxWnhqd05hYTdrT3NLUDQ0LWt5VjdpZHFFbHU3YWhzTDFvZHhuVGctcVlBTlZNUUFkM1hjRGtxcUNUcUg0dlVHYWl2MmFDalZNcUNicGN6T0hJOFMxb3lpTVlqN3JOVzdmQkhDOGRwVXBvY0hiWmJDZkFJOU9oaw?oc=5\" target=\"_blank\" rel=\"nofollow noopener\">Marcin Gortat mocno o s\u0142u\u017cbach Donalda Trumpa. &#8222;Mordercy, nic wi\u0119cej&#8221;<\/a>&nbsp;&nbsp;Przegl\u0105d Sportowy Onet<\/li>\n<li><a href=\"https:\/\/news.google.com\/rss\/articles\/CBMisgFBVV95cUxOQnNRNmxLSzRjWHp1RjRKcElodV83T2pCWjVNUE1vOGNyMDhHNUdLQ1lQT3lXUlhQaGZZYnFfbjVYS2VCcmFPMTJlUl9ya0dKUks1Zlp3LTRwb01tVFFoTnlVSldaV3MydDJLZGhpRER0WWFCSzlIRzdWZHc0N3BMWE9CMURrMVhqZ01MVmJLYmRzS2tXSXlRVm9nbHRGRWFweWY4NjJmLXRidlB4UVlSRDhR?oc=5\" target=\"_blank\" rel=\"nofollow noopener\">&#8222;15 funkcjonariuszy ICE jest tu\u017c za nim&#8221;. Tego w telewizji nie zobaczysz<\/a>&nbsp;&nbsp;Konkret24<\/li>\n<li><a href=\"https:\/\/news.google.com\/rss\/articles\/CBMivwFBVV95cUxPMUZuVUFrVm5mZmhyVU5vSktiM1Zpem1zcGkxQ0tuVWVEU25kUWJtcUpUemJJczE5X0xsVmotYm5tUmxzU1g2YmtPbjdTUjV1TFduOGd2YUhldGtrdEtabEZ1cHo4LWlTeV9VeWZpRVJvWTJpanRabllKQnVaUHl4RUhLbk1hbGl3blBSS1BQV1hXcU9FOUFDNC03RnNLd0c5eDZuNHltRVB3WW4wQ1BTVGRYSDM2OEEyRmtOVEsxYw?oc=5\" target=\"_blank\" rel=\"nofollow noopener\">Chaos po \u015bmiertelnej strzelaninie w USA. Wysy\u0142aj\u0105 wojsko. Media przeanalizowa\u0142y nagrania z Minneapolis<\/a>&nbsp;&nbsp;Gazeta<\/li>\n<\/ol>\n","protected":false},"excerpt":{"rendered":"Roman Giertych reaguje na wpis Dominika Tarczy\u0144skiego. &#8222;Sk\u0142adam zawiadomienie na tego degenerata&#8221;&nbsp;&nbsp;Onet &#8222;Dobra robota!&#8221;. Lawina komentarzy po skandalicznym&hellip;\n","protected":false},"author":2,"featured_media":224497,"comment_status":"","ping_status":"","sticky":false,"template":"","format":"standard","meta":{"footnotes":""},"categories":[14],"tags":[32,33,3505,58,27,41311,34,35,37515,28,31,53,25,52,68,51,55,40,41,349,11643,47,1998,59,80,29,30,65,50,26,82,83,84],"class_list":{"0":"post-224496","1":"post","2":"type-post","3":"status-publish","4":"format-standard","5":"has-post-thumbnail","7":"category-swiat","8":"tag-breaking-news","9":"tag-breakingnews","10":"tag-dominik_tarczynski","11":"tag-donald_trump_prezydent_usa","12":"tag-headlines","13":"tag-ice_amerykanska_sluzba_imigracyjna","14":"tag-latest-news","15":"tag-latestnews","16":"tag-minneapolis","17":"tag-naglowki","18":"tag-najwazniejsze-artykuly","19":"tag-new_header","20":"tag-news","21":"tag-onet3","22":"tag-onet3d","23":"tag-onet3d_2i","24":"tag-phx","25":"tag-polish","26":"tag-polski","27":"tag-prokuratura_prokurator_prokuratorzy","28":"tag-roman_giertych_polityk","29":"tag-screening_general","30":"tag-short_news","31":"tag-stany_zjednoczone_usa","32":"tag-swiat","33":"tag-top-stories","34":"tag-topstories","35":"tag-update_me","36":"tag-v2021","37":"tag-wiadomosci","38":"tag-world","39":"tag-world-news","40":"tag-worldnews"},"share_on_mastodon":{"url":"","error":"Validation failed: Text character limit of 500 exceeded"},"_links":{"self":[{"href":"https:\/\/www.europesays.com\/pl\/wp-json\/wp\/v2\/posts\/224496","targetHints":{"allow":["GET"]}}],"collection":[{"href":"https:\/\/www.europesays.com\/pl\/wp-json\/wp\/v2\/posts"}],"about":[{"href":"https:\/\/www.europesays.com\/pl\/wp-json\/wp\/v2\/types\/post"}],"author":[{"embeddable":true,"href":"https:\/\/www.europesays.com\/pl\/wp-json\/wp\/v2\/users\/2"}],"replies":[{"embeddable":true,"href":"https:\/\/www.europesays.com\/pl\/wp-json\/wp\/v2\/comments?post=224496"}],"version-history":[{"count":0,"href":"https:\/\/www.europesays.com\/pl\/wp-json\/wp\/v2\/posts\/224496\/revisions"}],"wp:featuredmedia":[{"embeddable":true,"href":"https:\/\/www.europesays.com\/pl\/wp-json\/wp\/v2\/media\/224497"}],"wp:attachment":[{"href":"https:\/\/www.europesays.com\/pl\/wp-json\/wp\/v2\/media?parent=224496"}],"wp:term":[{"taxonomy":"category","embeddable":true,"href":"https:\/\/www.europesays.com\/pl\/wp-json\/wp\/v2\/categories?post=224496"},{"taxonomy":"post_tag","embeddable":true,"href":"https:\/\/www.europesays.com\/pl\/wp-json\/wp\/v2\/tags?post=224496"}],"curies":[{"name":"wp","href":"https:\/\/api.w.org\/{rel}","templated":true}]}}