{"id":224555,"date":"2026-01-25T16:10:03","date_gmt":"2026-01-25T16:10:03","guid":{"rendered":"https:\/\/www.europesays.com\/pl\/224555\/"},"modified":"2026-01-25T16:10:03","modified_gmt":"2026-01-25T16:10:03","slug":"laliga-fc-barcelona-real-oviedo-relacja-na-zywo-przeglad-sportowy-onet","status":"publish","type":"post","link":"https:\/\/www.europesays.com\/pl\/224555\/","title":{"rendered":"LaLiga: FC Barcelona &#8211; Real Oviedo [RELACJA NA \u017bYWO] &#8211; Przegl\u0105d Sportowy Onet"},"content":{"rendered":"<ol>\n<li><a href=\"https:\/\/news.google.com\/rss\/articles\/CBMiqwFBVV95cUxNeE53SkxIMlhTM3dOVHBiV0tadUZoU3JuN1hPdGdaRXdRbmxWcGRhRUEyMWpTTVNHMlpVc3A3dkJXbHpJY1pqeldwelBqUFhXS3Y5aU5IQ1hwcXo4bFMtS2ViRU5xcEhLMVBJX0FtRzVuazZCSmppUWFLdzlDZ3p6UnNLVGVDMmFMUnJzbjlhQ3QzU282cVlpaE1FUC02T3FOWjBKMTJ0aTVkRTg?oc=5\" target=\"_blank\" rel=\"nofollow noopener\">LaLiga: FC Barcelona &#8211; Real Oviedo [RELACJA NA \u017bYWO]<\/a>&nbsp;&nbsp;Przegl\u0105d Sportowy Onet<\/li>\n<li><a href=\"https:\/\/news.google.com\/rss\/articles\/CBMivwFBVV95cUxQaDFlU1dNemJUY1FjU0JTa0lKTXFFclpvRjl0SkZXaGlTN2tDOFktaVdFX1BsU0FEcE5xdjg0cW5fdTNIV2Q0NWFFVENCZWp0OGNHd1gzckM4NzQxVEFwSzdEU0ZDYXBIQ0VLYVJseGF5Y1ZHTVJrU2Itbm43SVNuNk1RWF9odjRKYUtDT2ZxWmEtZnJRZ2d5d2ZhcHRXbTVWZ2laQXRvamwzby1FWHZnRjJSTGZPY195NndVWFlmbw?oc=5\" target=\"_blank\" rel=\"nofollow noopener\">Jest decyzja ws. Lewandowskiego. Barca og\u0142osi\u0142a tu\u017c przed meczem, to pewne<\/a>&nbsp;&nbsp;Sport w INTERIA.PL<\/li>\n<li><a href=\"https:\/\/news.google.com\/rss\/articles\/CBMimAFBVV95cUxPYlFpaTBScXRfaHFSMU5UdndYUjNZWjN5dk9TbFhaTDlfRUUtYldid0ZwWVF5OGFURmZyZXdNVC1zd2tKdnZjdGZ4MU5pb1QtS2ZJM1dLZXFZLVVKeEp4eFQ1dnd5RmlJaDRoSTFpYktraGJjT1JCZXRISmZnTzM1b3FzVUpEQUhPSVJ1SlNIMmVHdHZSZDVxMw?oc=5\" target=\"_blank\" rel=\"nofollow noopener\">Sk\u0142ad FC Barcelony na mecz z ligowym maruderem<\/a>&nbsp;&nbsp;SportoweFakty<\/li>\n<li><a href=\"https:\/\/news.google.com\/rss\/articles\/CBMirwFBVV95cUxNN2YtVmVQOGlRYVIzcWJGRWJJNWE0clZHUHAxQi1tZDJ6QlE4NGdyczdfdG16ZHVJdjBMQ0x0elRRYnZITjBGVE5TcVhqYmJyWTNxOC1hNnVnNEtaWTdGQmpwMFJoTFFIUncxRGRnN2RlWkJ0U0RMckp2R21GMjZmZVBoSkF1ZmY4NzM0UkhvX3JoenFnZmcxYWluc2FHWWJoOG5zU08yQ0JLbmVhd0xj?oc=5\" target=\"_blank\" rel=\"nofollow noopener\">Flick namiesza\u0142! Oto sk\u0142ad Barcelony, wiadomo co z Lewandowskim<\/a>&nbsp;&nbsp;Sport.pl<\/li>\n<li><a href=\"https:\/\/news.google.com\/rss\/articles\/CBMirwFBVV95cUxQbXBVNE5KRHppWmh2R05pdWhoVk56SnJHbmpMNW9HaGY0ZGpWc2ZxVXh6aEh3M3RBZHUtTmhXQ3hZd3hBUXRJdzNRZFpJS1Rad1l1a3hHbjUybGxWbDVUOHlWRXRXeGE4QktKTEpfb0RBQWI3SGFxc0ZpUjFpaUxWbzd5Z0tNNHpBbWNZZUx1R01fVjZnWG1xV3U4ZHhjMFVlU2ZEcTYwLVUtU2hYV05j?oc=5\" target=\"_blank\" rel=\"nofollow noopener\">La Liga: FC Barcelona &#8211; Real Oviedo. Relacja live i wynik na \u017cywo<\/a>&nbsp;&nbsp;www.polsatsport.pl<\/li>\n<\/ol>\n","protected":false},"excerpt":{"rendered":"LaLiga: FC Barcelona &#8211; Real Oviedo [RELACJA NA \u017bYWO]&nbsp;&nbsp;Przegl\u0105d Sportowy Onet Jest decyzja ws. Lewandowskiego. Barca og\u0142osi\u0142a tu\u017c&hellip;\n","protected":false},"author":2,"featured_media":224556,"comment_status":"","ping_status":"","sticky":false,"template":"","format":"standard","meta":{"footnotes":""},"categories":[24],"tags":[303,2960,2051,188,42,38,40,39,41,136,128,300,47,127,135,126,130],"class_list":{"0":"post-224555","1":"post","2":"type-post","3":"status-publish","4":"format-standard","5":"has-post-thumbnail","7":"category-sport","8":"tag-fc_barcelona","9":"tag-la_liga","10":"tag-laliga","11":"tag-liveblog","12":"tag-pl","13":"tag-poland","14":"tag-polish","15":"tag-polska","16":"tag-polski","17":"tag-ps_detal_new","18":"tag-psv2","19":"tag-robert_lewandowski","20":"tag-screening_general","21":"tag-sport","22":"tag-sport_sport","23":"tag-sports","24":"tag-wiadomosci_sportowe"},"share_on_mastodon":{"url":"https:\/\/pubeurope.com\/@pl\/115956614624303407","error":""},"_links":{"self":[{"href":"https:\/\/www.europesays.com\/pl\/wp-json\/wp\/v2\/posts\/224555","targetHints":{"allow":["GET"]}}],"collection":[{"href":"https:\/\/www.europesays.com\/pl\/wp-json\/wp\/v2\/posts"}],"about":[{"href":"https:\/\/www.europesays.com\/pl\/wp-json\/wp\/v2\/types\/post"}],"author":[{"embeddable":true,"href":"https:\/\/www.europesays.com\/pl\/wp-json\/wp\/v2\/users\/2"}],"replies":[{"embeddable":true,"href":"https:\/\/www.europesays.com\/pl\/wp-json\/wp\/v2\/comments?post=224555"}],"version-history":[{"count":0,"href":"https:\/\/www.europesays.com\/pl\/wp-json\/wp\/v2\/posts\/224555\/revisions"}],"wp:featuredmedia":[{"embeddable":true,"href":"https:\/\/www.europesays.com\/pl\/wp-json\/wp\/v2\/media\/224556"}],"wp:attachment":[{"href":"https:\/\/www.europesays.com\/pl\/wp-json\/wp\/v2\/media?parent=224555"}],"wp:term":[{"taxonomy":"category","embeddable":true,"href":"https:\/\/www.europesays.com\/pl\/wp-json\/wp\/v2\/categories?post=224555"},{"taxonomy":"post_tag","embeddable":true,"href":"https:\/\/www.europesays.com\/pl\/wp-json\/wp\/v2\/tags?post=224555"}],"curies":[{"name":"wp","href":"https:\/\/api.w.org\/{rel}","templated":true}]}}