{"id":224597,"date":"2026-01-25T16:43:05","date_gmt":"2026-01-25T16:43:05","guid":{"rendered":"https:\/\/www.europesays.com\/pl\/224597\/"},"modified":"2026-01-25T16:43:05","modified_gmt":"2026-01-25T16:43:05","slug":"brutalny-atak-w-czestochowie-policja-szuka-sprawcow-onet","status":"publish","type":"post","link":"https:\/\/www.europesays.com\/pl\/224597\/","title":{"rendered":"Brutalny atak w Cz\u0119stochowie. Policja szuka sprawc\u00f3w &#8211; Onet"},"content":{"rendered":"<ol>\n<li><a href=\"https:\/\/news.google.com\/rss\/articles\/CBMirgFBVV95cUxQT2t4UW9YZkRsalFNWUdERTFYREtuR19MamVKVVdoZE9qeklDLUQ1elJ3b0JMekZycGQ2Mk5oV1FRNzRGUTVvTjktTXk2a05rSVFiVy1PdFNEQW1QVV9VeHJPRjRjUHBVcm95SE1IWFJUUXNvb0haa2RUTGpHNUlabEh1c2poSG9ZVURIMWllVXJmRV8xeVFVTHJVZ19UTmFSOWFHcUNyci1qY08teHc?oc=5\" target=\"_blank\" rel=\"nofollow noopener\">Brutalny atak w Cz\u0119stochowie. Policja szuka sprawc\u00f3w<\/a>&nbsp;&nbsp;Onet<\/li>\n<li><a href=\"https:\/\/news.google.com\/rss\/articles\/CBMiqAFBVV95cUxNTGduWDBMQ21wVWhVbE9kTGc2aGZMZVRTZ0Z3UjQ5aXhXTFU2N3RJNVZjMi1KaHhaNnlTdVFxdEIwemJJU1dsVHFlSnBQSzF1TkxBOGEtVk1fcEhMRXlaTWlpT0tqTGdCNzZUTEYxYlZyNExBSFgwcEVqRmdmbWR2Qi1NYzJ3WG1oWjZPUDA0eHV1RnNWaVhQVkNERGV3cmNqY1NoY2pmaHA?oc=5\" target=\"_blank\" rel=\"nofollow noopener\">Atak ostrym narz\u0119dziem w Cz\u0119stochowie. M\u0119\u017cczy\u017ani wtargn\u0119li do mieszkania<\/a>&nbsp;&nbsp;Onet Wiadomo\u015bci<\/li>\n<li><a href=\"https:\/\/news.google.com\/rss\/articles\/CBMiuAFBVV95cUxNa2UxbjZidmo4VV9JbEkxWEtveUNpdmFEajJlUzctMFJ0MElpT3pNWENkR0VJTWJaWWw3UGRXVWIxTEcwakJjUkZvQ1g3UHFqSWhZUm9KVmNYb3NDU0ZPUk81a2J1dEgtNGhQelF6akNlWnZ0dmxRTTFPQ29iQzlVa205TnBVNkhsWU9YSkY1SG9BU0p4STdSdUFKdFJMRG1BUWl5TDBVelc3VUVaOFZpM1FfQ3hBbFNK?oc=5\" target=\"_blank\" rel=\"nofollow noopener\">Wywa\u017cyli drzwi, wtargn\u0119li do mieszkania i zaatakowali no\u017cem m\u0119\u017cczyzn\u0119<\/a>&nbsp;&nbsp;TVN24<\/li>\n<li><a href=\"https:\/\/news.google.com\/rss\/articles\/CBMimAFBVV95cUxNaWR4dF9aYzNwT0Y2QkRaajBuS1J2dWxxUk5RTTYyVk1nakJyWFlmOXB4aWdibnRHSlZLeHB2dTNIbHg4OUliVm5Jc2tyY2llZGZWR080SHlfNFA5VTgzMmdlY0lUTlpDdk9oUXhqVlFxdmJRZENFRDZJYmtLMndHUUZHZDVocVNibWJvWlFwOXV4b1pWWkVMcw?oc=5\" target=\"_blank\" rel=\"nofollow noopener\">Policyjna ob\u0142awa w Cz\u0119stochowie. Poszukiwania bandyt\u00f3w trwaj\u0105<\/a>&nbsp;&nbsp;katowice.tvp.pl<\/li>\n<li><a href=\"https:\/\/news.google.com\/rss\/articles\/CBMivgFBVV95cUxOV1R6UjBQQ0pVMENIN1ZwRDllVkhlcEdiQ2JxOHQwM1JYTkhTSkgydXN5MFFiN3lEMHJnVXlUbTNRYklrUHRUTGxlWnV3NUN1VC1IWEczM3kxNUJQRGJ4Zm5RUWM5WFZualpKNGNkdWZVTGRQUnhPVzRtOVJGUnBsemR2cGktTWdLRU5fMmFQSnhEckVnWFF3Y0MyNXN1TjJKNWlDbGdRNDFrYWJXVk9uZWlvMDVDeTRlMXlLaXh3?oc=5\" target=\"_blank\" rel=\"nofollow noopener\">No\u017cownik rani m\u0119\u017cczyzn\u0119 na klatce schodowej. Policja szuka sprawc\u00f3w<\/a>&nbsp;&nbsp;Fakt<\/li>\n<\/ol>\n","protected":false},"excerpt":{"rendered":"Brutalny atak w Cz\u0119stochowie. Policja szuka sprawc\u00f3w&nbsp;&nbsp;Onet Atak ostrym narz\u0119dziem w Cz\u0119stochowie. M\u0119\u017cczy\u017ani wtargn\u0119li do mieszkania&nbsp;&nbsp;Onet Wiadomo\u015bci Wywa\u017cyli&hellip;\n","protected":false},"author":2,"featured_media":224564,"comment_status":"","ping_status":"","sticky":false,"template":"","format":"standard","meta":{"footnotes":""},"categories":[12],"tags":[32,33,2368,36,37,27,67,34,35,28,31,53,25,52,68,51,55,42,38,251,40,39,41,47,29,30,65,50,26],"class_list":{"0":"post-224597","1":"post","2":"type-post","3":"status-publish","4":"format-standard","5":"has-post-thumbnail","7":"category-polska","8":"tag-breaking-news","9":"tag-breakingnews","10":"tag-czestochowa","11":"tag-featured-news","12":"tag-featurednews","13":"tag-headlines","14":"tag-intextvideo_splayer","15":"tag-latest-news","16":"tag-latestnews","17":"tag-naglowki","18":"tag-najwazniejsze-artykuly","19":"tag-new_header","20":"tag-news","21":"tag-onet3","22":"tag-onet3d","23":"tag-onet3d_2i","24":"tag-phx","25":"tag-pl","26":"tag-poland","27":"tag-policja_policjanci_policjant_policjantka_policjantki","28":"tag-polish","29":"tag-polska","30":"tag-polski","31":"tag-screening_general","32":"tag-top-stories","33":"tag-topstories","34":"tag-update_me","35":"tag-v2021","36":"tag-wiadomosci"},"share_on_mastodon":{"url":"https:\/\/pubeurope.com\/@pl\/115956744379113314","error":""},"_links":{"self":[{"href":"https:\/\/www.europesays.com\/pl\/wp-json\/wp\/v2\/posts\/224597","targetHints":{"allow":["GET"]}}],"collection":[{"href":"https:\/\/www.europesays.com\/pl\/wp-json\/wp\/v2\/posts"}],"about":[{"href":"https:\/\/www.europesays.com\/pl\/wp-json\/wp\/v2\/types\/post"}],"author":[{"embeddable":true,"href":"https:\/\/www.europesays.com\/pl\/wp-json\/wp\/v2\/users\/2"}],"replies":[{"embeddable":true,"href":"https:\/\/www.europesays.com\/pl\/wp-json\/wp\/v2\/comments?post=224597"}],"version-history":[{"count":0,"href":"https:\/\/www.europesays.com\/pl\/wp-json\/wp\/v2\/posts\/224597\/revisions"}],"wp:featuredmedia":[{"embeddable":true,"href":"https:\/\/www.europesays.com\/pl\/wp-json\/wp\/v2\/media\/224564"}],"wp:attachment":[{"href":"https:\/\/www.europesays.com\/pl\/wp-json\/wp\/v2\/media?parent=224597"}],"wp:term":[{"taxonomy":"category","embeddable":true,"href":"https:\/\/www.europesays.com\/pl\/wp-json\/wp\/v2\/categories?post=224597"},{"taxonomy":"post_tag","embeddable":true,"href":"https:\/\/www.europesays.com\/pl\/wp-json\/wp\/v2\/tags?post=224597"}],"curies":[{"name":"wp","href":"https:\/\/api.w.org\/{rel}","templated":true}]}}