{"id":22481,"date":"2025-09-29T17:10:09","date_gmt":"2025-09-29T17:10:09","guid":{"rendered":"https:\/\/www.europesays.com\/pl\/22481\/"},"modified":"2025-09-29T17:10:09","modified_gmt":"2025-09-29T17:10:09","slug":"siedem-grzechow-ivana-djurdjevicia-to-przyczynilo-sie-do-jego-zwolnienia","status":"publish","type":"post","link":"https:\/\/www.europesays.com\/pl\/22481\/","title":{"rendered":"Siedem grzech\u00f3w Ivana Djurdjevicia. To przyczyni\u0142o si\u0119 do jego zwolnienia"},"content":{"rendered":"<p>Ivan Djurdjevi\u0107 obj\u0105\u0142 Stal Mielec na pocz\u0105tku kwietnia. Przedstawiany by\u0142 jako trener, kt\u00f3ry ma sprawi\u0107, \u017ce zesp\u00f3\u0142 b\u0119dzie bardziej waleczny i odzyska charakter po nieudanej kadencji Janusza Nied\u017awiedzia. &#8222;Djuka&#8221; ostatecznie nie zdo\u0142a\u0142 wyj\u015b\u0107 z trudnej sytuacji i uratowa\u0107 Ekstraklasy przy Solskiego, ale to jemu powierzono zadanie budowania dru\u017cyny w 1. lidze. Po drodze Serb pope\u0142ni\u0142 bardzo du\u017co b\u0142\u0119d\u00f3w i to w\u0142a\u015bnie dlatego jego misja dobieg\u0142a ko\u0144ca przedwcze\u015bnie. Oto siedem najwi\u0119kszych b\u0142\u0119d\u00f3w 48-latka.<\/p>\n<p>\u2014 Krystian Getinger to nasz zas\u0142u\u017cony zawodnik, ale zosta\u0142 oceniony przez sztab szkoleniowy i podj\u0119to decyzj\u0119, \u017ce wsp\u00f3\u0142praca nie b\u0119dzie kontynuowana. Czy to dobra decyzja? To oceni czas \u2014 <a href=\"https:\/\/przegladsportowy.onet.pl\/pilka-nozna\/ekstraklasa\/prezes-jacek-klimek-po-spadku-stali-mielec-winny-jest-tylko-jeden-wywiad\/fz5rcxs\" id=\"87f36b24-872b-4954-8f26-3e688e371977\" rel=\"nofollow noopener\" target=\"_blank\">t\u0142umaczy\u0142 na naszych \u0142amach prezes klubu Jacek Klimek<\/a>.<\/p>\n<p>Latem Stal po\u017cegna\u0142a swojego kapitana, ikon\u0119 oraz pi\u0142karza, kt\u00f3ry w bia\u0142o-niebieskich barwach rozegra\u0142 ponad 400 mecz\u00f3w. <a href=\"https:\/\/przegladsportowy.onet.pl\/pilka-nozna\/1-liga\/jak-naprawde-skasowali-krystiana-getingera-przerwal-milczenie-i-ujawnil-wszystko\/wbvvh1e\" id=\"0c180c0f-5a65-42e4-9dfc-b7369cabd620\" rel=\"nofollow noopener\" target=\"_blank\">Do dzisiaj trudno zrozumie\u0107, dlaczego Djurdjevi\u0107 podj\u0105\u0142 decyzj\u0119 o rezygnacji z Getingera<\/a>. Na finiszu ubieg\u0142ego sezonu nie da\u0142 mu si\u0119 te\u017c godnie po\u017cegna\u0107 z mieleck\u0105 publiczno\u015bci\u0105, wpuszczaj\u0105c go tylko z \u0142awki w ostatnim domowym spotkaniu z Radomiakiem. Nie do\u015b\u0107, \u017ce Serb os\u0142abi\u0142 szatni\u0119, to klub nie znalaz\u0142 nast\u0119pcy, kt\u00f3ry zbli\u017cy\u0142by si\u0119 poziomem do Getingera.<\/p>\n<p class=\"Paragraph_desktopParagraph__Fd2e9\">Wobec uszczuplenia bud\u017cetu klubu po spadku Stal Djurdjevicia mia\u0142a przede wszystkim gra\u0107 m\u0142odymi Polakami. Im powierzona zosta\u0142a bardzo wa\u017cna i odpowiedzialna rola \u2014 Piotr Kowalik, czyli 19-latek sprowadzony z Sandecji Nowy S\u0105cz, i 22-letni Adrian Bukowski w pierwszym meczu sezonu z Wis\u0142\u0105 Krak\u00f3w (0:4) wyst\u0105pili w podstawowym sk\u0142adzie. A potem okaza\u0142o si\u0119 jednak, \u017ce trzeba wycofa\u0107 si\u0119 z tej koncepcji.<\/p>\n<p class=\"VideoPlayerText_videoPlayerText__zrtJk\">Dalszy ci\u0105g materia\u0142u pod wideo<\/p>\n<p>3. Zmiany pozycji Wlaz\u0142y<\/p>\n<p class=\"Paragraph_desktopParagraph__Fd2e9\">W poprzednim sezonie Piotr Wlaz\u0142o by\u0142 stoperem, obecne rozgrywki rozpoczyna\u0142 jako pomocnik, ale bardzo szybko musia\u0142 wr\u00f3ci\u0107 do linii defensywy. A to wszystko dlatego, \u017ce pierwotna koncepcja Djurdjevicia z m\u0142odymi zawodnikami w obronie zupe\u0142nie si\u0119 nie powiod\u0142a. Bramki tracone w hurtowych ilo\u015bciach spowodowa\u0142y, \u017ce do\u015bwiadczony Wlaz\u0142o zacz\u0105\u0142 by\u0107 rzucany po pozycjach, a trener publicznie \u2014 tak jak na konferencji po derbowej pora\u017cce ze Stal\u0105 Rzesz\u00f3w 2:3 \u2014 narzeka\u0142 na to, \u017ce najbardziej do\u015bwiadczeni zawodnicy r\u00f3wnie\u017c nie potrafi\u0105 sprosta\u0107 jego wymaganiom. C\u00f3\u017c, takimi wypowiedziami nie kupi\u0142 sobie zaufania szatni.<\/p>\n<p>4. Tanie pr\u00f3by motywacji<\/p>\n<p class=\"Paragraph_desktopParagraph__Fd2e9\">A ju\u017c na pewno nie zmotywowa\u0142 dru\u017cyny do tego, \u017ceby zaciekle walczy\u0142a, bo skoro po sobotnim spotkaniu w Rzeszowie m\u00f3wi\u0142 r\u00f3wnie\u017c o tym, \u017ce brakowa\u0142o mu w\u0142a\u015bnie walki, to co\u015b ewidentnie posz\u0142o nie tak. W kwietniu Jacek Klimek reklamowa\u0142 Djurdjevicia nie tylko jako wybitnego pi\u0142karza, kt\u00f3ry zdoby\u0142 mistrzostwo Polski z Lechem Pozna\u0144 w 2010 roku, ale r\u00f3wnie\u017c jako zawodnika wk\u0142adaj\u0105cego w gr\u0119 olbrzymie serce. Diagnoza prezesa by\u0142a taka, \u017ce dru\u017cynie pod wodz\u0105 Janusza Nied\u017awiedzia brakuje waleczno\u015bci. Je\u017celi tak faktycznie by\u0142o, a pi\u0119\u0107 miesi\u0119cy p\u00f3\u017aniej &#8222;Djuka&#8221; wskazuje na ten sam problem, to znaczy, \u017ce sam nie podo\u0142a\u0142 zadaniu.<\/p>\n<p><img decoding=\"async\" src=\"https:\/\/www.europesays.com\/pl\/wp-content\/uploads\/2025\/09\/ivan-djurdjevic.jpg\" alt=\"Ivan Djurdjevi\u0107\" width=\"944\" height=\"628\" loading=\"lazy\" class=\"\" \/>Ivan Djurdjevi\u0107 (Foto: Micha\u0142 Trzpis \/ newspix.pl)5. Nieko\u0144cz\u0105ca si\u0119 budowa<\/p>\n<p class=\"Paragraph_desktopParagraph__Fd2e9\">Skoro ju\u017c przy wypowiedziach jeste\u015bmy, trudno nie zauwa\u017cy\u0107, \u017ce serbski szkoleniowiec niemal przy ka\u017cdej okazji wspomina\u0142 o tym, i\u017c musi budowa\u0107 nowy zesp\u00f3\u0142. Ju\u017c po laniu od Wis\u0142y Krak\u00f3w w pierwszej kolejce nowego sezonu usprawiedliwia\u0142 si\u0119 tym, \u017ce Bia\u0142a Gwiazda gra w podobnym zestawieniu od kilku miesi\u0119cy, a on ma zupe\u0142nie nowy sk\u0142ad. Sam jednak musia\u0142 liczy\u0107 si\u0119 z tak\u0105 rzeczywisto\u015bci\u0105, bo przecie\u017c kiedy podpisywa\u0142 w kwietniu kontrakt, zgodzi\u0142 si\u0119 na pozostanie w klubie i obni\u017cenie zarobk\u00f3w, je\u017celi dojdzie do spadku. Na dodatek po degradacji na zaplecze Ekstraklasy letnia wymiana kadry jest naturaln\u0105 rzecz\u0105. Co wi\u0119cej, sam mia\u0142 wp\u0142yw na drastyczne zmiany, pozbywaj\u0105c si\u0119 z szatni jednego z filar\u00f3w, czyli Getingera, o czym pisali\u015bmy na pocz\u0105tku.<\/p>\n<p>6. Przeci\u0119tne wzmocnienia<\/p>\n<p class=\"Paragraph_desktopParagraph__Fd2e9\">Stal Mielec jest klubem, w kt\u00f3rym nie ma dyrektora sportowego. Za transfery odpowiada specjalny komitet z\u0142o\u017cony z prezesa, jego doradc\u00f3w oraz trenera. Szkoleniowiec musi zaakceptowa\u0107 ka\u017cdego nowego pi\u0142karza, a cz\u0119sto sam wskazuje na nazwiska, kt\u00f3re maj\u0105 trafi\u0107 do klubu. Nie inaczej by\u0142o w przypadku Djurdjevicia, bo Serb da\u0142 zielone \u015bwiat\u0142o na ka\u017cdy ruch dokonywany latem przez Stal. Po 11 kolejkach bardzo trudno wskaza\u0107 zawodnik\u00f3w, kt\u00f3rzy zasilili Bia\u0142o-Niebieskich i s\u0105 liderami dru\u017cyny. Przeb\u0142yski co prawda miewaj\u0105 Jo\u0161t Pi\u0161ek, Mario Losada, ale to zdecydowanie za ma\u0142o, aby minione okno uzna\u0107 za ca\u0142kiem niez\u0142e. A \u017ce w Mielcu panuj\u0105 takie, a nie inne prawa, za to win\u0105 mo\u017cna, a nawet trzeba obarcza\u0107 trenera.<\/p>\n<p>7. Nieudana refleksja<\/p>\n<p class=\"Paragraph_desktopParagraph__Fd2e9\">Po powrocie do Polski i obj\u0119ciu Stali Djurdjevi\u0107 zapewnia\u0142, \u017ce wyci\u0105gn\u0105\u0142 wnioski mi\u0119dzy innymi z nieudanej kadencji w \u015al\u0105sku Wroc\u0142aw. Przypomnijmy, \u017ce na Dolnym \u015al\u0105sku trener zas\u0142yn\u0105\u0142 z wypowiedzi o &#8222;pe\u0142nych portkach&#8221; swoich zawodnik\u00f3w, cho\u0107 u\u017cy\u0142 przy tym nieco brzydszych s\u0142\u00f3w. Teraz przy Solskiego mia\u0142 nie pope\u0142ni\u0107 tych samych b\u0142\u0119d\u00f3w w zarz\u0105dzaniu szatni\u0105, a i tak to zrobi\u0142, cho\u0107 w nieco inny spos\u00f3b. Z jednej strony w ko\u0144c\u00f3wce poprzedniego sezonu, kiedy Stal by\u0142a ju\u017c pewna spadku, 48-latek m\u00f3wi\u0142 o wcze\u015bniej wspominanej budowie, a jednocze\u015bnie chcia\u0142 polepsza\u0107 statystyki, wygrywaj\u0105c mecze o pietruszk\u0119. Koniec ko\u0144c\u00f3w ani nie zbudowa\u0142 dru\u017cyny, ani nie wygrywa\u0142. Cztery zwyci\u0119stwa w dwudziestu oficjalnych meczach to fatalny rezultat.<\/p>\n","protected":false},"excerpt":{"rendered":"Ivan Djurdjevi\u0107 obj\u0105\u0142 Stal Mielec na pocz\u0105tku kwietnia. Przedstawiany by\u0142 jako trener, kt\u00f3ry ma sprawi\u0107, \u017ce zesp\u00f3\u0142 b\u0119dzie&hellip;\n","protected":false},"author":2,"featured_media":22482,"comment_status":"","ping_status":"","sticky":false,"template":"","format":"standard","meta":{"footnotes":""},"categories":[24],"tags":[2352,7103,3106,7229,67,7230,7231,42,38,40,39,41,136,128,47,127,135,126,7228,130],"class_list":{"0":"post-22481","1":"post","2":"type-post","3":"status-publish","4":"format-standard","5":"has-post-thumbnail","7":"category-sport","8":"tag-1_liga","9":"tag-1-_liga","10":"tag-dzis_pisza_dla_was","11":"tag-i_liga","12":"tag-intextvideo_splayer","13":"tag-ivan_djurdjevic","14":"tag-jacek_klimek","15":"tag-pl","16":"tag-poland","17":"tag-polish","18":"tag-polska","19":"tag-polski","20":"tag-ps_detal_new","21":"tag-psv2","22":"tag-screening_general","23":"tag-sport","24":"tag-sport_sport","25":"tag-sports","26":"tag-stal_mielec","27":"tag-wiadomosci_sportowe"},"share_on_mastodon":{"url":"","error":""},"_links":{"self":[{"href":"https:\/\/www.europesays.com\/pl\/wp-json\/wp\/v2\/posts\/22481","targetHints":{"allow":["GET"]}}],"collection":[{"href":"https:\/\/www.europesays.com\/pl\/wp-json\/wp\/v2\/posts"}],"about":[{"href":"https:\/\/www.europesays.com\/pl\/wp-json\/wp\/v2\/types\/post"}],"author":[{"embeddable":true,"href":"https:\/\/www.europesays.com\/pl\/wp-json\/wp\/v2\/users\/2"}],"replies":[{"embeddable":true,"href":"https:\/\/www.europesays.com\/pl\/wp-json\/wp\/v2\/comments?post=22481"}],"version-history":[{"count":0,"href":"https:\/\/www.europesays.com\/pl\/wp-json\/wp\/v2\/posts\/22481\/revisions"}],"wp:featuredmedia":[{"embeddable":true,"href":"https:\/\/www.europesays.com\/pl\/wp-json\/wp\/v2\/media\/22482"}],"wp:attachment":[{"href":"https:\/\/www.europesays.com\/pl\/wp-json\/wp\/v2\/media?parent=22481"}],"wp:term":[{"taxonomy":"category","embeddable":true,"href":"https:\/\/www.europesays.com\/pl\/wp-json\/wp\/v2\/categories?post=22481"},{"taxonomy":"post_tag","embeddable":true,"href":"https:\/\/www.europesays.com\/pl\/wp-json\/wp\/v2\/tags?post=22481"}],"curies":[{"name":"wp","href":"https:\/\/api.w.org\/{rel}","templated":true}]}}