{"id":224891,"date":"2026-01-25T20:36:07","date_gmt":"2026-01-25T20:36:07","guid":{"rendered":"https:\/\/www.europesays.com\/pl\/224891\/"},"modified":"2026-01-25T20:36:07","modified_gmt":"2026-01-25T20:36:07","slug":"co-za-wystep-polaka-zloto-i-rekord-sportowefakty","status":"publish","type":"post","link":"https:\/\/www.europesays.com\/pl\/224891\/","title":{"rendered":"Co za wyst\u0119p Polaka. Z\u0142oto i rekord! &#8211; SportoweFakty"},"content":{"rendered":"<ol>\n<li><a href=\"https:\/\/news.google.com\/rss\/articles\/CBMiqwFBVV95cUxOa3E1bG1saEFPQWFORk1oZG83c1hrckpBWEpJNTExcW5sQjNJZE53TzlvbEpRbjdELXdXdGZRS3BOSkQxelhET3djeDZxQUlKSG9lMXZlQjNYY2RKZEt3NmNuR0RMN0U1U0dDNVJaLUR5Z3d6a2g0Sk9TMGdaYzI5MWZiVEtlS0E2akEzN09ZanRKWEZoaEN1R3VHSC1RVXJhT2d2ZE9ndXViem8?oc=5\" target=\"_blank\" rel=\"nofollow noopener\">Co za wyst\u0119p Polaka. Z\u0142oto i rekord!<\/a>&nbsp;&nbsp;SportoweFakty<\/li>\n<li><a href=\"https:\/\/news.google.com\/rss\/articles\/CBMirwFBVV95cUxNNU9BNFpYTHlsaEY2Ql9OU1didkREWnlEd2hnNWRqV05NdVU4X3AwcTVVRk5mNmFxX1dad2NpQUdNM2gxd1ZvU0xpQTQzTVZWT3JIZHozRlpjVU12Wmp2clJsSFNwRnRUek1UUDJZT2RtemVFR3VaUmZPRjg4Wl9jNlJib2cyUkN3TlJocW9PaXdZMkltbHlKc1V4aF85V2N3dUw5d05sSFJ2Nk4tRklB?oc=5\" target=\"_blank\" rel=\"nofollow noopener\">Nie jeden, a trzy medale dla Polski. Wielki dzie\u0144 Polak\u00f3w w Inzell tu\u017c przed igrzyskami<\/a>&nbsp;&nbsp;Sport w INTERIA.PL<\/li>\n<li><a href=\"https:\/\/news.google.com\/rss\/articles\/CBMiywFBVV95cUxPcUdvZ1Z4V0tBRWZSaFRYZ2FOei1NWjBGOEtxUmJFa2RYZGpTcUJ2WmU5bmxlZHJJUFl1aEVqaWt6a2JDaDladFRrVVV3VXlwMEpBNzRNLXcycmctT1JSaDU1c01JeEwwTlc3cXBJMnlRT2tRX0Vjd1NpaU5xNVNkZ2ktTmMyTUpmYUZfZTZhb1ZTQ2k5RjZRcV9zX05lUGFEd05hWF9aSFdoTDlJN3dtVkNWOEZGbUpoTEZxYzRjaE1XVWNiRkY5dU1oRQ?oc=5\" target=\"_blank\" rel=\"nofollow noopener\">Polak pokona\u0142 dominatora! Dwa z\u0142ota tu\u017c przed IO. I kolejny rekord<\/a>&nbsp;&nbsp;Przegl\u0105d Sportowy Onet<\/li>\n<li><a href=\"https:\/\/news.google.com\/rss\/articles\/CBMimAJBVV95cUxPVnhSWDUtOEc3Vi1GcVh1MFBsWkJKU1MzWGV5R0NUcWtudVM4OFlxeGhTNUZ5cXhydW9BckNxeUI1S1lrQmVhSzR4Tm5jVFJUTkx1ckVDZlBrb1FyM0tKMUFYcGstdmtwME5ELXh4eEM3M1N0MTNtV2dIc0pTR0dHVFlOWFREVktLR05aWXVpZlNMWGloUTJuc3o4NXZTd3NXLUthN05JY1BVa0dCa2tKT2hJSE1hZy02UXBRdVNjcTQ1QUJva2JoaTZIYWZIaTVTRlVoeS1hbHAzYkhWazVoeUIyWm43cVgwbjFaWE14b3pwOFFBUUhGd3JHTVBEeE9pUEctRWFmc3ptS20tVDJEMzJweFY1YjVX?oc=5\" target=\"_blank\" rel=\"nofollow noopener\">Kosmiczny czas \u017burka. Ustanowi\u0142 rekord niemieckiego toru<\/a>&nbsp;&nbsp;Eurosport Polska<\/li>\n<li><a href=\"https:\/\/news.google.com\/rss\/articles\/CBMiuAFBVV95cUxPN3I4NEd6Y2tBZ3lHWUVGc2tibWhrcXNCZldySVhtVm5OTFRSQkdGZVZqSUJxQ2tLUWZGZVhzVVV2R3JqaXJiN0tQYVF5ajA4WWF1NE1CMWJNWlZmOHQ1V1lTb1F6d3RGcE1PV1BKN2tLMi1ubDBwT25VSzNVMElEcDJKeENLSkVjdVNabnBxVC1FdE5ybEw4TG55MTZFYTFQM20xeENIN29tdG10ZEY2Qy1wUUw2akVF?oc=5\" target=\"_blank\" rel=\"nofollow noopener\">Kaja Ziomek-Nogal i Damian \u017burek deklasuj\u0105. Z\u0142ote medale i rekord toru!<\/a>&nbsp;&nbsp;Polskie Radio 24<\/li>\n<\/ol>\n","protected":false},"excerpt":{"rendered":"Co za wyst\u0119p Polaka. Z\u0142oto i rekord!&nbsp;&nbsp;SportoweFakty Nie jeden, a trzy medale dla Polski. Wielki dzie\u0144 Polak\u00f3w w&hellip;\n","protected":false},"author":2,"featured_media":224892,"comment_status":"","ping_status":"","sticky":false,"template":"","format":"standard","meta":{"footnotes":""},"categories":[24],"tags":[23074,41584,39796,446,18256,30486,42,38,40,39,41,127,126,447],"class_list":{"0":"post-224891","1":"post","2":"type-post","3":"status-publish","4":"format-standard","5":"has-post-thumbnail","7":"category-sport","8":"tag-damian-zurek","9":"tag-jordan-stolz","10":"tag-kaja-ziomek","11":"tag-lyzwiarstwo","12":"tag-lyzwiarstwo-szybkie","13":"tag-marek-kania","14":"tag-pl","15":"tag-poland","16":"tag-polish","17":"tag-polska","18":"tag-polski","19":"tag-sport","20":"tag-sports","21":"tag-sporty-zimowe"},"share_on_mastodon":{"url":"https:\/\/pubeurope.com\/@pl\/115957660571067500","error":""},"_links":{"self":[{"href":"https:\/\/www.europesays.com\/pl\/wp-json\/wp\/v2\/posts\/224891","targetHints":{"allow":["GET"]}}],"collection":[{"href":"https:\/\/www.europesays.com\/pl\/wp-json\/wp\/v2\/posts"}],"about":[{"href":"https:\/\/www.europesays.com\/pl\/wp-json\/wp\/v2\/types\/post"}],"author":[{"embeddable":true,"href":"https:\/\/www.europesays.com\/pl\/wp-json\/wp\/v2\/users\/2"}],"replies":[{"embeddable":true,"href":"https:\/\/www.europesays.com\/pl\/wp-json\/wp\/v2\/comments?post=224891"}],"version-history":[{"count":0,"href":"https:\/\/www.europesays.com\/pl\/wp-json\/wp\/v2\/posts\/224891\/revisions"}],"wp:featuredmedia":[{"embeddable":true,"href":"https:\/\/www.europesays.com\/pl\/wp-json\/wp\/v2\/media\/224892"}],"wp:attachment":[{"href":"https:\/\/www.europesays.com\/pl\/wp-json\/wp\/v2\/media?parent=224891"}],"wp:term":[{"taxonomy":"category","embeddable":true,"href":"https:\/\/www.europesays.com\/pl\/wp-json\/wp\/v2\/categories?post=224891"},{"taxonomy":"post_tag","embeddable":true,"href":"https:\/\/www.europesays.com\/pl\/wp-json\/wp\/v2\/tags?post=224891"}],"curies":[{"name":"wp","href":"https:\/\/api.w.org\/{rel}","templated":true}]}}