{"id":224954,"date":"2026-01-25T21:18:07","date_gmt":"2026-01-25T21:18:07","guid":{"rendered":"https:\/\/www.europesays.com\/pl\/224954\/"},"modified":"2026-01-25T21:18:07","modified_gmt":"2026-01-25T21:18:07","slug":"to-z-nia-zagra-swiatek-o-cwiercfinal-australian-open-niedawno-sie-zareczyla","status":"publish","type":"post","link":"https:\/\/www.europesays.com\/pl\/224954\/","title":{"rendered":"To z ni\u0105 zagra \u015awi\u0105tek o \u0107wier\u0107fina\u0142 Australian Open. Niedawno si\u0119 zar\u0119czy\u0142a"},"content":{"rendered":"\n<p class=\"contentpart contentpart--default contentpart--text\" data-position=\"0\">Ostatnie tygodnie to prawdziwe szale\u0144stwo w \u017cyciu\u00a0<a href=\"https:\/\/sportowefakty.wp.pl\/tenis\/maddison-inglis\" rel=\"nofollow noopener\" target=\"_blank\">Maddison Inglis<\/a>. 28-letnia tenisistka nigdy wcze\u015bniej nie gra\u0142a w drugim tygodniu zmaga\u0144 Wielkiego Szlema. W Melbourne przesz\u0142a niewiarygodn\u0105 drog\u0119, ale dzi\u0119ki walce i uporowi, a tak\u017ce odrobinie szcz\u0119\u015bcia, osi\u0105gn\u0119\u0142a IV rund\u0119 Australian Open 2026.<\/p>\n<p>16 godzin i 12 minut na korcie<\/p>\n<p>  <img decoding=\"async\" src=\"https:\/\/v.wpimg.pl\/X3dwLnN2d1IFFTpdYUl6R0ZNbgcnEHQREVV2TGEGbUtRT2MdOlZ2RBQUKABgQjQcDRotCStBd1IAAWMeIlM7VgwYIAorQAdEFFk_GCkQJQ\" alt=\"\" width=\"45\" height=\"58\" loading=\"lazy\"\/>  <\/p>\n<p class=\"contentpart contentpart--default contentpart--text\" data-position=\"2\">Ta przygoda mog\u0142a si\u0119 zako\u0144czy\u0107&#8230; ju\u017c na samym pocz\u0105tku. W I rundzie eliminacji Inglis przegrywa\u0142a z\u00a0<a href=\"https:\/\/sportowefakty.wp.pl\/tenis\/leyre-romero-gormaz\" rel=\"nofollow noopener\" target=\"_blank\">Leyre Romero Gormaz<\/a>, ale obroni\u0142a dwa meczbole w drugim secie. Potem odwr\u00f3ci\u0142a losy pojedynku i wygra\u0142a 4:6, 7:6(4), 6:2. W drugiej fazie kwalifikacji zwyci\u0119\u017cy\u0142a Amerykank\u0119\u00a0<a href=\"https:\/\/sportowefakty.wp.pl\/tenis\/claire-liu\" rel=\"nofollow noopener\" target=\"_blank\">Claire Liu<\/a>\u00a07:6(6), 2:6, 6:4. Potem pokona\u0142a tak\u017ce Niemk\u0119\u00a0<a href=\"https:\/\/sportowefakty.wp.pl\/tenis\/tamara-korpatsch\" rel=\"nofollow noopener\" target=\"_blank\">Tamar\u0119 Korpatsch<\/a>\u00a06:4, 6:4 i dosta\u0142a si\u0119 do g\u0142\u00f3wnej drabinki turnieju w Melbourne.<\/p>\n<p class=\"contentpart contentpart--default contentpart--text\" data-position=\"3\">ZOBACZ WIDEO: By\u0142y niemiecki pi\u0142karz zn\u00f3w to zrobi\u0142. Tak wybra\u0142 si\u0119 w g\u00f3ry<\/p>\n<p class=\"contentpart contentpart--default contentpart--text\" data-position=\"5\">Szalona przygoda na tym si\u0119 nie sko\u0144czy\u0142a. Inglis wylosowa\u0142a w I rundzie wy\u017cej notowan\u0105 rodaczk\u0119\u00a0<a href=\"https:\/\/sportowefakty.wp.pl\/tenis\/kimberly-birrell\" rel=\"nofollow noopener\" target=\"_blank\">Kimberly Birrell<\/a>. Nie by\u0142a faworytk\u0105, ale po trzysetowym boju zwyci\u0119\u017cy\u0142a 7:6(6), 6:7(9), 6:4. Dwa dni p\u00f3\u017aniej wysz\u0142a do pojedynku z\u00a0<a href=\"https:\/\/sportowefakty.wp.pl\/tenis\/laura-siegemund\" rel=\"nofollow noopener\" target=\"_blank\">Laur\u0105 Siegemund<\/a>\u00a0i zn\u00f3w pokaza\u0142a waleczne serce. Wygra\u0142a z do\u015bwiadczon\u0105 Niemk\u0105 6:4, 6:7(3), 7:6(7). Tym sposobem zakwalifikowa\u0142a si\u0119 do III rundy Australian Open 2026.<\/p>\n<p class=\"contentpart contentpart--default contentpart--text\" data-position=\"6\">Inglis gra\u0142a tak\u017ce w deblu i mik\u015bcie. To sprawi\u0142o, \u017ce uzbiera\u0142o si\u0119 jej na korcie a\u017c 16 godzin i 12 minut. Mia\u0142a wi\u0119c prawo by\u0107 potwornie zm\u0119czona przed zbli\u017caj\u0105cym si\u0119 pojedynkiem z <a href=\"https:\/\/sportowefakty.wp.pl\/tenis\/naomi-osaka\" rel=\"nofollow noopener\" target=\"_blank\">Naomi Osak\u0105<\/a>. Tymczasem na kortach Melbourne Park gruchn\u0119\u0142a zaskakuj\u0105ca wiadomo\u015b\u0107, \u017ce Japonka wycofa\u0142a si\u0119 z powodu kontuzji mi\u0119\u015bni brzucha.<\/p>\n<p>  <img decoding=\"async\" src=\"https:\/\/v.wpimg.pl\/X3dwLnN2d1IFFTpdYUl6R0ZNbgcnEHQREVV2TGEGbUtRT2MdOlZ2RBQUKABgQjQcDRotCStBd1IAAWMeIlM7VgwYIAorQAdEFFk_GCkQJQ\" alt=\"\" width=\"45\" height=\"58\" loading=\"lazy\"\/>  <\/p>\n<p>By\u0142a w wielkim szoku<\/p>\n<p class=\"contentpart contentpart--default contentpart--text\" data-position=\"8\">&#8211; To dla niej bardzo pechowe. Wci\u0105\u017c jestem w szoku, powoli to do mnie  dociera, ale mam nadziej\u0119, \u017ce wszystko u niej b\u0119dzie w porz\u0105dku i szybko  wr\u00f3ci do zdrowia &#8211; powiedzia\u0142a Australijka, cytowana przez 7News.<\/p>\n<p class=\"contentpart contentpart--default contentpart--text\" data-position=\"9\">Awans do IV rundy zawod\u00f3w Wielkiego Szlema oznacza dla niej wiele korzy\u015bci. Dziwi\u0107 zatem nie powinno, \u017ce Inglis okre\u015bli\u0142a ten sukces jako &#8222;najwi\u0119ksz\u0105 zmian\u0119 w \u017cyciu&#8221;. &#8211; Punkty, pieni\u0105dze, do\u015bwiadczenie, kibice, korty, na kt\u00f3rych mog\u0119 gra\u0107 &#8211;\u00a0 to wszystko jest, szczerze m\u00f3wi\u0105c, niewiarygodne, jak spe\u0142nienie marze\u0144 &#8211; wyzna\u0142a tenisistka.<\/p>\n<p class=\"contentpart contentpart--default contentpart--text\" data-position=\"10\">A Je\u015bli chodzi o ranking, to w aktualizowanym na \u017cywo zestawieniu Inglis plasuje si\u0119 na 113. miejscu. To oznacza, \u017ce powr\u00f3ci\u0142a do stanu sprzed sze\u015bciu lat, gdy osi\u0105gn\u0119\u0142a najwy\u017csz\u0105 w karierze 112. pozycj\u0119.<\/p>\n<p>  <img decoding=\"async\" src=\"https:\/\/v.wpimg.pl\/X3dwLnN2d1IFFTpdYUl6R0ZNbgcnEHQREVV2TGEGbUtRT2MdOlZ2RBQUKABgQjQcDRotCStBd1IAAWMeIlM7VgwYIAorQAdEFFk_GCkQJQ\" alt=\"\" width=\"45\" height=\"58\" loading=\"lazy\"\/>  <\/p>\n<p class=\"contentpart contentpart--default contentpart--text\" data-position=\"11\">&#8211; Spokojnie mog\u0142am odpa\u015b\u0107 st\u0105d ju\u017c 10 dni temu, tenis potrafi by\u0107  naprawd\u0119 szalony, ale w\u0142a\u015bnie dlatego jest tak ekscytuj\u0105cy. To  niesamowite, wci\u0105\u017c trudno mi uwierzy\u0107, \u017ce to si\u0119 dzieje &#8211; skomentowa\u0142a.<\/p>\n<p>Ma wsparcie ukochanego<\/p>\n<p class=\"contentpart contentpart--default contentpart--text\" data-position=\"13\">Inglis dozna\u0142a r\u00f3wnie\u017c w ostatnim czasie wielkiego szcz\u0119\u015bcia w \u017cyciu prywatnym. W grudniu przyj\u0119\u0142a o\u015bwiadczyny swojego ukochanego\u00a0<a href=\"https:\/\/sportowefakty.wp.pl\/tenis\/jason-kubler\" rel=\"nofollow noopener\" target=\"_blank\">Jasona Kublera<\/a>. Australijki tenisista, z kt\u00f3rym wsp\u00f3lnie zagra\u0142a w mik\u015bcie, poprosi\u0142 j\u0105 o r\u0119k\u0119 na wyj\u0105tkowej wyspie Rottnest (wyst\u0119puje tutaj m.in. kuoka kr\u00f3tkoogonowa), po\u0142o\u017conej niedaleko Perth, rodzinnego miasta zawodniczki.<\/p>\n<p class=\"contentpart contentpart--default contentpart--text\" data-position=\"14\">&#8222;Nasz pierwszy pobyt na 'Rotto&#8217; by\u0142 wyj\u0105tkowy&#8221; &#8211; napisa\u0142a Inglis na Instagramie. Zamie\u015bci\u0142a tam kilka wsp\u00f3lnych zdj\u0119\u0107 z Kublerem, na kt\u00f3rych wida\u0107 pier\u015bcionek zar\u0119czynowy.<\/p>\n<p>  <img decoding=\"async\" src=\"https:\/\/v.wpimg.pl\/X3dwLnN2d1IFFTpdYUl6R0ZNbgcnEHQREVV2TGEGbUtRT2MdOlZ2RBQUKABgQjQcDRotCStBd1IAAWMeIlM7VgwYIAorQAdEFFk_GCkQJQ\" alt=\"\" width=\"45\" height=\"58\" loading=\"lazy\"\/>       <\/p>\n<p class=\"contentpart contentpart--default contentpart--text\" data-position=\"16\">Organizatorzy Australian Open pokazali zreszt\u0105 pi\u0119kn\u0105 scen\u0119, kt\u00f3ra mia\u0142a miejsce po finale kwalifikacji. Inglis spotka\u0142a Kublera na kortach, a gdy ten o\u015bwiadczy\u0142 jej, \u017ce on r\u00f3wnie\u017c wygra\u0142 sw\u00f3j mecz, oboje padli sobie w obj\u0119cia. Oboje awansowali do g\u0142\u00f3wnej drabinki zawod\u00f3w w Melbourne, ale sukces w singlu odnios\u0142a tylko &#8222;Maddy&#8221;. Jason odpad\u0142 w I rundzie po pora\u017cce z Francesem Tiafoe&#8217;em.<\/p>\n<p>Chce postawi\u0107 si\u0119 \u015awi\u0105tek<\/p>\n<p class=\"contentpart contentpart--default contentpart--text\" data-position=\"18\">Przed Inglis najwa\u017cniejszy mecz w tenisowej karierze. W poniedzia\u0142ek, w sesji wieczornej na Rod Laver Arena (pocz\u0105tek o godz. 9:00), zagra z\u00a0<a href=\"https:\/\/sportowefakty.wp.pl\/tenis\/iga-swiatek\" rel=\"nofollow noopener\" target=\"_blank\">Ig\u0105 \u015awi\u0105tek<\/a>\u00a0o \u0107wier\u0107fina\u0142 Australian Open 2026. Pi\u0119\u0107 lat temu obie zmierzy\u0142y si\u0119 w II rundzie imprezy WTA 500 w Adelajdzie, gdzie Polka zwyci\u0119\u017cy\u0142a 6:1, 6:3. By\u0142y to zawody, kt\u00f3re potem nasza reprezentantka wygra\u0142a.<\/p>\n<p>  <img decoding=\"async\" src=\"https:\/\/v.wpimg.pl\/X3dwLnN2d1IFFTpdYUl6R0ZNbgcnEHQREVV2TGEGbUtRT2MdOlZ2RBQUKABgQjQcDRotCStBd1IAAWMeIlM7VgwYIAorQAdEFFk_GCkQJQ\" alt=\"\" width=\"45\" height=\"58\" loading=\"lazy\"\/>  <\/p>\n<p class=\"contentpart contentpart--default contentpart--text\" data-position=\"19\">&#8211; W niedziel\u0119 wyjd\u0119 na kort, odb\u0119d\u0119 solidny trening i zrobi\u0119 wszystko, co w mojej mocy, \u017ceby postawi\u0107 si\u0119 Idze w poniedzia\u0142ek. To b\u0119dzie naprawd\u0119 \u015bwietna zabawa &#8211; zapowiedzia\u0142a Australijka. Je\u015bli sprawi sensacj\u0119 i pokona \u015awi\u0105tek, to spe\u0142ni kolejne wielkie marzenie, o awansie do Top 100 \u015bwiatowej klasyfikacji.<\/p>\n<p class=\"contentpart contentpart--default contentpart--text\" data-position=\"20\">Transmisje z wielkoszlemowego Australian Open 2026 s\u0105 dost\u0119pne w Eurosporcie oraz HBO Max i Playerze. <a href=\"https:\/\/sportowefakty.wp.pl\/tenis\/relacja-na-zywo\/176396\/maddison-inglis-iga-swiatek-live\" rel=\"nofollow noopener\" target=\"_blank\">Relacja tekstowa na \u017cywo z meczu \u015awi\u0105tek &#8211; Inglis na portalu WP SportoweFakty<\/a>.<\/p>\n","protected":false},"excerpt":{"rendered":"Ostatnie tygodnie to prawdziwe szale\u0144stwo w \u017cyciu\u00a0Maddison Inglis. 28-letnia tenisistka nigdy wcze\u015bniej nie gra\u0142a w drugim tygodniu zmaga\u0144&hellip;\n","protected":false},"author":2,"featured_media":224955,"comment_status":"","ping_status":"","sticky":false,"template":"","format":"standard","meta":{"footnotes":""},"categories":[24],"tags":[995,31706,158,14105,41295,31705,42,38,40,39,41,755,127,126,156,37628,157],"class_list":{"0":"post-224954","1":"post","2":"type-post","3":"status-publish","4":"format-standard","5":"has-post-thumbnail","7":"category-sport","8":"tag-australia","9":"tag-australian-open","10":"tag-iga-swiatek","11":"tag-itf","12":"tag-maddison-inglis","13":"tag-melbourne","14":"tag-pl","15":"tag-poland","16":"tag-polish","17":"tag-polska","18":"tag-polski","19":"tag-polski-tenis","20":"tag-sport","21":"tag-sports","22":"tag-tenis","23":"tag-wielki-szlem","24":"tag-wta"},"share_on_mastodon":{"url":"https:\/\/pubeurope.com\/@pl\/115957825943645313","error":""},"_links":{"self":[{"href":"https:\/\/www.europesays.com\/pl\/wp-json\/wp\/v2\/posts\/224954","targetHints":{"allow":["GET"]}}],"collection":[{"href":"https:\/\/www.europesays.com\/pl\/wp-json\/wp\/v2\/posts"}],"about":[{"href":"https:\/\/www.europesays.com\/pl\/wp-json\/wp\/v2\/types\/post"}],"author":[{"embeddable":true,"href":"https:\/\/www.europesays.com\/pl\/wp-json\/wp\/v2\/users\/2"}],"replies":[{"embeddable":true,"href":"https:\/\/www.europesays.com\/pl\/wp-json\/wp\/v2\/comments?post=224954"}],"version-history":[{"count":0,"href":"https:\/\/www.europesays.com\/pl\/wp-json\/wp\/v2\/posts\/224954\/revisions"}],"wp:featuredmedia":[{"embeddable":true,"href":"https:\/\/www.europesays.com\/pl\/wp-json\/wp\/v2\/media\/224955"}],"wp:attachment":[{"href":"https:\/\/www.europesays.com\/pl\/wp-json\/wp\/v2\/media?parent=224954"}],"wp:term":[{"taxonomy":"category","embeddable":true,"href":"https:\/\/www.europesays.com\/pl\/wp-json\/wp\/v2\/categories?post=224954"},{"taxonomy":"post_tag","embeddable":true,"href":"https:\/\/www.europesays.com\/pl\/wp-json\/wp\/v2\/tags?post=224954"}],"curies":[{"name":"wp","href":"https:\/\/api.w.org\/{rel}","templated":true}]}}