{"id":225180,"date":"2026-01-26T00:04:08","date_gmt":"2026-01-26T00:04:08","guid":{"rendered":"https:\/\/www.europesays.com\/pl\/225180\/"},"modified":"2026-01-26T00:04:08","modified_gmt":"2026-01-26T00:04:08","slug":"tragedia-w-rudolowicach-36-latek-zamarzl-w-sniegu-w-poblizu-swojego-domu","status":"publish","type":"post","link":"https:\/\/www.europesays.com\/pl\/225180\/","title":{"rendered":"Tragedia w Rudo\u0142owicach. 36-latek zamarz\u0142 w \u015bniegu w pobli\u017cu swojego domu"},"content":{"rendered":"<p>M\u0119\u017cczyzna w Anglii dostrzeg\u0142 cia\u0142o w \u015bniegu<\/p>\n<p class=\"art_paragraph\">TVP3 Rzesz\u00f3w poinformowa\u0142o w sobot\u0119 o \u015bmierci 36-latka z powiatu jaros\u0142awskiego. M\u0119\u017cczyzna zosta\u0142 znaleziony w pi\u0105tek przed godzin\u0105 22 w\u00a0Rudo\u0142owicach na jednej z prywatnych posesji. &#8222;Fakt&#8221; ustali\u0142, \u017ce cia\u0142o zmar\u0142ego zobaczy\u0142 Polak na co dzie\u0144 mieszkaj\u0105cy w Anglii, kt\u00f3ry ma zdalny dost\u0119p do kamer monitoringu zamontowanych przy rodzinnym domu. M\u0119\u017cczyzna zadzwoni\u0142 do mieszkaj\u0105cej w Polsce rodziny, a ta\u00a0powiadomi\u0142a s\u0142u\u017cby. Niestety \u017cycia m\u0119\u017cczyzny nie uda\u0142o si\u0119 uratowa\u0107. Wed\u0142ug wst\u0119pnych ustale\u0144 36-latek zmar\u0142 wskutek wych\u0142odzenia organizmu.<\/p>\n<p>36-latek zamarz\u0142 w pobli\u017cu domu<\/p>\n<p class=\"art_paragraph\">Zmar\u0142y to 36-letni Grzegorz, kt\u00f3ry na co dzie\u0144 mieszka\u0142 w\u00a0Rudo\u0142owicach z matk\u0105. Kobieta tego wieczora przebywa\u0142a jednak u swojej c\u00f3rki, a m\u0119\u017cczyzna by\u0142 sam. Dok\u0142adne okoliczno\u015bci jego \u015bmierci nie s\u0105 na razie znane, policja wykluczy\u0142a jednak udzia\u0142 os\u00f3b trzecich. M\u0119\u017cczyzna upad\u0142 w \u015bnieg w pobli\u017cu swojego domu, jednak nie zwr\u00f3ci\u0142 niczyjej uwagi przez wiele godzin.<\/p>\n<p>        Zobacz wideo<\/p>\n<p>            Bitwa o Grenlandi\u0119 [CTB od. 80]\n    <\/p>\n<p>To kolejna \u015bmier\u0107 z wych\u0142odzenia<\/p>\n<p class=\"art_paragraph\">Podkarpacka policja przypomina,\u00a0\u017ce w okresie zimowym ka\u017cdy sygna\u0142 dotycz\u0105cy os\u00f3b samotnych, starszych lub mog\u0105cych potrzebowa\u0107 wsparcia jest bardzo wa\u017cny. &#8222;Wystarczy jeden telefon, aby zapobiec tragedii&#8221; &#8211; podkre\u015blaj\u0105 s\u0142u\u017cby. Nowiny24 zwracaj\u0105 natomiast uwag\u0119, \u017ce 36-latek jest ju\u017c kolejn\u0105 ofiar\u0105 wych\u0142odzenia na Podkarpaciu w ostatnim czasie. 12 stycznia w miejscowo\u015bci Olimp\u00f3w znaleziono 62-letniego m\u0119\u017cczyzn\u0119, a 13 stycznia w Harklowej w nieogrzewanym domu znaleziono dw\u00f3ch braci. \u017bycia starszego, 61-latka, nie uda\u0142o si\u0119 uratowa\u0107, natomiast jego m\u0142odszy brat trafi\u0142 w stanie ci\u0119\u017ckiego wych\u0142odzenia do szpitala.\u00a0<\/p>\n<p class=\"art_paragraph\">Przeczytaj tak\u017ce: &#8222;<a href=\"https:\/\/wiadomosci.gazeta.pl\/polityka\/7,198012,32553881,trump-uwaza-donalda-tuska-za-wielkiego-lidera-zaskakujacy.html\" class=\"art_link\" rel=\"dofollow noopener\" target=\"_blank\">Trump uwa\u017ca Donalda Tuska za\u00a0'wielkiego lidera&#8217;? Zaskakuj\u0105cy wpis ambasadora USA w Polsce<\/a>&#8222;.<\/p>\n<p>\u0179r\u00f3d\u0142a: TVP3 Rzesz\u00f3w, Nowiny24, Policja Podkarpacka<\/p>\n","protected":false},"excerpt":{"rendered":"M\u0119\u017cczyzna w Anglii dostrzeg\u0142 cia\u0142o w \u015bniegu TVP3 Rzesz\u00f3w poinformowa\u0142o w sobot\u0119 o \u015bmierci 36-latka z powiatu jaros\u0142awskiego.&hellip;\n","protected":false},"author":2,"featured_media":225181,"comment_status":"","ping_status":"","sticky":false,"template":"","format":"standard","meta":{"footnotes":""},"categories":[12],"tags":[32,33,36,37,27,34,35,28,31,25,42,38,40,39,41,29,30,26],"class_list":{"0":"post-225180","1":"post","2":"type-post","3":"status-publish","4":"format-standard","5":"has-post-thumbnail","7":"category-polska","8":"tag-breaking-news","9":"tag-breakingnews","10":"tag-featured-news","11":"tag-featurednews","12":"tag-headlines","13":"tag-latest-news","14":"tag-latestnews","15":"tag-naglowki","16":"tag-najwazniejsze-artykuly","17":"tag-news","18":"tag-pl","19":"tag-poland","20":"tag-polish","21":"tag-polska","22":"tag-polski","23":"tag-top-stories","24":"tag-topstories","25":"tag-wiadomosci"},"share_on_mastodon":{"url":"https:\/\/pubeurope.com\/@pl\/115958478635733980","error":""},"_links":{"self":[{"href":"https:\/\/www.europesays.com\/pl\/wp-json\/wp\/v2\/posts\/225180","targetHints":{"allow":["GET"]}}],"collection":[{"href":"https:\/\/www.europesays.com\/pl\/wp-json\/wp\/v2\/posts"}],"about":[{"href":"https:\/\/www.europesays.com\/pl\/wp-json\/wp\/v2\/types\/post"}],"author":[{"embeddable":true,"href":"https:\/\/www.europesays.com\/pl\/wp-json\/wp\/v2\/users\/2"}],"replies":[{"embeddable":true,"href":"https:\/\/www.europesays.com\/pl\/wp-json\/wp\/v2\/comments?post=225180"}],"version-history":[{"count":0,"href":"https:\/\/www.europesays.com\/pl\/wp-json\/wp\/v2\/posts\/225180\/revisions"}],"wp:featuredmedia":[{"embeddable":true,"href":"https:\/\/www.europesays.com\/pl\/wp-json\/wp\/v2\/media\/225181"}],"wp:attachment":[{"href":"https:\/\/www.europesays.com\/pl\/wp-json\/wp\/v2\/media?parent=225180"}],"wp:term":[{"taxonomy":"category","embeddable":true,"href":"https:\/\/www.europesays.com\/pl\/wp-json\/wp\/v2\/categories?post=225180"},{"taxonomy":"post_tag","embeddable":true,"href":"https:\/\/www.europesays.com\/pl\/wp-json\/wp\/v2\/tags?post=225180"}],"curies":[{"name":"wp","href":"https:\/\/api.w.org\/{rel}","templated":true}]}}