{"id":225284,"date":"2026-01-26T05:29:07","date_gmt":"2026-01-26T05:29:07","guid":{"rendered":"https:\/\/www.europesays.com\/pl\/225284\/"},"modified":"2026-01-26T05:29:07","modified_gmt":"2026-01-26T05:29:07","slug":"robert-lewandowski-najgorszy-w-barcelonie-podpisuje-wyrok-wyjscie-jest-jedno","status":"publish","type":"post","link":"https:\/\/www.europesays.com\/pl\/225284\/","title":{"rendered":"Robert Lewandowski najgorszy w Barcelonie. Podpisuje wyrok. Wyj\u015bcie jest jedno"},"content":{"rendered":"<p class=\"Paragraph_desktopParagraph__Fd2e9\">Po wprost tragicznym wyst\u0119pie ze Slavi\u0105 w Pradze tym razem Lewandowskiemu przytrafi\u0142 si\u0119 wyst\u0119p troch\u0119 lepszy. Co wci\u0105\u017c nie jest zbytni\u0105 pochwa\u0142\u0105. Mo\u017ce tym razem a\u017c tak nie razi\u0142 brakami w operowaniu pi\u0142k\u0105, ale za to notorycznie dawa\u0142 si\u0119 wyprzedza\u0107 rywalom.<\/p>\n<p class=\"Paragraph_desktopParagraph__Fd2e9\">To by\u0142 wsp\u00f3lny mianownik wielu sytuacji z jego udzia\u0142em. Po podaniach koleg\u00f3w jak spod ziemi wyrasta\u0142 jeden z David\u00f3w (Costas lub Carmo) i pierwsi dopadali do pi\u0142ki. A gdy Lewandowski w ko\u0144cu zdo\u0142a\u0142 oswobodzi\u0107 si\u0119 spod opieki obro\u0144c\u00f3w, nie by\u0142 w stanie trafi\u0107 w bramk\u0119. Tak jak w 44. minucie po do\u015brodkowaniu Erica Garcii. W tej sytuacji i tak by\u0142 spalony, nawet je\u015bli minimalny.<\/p>\n<p class=\"Paragraph_desktopParagraph__Fd2e9\">Mia\u0142y te\u017c miejsce niedok\u0142adne podania koleg\u00f3w, co przy og\u00f3lnej indolencji strzeleckiej sprawia\u0142o, \u017ce do przerwy Barcelona zaskakuj\u0105co remisowa\u0142a bezbramkowo z zajmuj\u0105cym ostatnie miejsce w tabeli Realem Oviedo. Jeszcze wi\u0119ksz\u0105 sensacj\u0105 by\u0142o to, \u017ce go\u015bcie mieli na koncie wi\u0119cej strza\u0142\u00f3w, w tym celnych.<\/p>\n<p class=\"Paragraph_desktopParagraph__Fd2e9\">Obraz gry w wykonaniu Lewandowskiego nie zmieni\u0142 si\u0119 zbytnio po zmianie stron. Nie min\u0119\u0142y dwie minuty drugiej po\u0142owy, a Polaka uprzedzi\u0142 Costas, a w kolejnej akcji Sibo. A gdy po chwili zupe\u0142nie niepilnowany wyskoczy\u0142 do do\u015brodkowania Raphinhi, nie zdo\u0142a\u0142 dobrze uderzy\u0107 pi\u0142ki g\u0142ow\u0105.<\/p>\n<p class=\"Paragraph_desktopParagraph__Fd2e9\">P\u00f3\u017aniej mia\u0142 jeszcze dwie okazje. Z Costasem u boku uderzy\u0142 g\u0142ow\u0105 prosto w bramkarza. Podobnie wyko\u0144czy\u0142 ostatni\u0105 akcj\u0119 w meczu. A wydawa\u0142o si\u0119, \u017ce po zagraniu Roony&#8217;ego Bardghjiego dope\u0142ni formalno\u015bci w sytuacji sam na sam z Aaronem Escandellem.<\/p>\n<p>Oto recepta na pozostanie Lewandowskiego na Camp Nou<\/p>\n<p class=\"Paragraph_desktopParagraph__Fd2e9\">Na swoj\u0105 obron\u0119 Lewandowski ma na pewno fakt, \u017ce i inni ofensywni pi\u0142karze Barcelony mieli w tym meczu k\u0142opoty. Tyle \u017ce ostatecznie ka\u017cdy z nich po przerwie nie tylko strzeli\u0142 po golu, ale na dodatek Yamal i Olmo wznie\u015bli si\u0119 na wy\u017cszy poziom.<\/p>\n<p class=\"Paragraph_desktopParagraph__Fd2e9\">Raphinha nie by\u0142 w tym meczu a\u017c tak eksplozywny, ale na jego szcz\u0119\u015bcie Hansi Flick \u015bci\u0105gn\u0105\u0142 go nied\u0142ugo po tym, jak trafi\u0142 do siatki. Na nieszcz\u0119\u015bcie Lewandowskiego nie mia\u0142 za bardzo kogo za niego wprowadzi\u0107. I z ka\u017cd\u0105 minut\u0105 Polak by\u0142 coraz mniej aktywny. A po 73. minucie, gdy Yamal ustali\u0142 wynik spotkania, tempo gry ju\u017c ca\u0142kiem siad\u0142o.<\/p>\n<p class=\"Paragraph_desktopParagraph__Fd2e9\">Lewandowski jest jednak w takim po\u0142o\u017ceniu, \u017ce nie powinien szuka\u0107 wym\u00f3wek dla swojej nie najlepszej gry, tylko uwypukla\u0107 cechy, kt\u00f3re mog\u0105 przemawia\u0107 za pozostawieniem go na Camp Nou. \u0141atwiej to robi\u0107, gdy wchodzi si\u0119 w ko\u0144c\u00f3wkach spotka\u0144, a nie haruje od pocz\u0105tku z twardo graj\u0105cymi rywalami.<\/p>\n<p class=\"Paragraph_desktopParagraph__Fd2e9\">FC Barcelona \u2014 Real Oviedo 3:0. Skr\u00f3t meczu:<\/p>\n<p class=\"Paragraph_desktopParagraph__Fd2e9\">Nikt ju\u017c chyba nie ma z\u0142udze\u0144, \u017ce je\u015bli Lewandowski ma przysz\u0142o\u015b\u0107 w Barcelonie, to jako rezerwowy. Bo je\u015bli ju\u017c na tym etapie sezonu odstaje fizycznie, i to po rozegraniu 43 proc. mo\u017cliwych minut, trudno oczekiwa\u0107, \u017ce w kolejnych rozgrywkach b\u0119dzie pod tym wzgl\u0119dem lepiej.<\/p>\n<p>Powr\u00f3t rywala wybawieniem<\/p>\n<p class=\"Paragraph_desktopParagraph__Fd2e9\">Nie b\u0119dzie \u017cadn\u0105 przesad\u0105 stwierdzenie, \u017ce Polak nie wykorzysta\u0142 k\u0142opot\u00f3w zdrowotnych rywala do miejsca w sk\u0142adzie. Nawet je\u015bli to Ferran Torres jest pierwszym napastnikiem, Lewandowski nie wywar\u0142 na nim wi\u0119kszej presji.<\/p>\n<p class=\"Paragraph_desktopParagraph__Fd2e9\">Paradoks polega jednak na tym, \u017ce powr\u00f3t Hiszpana do gry to dla Polaka wr\u0119cz zbawienna informacja. W ostatnim czasie i tak si\u0119 zaharowywa\u0142, a skoro nie przynosi\u0142o to oczekiwanych rezultat\u00f3w, niech pom\u0119cz\u0105 si\u0119 teraz inni.<\/p>\n<p class=\"Paragraph_desktopParagraph__Fd2e9\">Pozostaje mie\u0107 tylko nadziej\u0119, \u017ce je\u015bli Lewandowski na boisku si\u0119 pojawi, to z podobnym skutkiem, co w niedawnym finale Superpucharu Hiszpanii. Za takie wyst\u0119py jak ostatnio dzi\u0119kujemy. A na koniec sezonu mog\u0105 za nie podzi\u0119kowa\u0107 Lewandowskiemu. Ju\u017c definitywnie.<\/p>\n","protected":false},"excerpt":{"rendered":"Po wprost tragicznym wyst\u0119pie ze Slavi\u0105 w Pradze tym razem Lewandowskiemu przytrafi\u0142 si\u0119 wyst\u0119p troch\u0119 lepszy. Co wci\u0105\u017c&hellip;\n","protected":false},"author":2,"featured_media":225285,"comment_status":"","ping_status":"","sticky":false,"template":"","format":"standard","meta":{"footnotes":"","_share_on_mastodon":"0"},"categories":[24],"tags":[3106,304,303,67,2960,2051,42,38,40,39,41,136,128,300,47,127,135,126,130],"class_list":["post-225284","post","type-post","status-publish","format-standard","has-post-thumbnail","category-sport","tag-dzis_pisza_dla_was","tag-eres","tag-fc_barcelona","tag-intextvideo_splayer","tag-la_liga","tag-laliga","tag-pl","tag-poland","tag-polish","tag-polska","tag-polski","tag-ps_detal_new","tag-psv2","tag-robert_lewandowski","tag-screening_general","tag-sport","tag-sport_sport","tag-sports","tag-wiadomosci_sportowe"],"share_on_mastodon":{"url":"https:\/\/pubeurope.com\/@pl\/115959756377403249","error":""},"_links":{"self":[{"href":"https:\/\/www.europesays.com\/pl\/wp-json\/wp\/v2\/posts\/225284","targetHints":{"allow":["GET"]}}],"collection":[{"href":"https:\/\/www.europesays.com\/pl\/wp-json\/wp\/v2\/posts"}],"about":[{"href":"https:\/\/www.europesays.com\/pl\/wp-json\/wp\/v2\/types\/post"}],"author":[{"embeddable":true,"href":"https:\/\/www.europesays.com\/pl\/wp-json\/wp\/v2\/users\/2"}],"replies":[{"embeddable":true,"href":"https:\/\/www.europesays.com\/pl\/wp-json\/wp\/v2\/comments?post=225284"}],"version-history":[{"count":0,"href":"https:\/\/www.europesays.com\/pl\/wp-json\/wp\/v2\/posts\/225284\/revisions"}],"wp:featuredmedia":[{"embeddable":true,"href":"https:\/\/www.europesays.com\/pl\/wp-json\/wp\/v2\/media\/225285"}],"wp:attachment":[{"href":"https:\/\/www.europesays.com\/pl\/wp-json\/wp\/v2\/media?parent=225284"}],"wp:term":[{"taxonomy":"category","embeddable":true,"href":"https:\/\/www.europesays.com\/pl\/wp-json\/wp\/v2\/categories?post=225284"},{"taxonomy":"post_tag","embeddable":true,"href":"https:\/\/www.europesays.com\/pl\/wp-json\/wp\/v2\/tags?post=225284"}],"curies":[{"name":"wp","href":"https:\/\/api.w.org\/{rel}","templated":true}]}}