{"id":225371,"date":"2026-01-26T06:46:08","date_gmt":"2026-01-26T06:46:08","guid":{"rendered":"https:\/\/www.europesays.com\/pl\/225371\/"},"modified":"2026-01-26T06:46:08","modified_gmt":"2026-01-26T06:46:08","slug":"hiszpanie-bez-hamulcow-o-lewym-dali-mu-czerwona-kartke","status":"publish","type":"post","link":"https:\/\/www.europesays.com\/pl\/225371\/","title":{"rendered":"Hiszpanie bez hamulc\u00f3w o &#8222;Lewym&#8221;. Dali mu czerwon\u0105 kartk\u0119"},"content":{"rendered":"\n<p class=\"contentpart contentpart--default contentpart--text\" data-position=\"0\">Hiszpa\u0144skie media nie mia\u0142y lito\u015bci dla <a href=\"https:\/\/sportowefakty.wp.pl\/pilka-nozna\/robert-lewandowski\" rel=\"nofollow noopener\" target=\"_blank\">Roberta Lewandowskiego<\/a>\u00a0po meczu <a href=\"https:\/\/sportowefakty.wp.pl\/pilka-nozna\/fc-barcelona\" rel=\"nofollow noopener\" target=\"_blank\">FC Barcelony<\/a>\u00a0z Realem Oviedo. Cho\u0107 Blaugrana wygra\u0142a 3:0, wyst\u0119p polskiego napastnika zosta\u0142 oceniony wyj\u0105tkowo surowo. Portal Cronica Global przyzna\u0142 mu &#8222;tarjeta roja&#8221;, czyli czerwon\u0105 kartk\u0119 dla najgorszego pi\u0142karza spotkania.<\/p>\n<p class=\"contentpart contentpart--default contentpart--text\" data-position=\"1\">Dziennikarze podkre\u015blili, \u017ce obecno\u015b\u0107 Lewandowskiego na boisku by\u0142a niemal niezauwa\u017calna. &#8222;Robert Lewandowski nie zagra\u0142 przeciwko Realowi Oviedo. A przynajmniej tak to wygl\u0105da\u0142o&#8221; &#8211; napisano wprost. Wed\u0142ug autor\u00f3w Polak by\u0142 &#8222;fantomowy&#8221;, pope\u0142nia\u0142 proste b\u0142\u0119dy, \u017ale operowa\u0142 pi\u0142k\u0105 i nie potrafi\u0142 wykorzysta\u0107 dogodnych sytuacji pod bramk\u0105 rywala.<\/p>\n<p>  <img decoding=\"async\" src=\"https:\/\/v.wpimg.pl\/X3dwLnN2d1IFFTpdYUl6R0ZNbgcnEHQREVV2TGEGbUtRT2MdOlZ2RBQUKABgQjQcDRotCStBd1IAAWMeIlM7VgwYIAorQAdEFFk_GCkQJQ\" alt=\"\" width=\"45\" height=\"58\" loading=\"lazy\"\/>  <\/p>\n<p class=\"contentpart contentpart--default contentpart--text\" data-position=\"2\">ZOBACZ WIDEO: Wojna o r\u0119cznik! Kuriozalne sceny w finale Pucharu Narod\u00f3w Afryki<\/p>\n<p class=\"contentpart contentpart--default contentpart--text\" data-position=\"4\">W tek\u015bcie wyliczono, \u017ce Lewandowski odda\u0142 zaledwie dwa celne strza\u0142y i zmarnowa\u0142 kilka klarownych okazji. Hiszpanie zwr\u00f3cili uwag\u0119, \u017ce takich spotka\u0144 w jego wykonaniu by\u0142o ju\u017c w tym sezonie wi\u0119cej. &#8222;Kolejny s\u0142aby mecz dziewi\u0105tki Barcelony. I nie jest to ju\u017c wyj\u0105tek&#8221; &#8211; oceniono bez ogr\u00f3dek.<\/p>\n<p class=\"contentpart contentpart--default contentpart--text\" data-position=\"5\">Hiszpa\u0144scy dziennikarze poszli jeszcze dalej, sugeruj\u0105c, \u017ce forma Lewandowskiego mo\u017ce mie\u0107 wp\u0142yw na jego przysz\u0142o\u015b\u0107 w klubie. Zaznaczono, \u017ce Polak daje coraz wi\u0119cej argument\u00f3w nie tylko trenerowi, by ograniczy\u0107 jego rol\u0119, ale tak\u017ce w\u0142adzom Barcelony, by wstrzyma\u0107 si\u0119 z ofert\u0105 przed\u0142u\u017cenia kontraktu.<\/p>\n<p class=\"contentpart contentpart--default contentpart--text\" data-position=\"6\">Symbolem ca\u0142ego wyst\u0119pu by\u0142a akcja z 36. minuty. Lamine Yamal pos\u0142a\u0142 idealne do\u015brodkowanie prosto na g\u0142ow\u0119 Lewandowskiego, jednak napastnik zbyt wcze\u015bnie odwr\u00f3ci\u0142 wzrok od pi\u0142ki i odda\u0142 zupe\u0142nie niekontrolowany strza\u0142. &#8222;Bardziej przypomina\u0142o to wybicie ni\u017c uderzenie na bramk\u0119&#8221; &#8211; podsumowano. Dla Cronica Global by\u0142 to moment, kt\u00f3ry najlepiej uzasadnia\u0142 przyznanie Polakowi symbolicznej czerwonej kartki.<\/p>\n","protected":false},"excerpt":{"rendered":"Hiszpa\u0144skie media nie mia\u0142y lito\u015bci dla Roberta Lewandowskiego\u00a0po meczu FC Barcelony\u00a0z Realem Oviedo. Cho\u0107 Blaugrana wygra\u0142a 3:0, wyst\u0119p&hellip;\n","protected":false},"author":2,"featured_media":225372,"comment_status":"","ping_status":"","sticky":false,"template":"","format":"standard","meta":{"footnotes":""},"categories":[24],"tags":[1157,272,267,538,269,540,278,42,38,40,39,41,273,127,126],"class_list":{"0":"post-225371","1":"post","2":"type-post","3":"status-publish","4":"format-standard","5":"has-post-thumbnail","7":"category-sport","8":"tag-barcelona","9":"tag-fc-barcelona","10":"tag-hiszpania","11":"tag-la-liga","12":"tag-pilka-nozna","13":"tag-pilka-nozna-w-hiszpanii","14":"tag-pilka-w-europie","15":"tag-pl","16":"tag-poland","17":"tag-polish","18":"tag-polska","19":"tag-polski","20":"tag-robert-lewandowski","21":"tag-sport","22":"tag-sports"},"share_on_mastodon":{"url":"https:\/\/pubeurope.com\/@pl\/115960059419582799","error":""},"_links":{"self":[{"href":"https:\/\/www.europesays.com\/pl\/wp-json\/wp\/v2\/posts\/225371","targetHints":{"allow":["GET"]}}],"collection":[{"href":"https:\/\/www.europesays.com\/pl\/wp-json\/wp\/v2\/posts"}],"about":[{"href":"https:\/\/www.europesays.com\/pl\/wp-json\/wp\/v2\/types\/post"}],"author":[{"embeddable":true,"href":"https:\/\/www.europesays.com\/pl\/wp-json\/wp\/v2\/users\/2"}],"replies":[{"embeddable":true,"href":"https:\/\/www.europesays.com\/pl\/wp-json\/wp\/v2\/comments?post=225371"}],"version-history":[{"count":0,"href":"https:\/\/www.europesays.com\/pl\/wp-json\/wp\/v2\/posts\/225371\/revisions"}],"wp:featuredmedia":[{"embeddable":true,"href":"https:\/\/www.europesays.com\/pl\/wp-json\/wp\/v2\/media\/225372"}],"wp:attachment":[{"href":"https:\/\/www.europesays.com\/pl\/wp-json\/wp\/v2\/media?parent=225371"}],"wp:term":[{"taxonomy":"category","embeddable":true,"href":"https:\/\/www.europesays.com\/pl\/wp-json\/wp\/v2\/categories?post=225371"},{"taxonomy":"post_tag","embeddable":true,"href":"https:\/\/www.europesays.com\/pl\/wp-json\/wp\/v2\/tags?post=225371"}],"curies":[{"name":"wp","href":"https:\/\/api.w.org\/{rel}","templated":true}]}}