{"id":225400,"date":"2026-01-26T07:05:07","date_gmt":"2026-01-26T07:05:07","guid":{"rendered":"https:\/\/www.europesays.com\/pl\/225400\/"},"modified":"2026-01-26T07:05:07","modified_gmt":"2026-01-26T07:05:07","slug":"pozar-po-zderzeniu-pociagow-z-autem-swiadkowie-opowiedzieli-o-dramacie","status":"publish","type":"post","link":"https:\/\/www.europesays.com\/pl\/225400\/","title":{"rendered":"Po\u017car po zderzeniu poci\u0105g\u00f3w z autem. \u015awiadkowie opowiedzieli o dramacie"},"content":{"rendered":"<p class=\"ods-c-paragraph \"><a href=\"https:\/\/wiadomosci.onet.pl\/warszawa\/zderzenie-samochodu-z-pociagiem-w-bloniu-ewakuowano-kilkaset-osob\/zn93dvg\" id=\"fcba36c1-b25e-4530-babe-1d7e82d65438\" rel=\"nofollow noopener\" target=\"_blank\">Do niebezpiecznego wypadku dosz\u0142o w sobot\u0119 przed godzin\u0105 13.30. Na przeje\u017adzie kolejowym zepsu\u0142 si\u0119 Ford Focus.<\/a> Kierowca pr\u00f3bowa\u0142 usun\u0105\u0107 pojazd z tor\u00f3w, jednak nie zdo\u0142a\u0142 tego zrobi\u0107 na czas.<\/p>\n<p> Dalszy ci\u0105g artyku\u0142u pod materia\u0142em wideo    <\/p>\n<p> Gdzie dosz\u0142o do zderzenia poci\u0105g\u00f3w z autem? <\/p>\n<p> O kt\u00f3rej godzinie mia\u0142o miejsce to zdarzenie? <\/p>\n<p> Ilu pasa\u017cer\u00f3w ewakuowano z poci\u0105g\u00f3w? <\/p>\n<p> Czy kierowca Forda by\u0142 trze\u017awy? <\/p>\n<p>  Wypadek w B\u0142oniu. Relacje \u015bwiadk\u00f3w<\/p>\n<p class=\"ods-c-paragraph \">W auto uderzy\u0142 poci\u0105g Intercity relacji Szczecin G\u0142\u00f3wny-Rzesz\u00f3w G\u0142\u00f3wny. Samoch\u00f3d w\u00f3wczas wpad\u0142 na drugi tor, a tam uderzy\u0142 w niego drugi sk\u0142ad Intercity Warszawa-Berlin.<\/p>\n<p class=\"ods-c-paragraph \">Serwis Wirtualna Polska dotar\u0142 do \u015bwiadk\u00f3w zdarzenia, kt\u00f3ry twierdz\u0105, \u017ce sytuacja na miejscu by\u0142a wyj\u0105tkowo gro\u017ana.<\/p>\n<p class=\"ods-c-paragraph \">&#8222;Widzieli\u015bmy, jak lokomotywa p\u0142on\u0119\u0142a. Pod ni\u0105 by\u0142o auto. Stra\u017cacy jednocze\u015bnie gasili po\u017car i ewakuowali ludzi z poci\u0105gu. Cz\u0119\u015b\u0107 os\u00f3b wychodzi\u0142a sama&#8221; \u2014 przekaza\u0142 jeden z m\u0119\u017cczyzn.<\/p>\n<p class=\"ods-c-paragraph \">&#8222;Jak dojechali\u015bmy w okolic\u0119, to policja ju\u017c cofa\u0142a samochody. Na miejscu nie by\u0142o ju\u017c po\u017caru. To nie jedyny przejazd w okolicy. Ten g\u0142\u00f3wny na ulicy Grodziskiej w B\u0142oniu przy samym PKP B\u0142onie jest teraz ca\u0142y czas otwarty&#8221; \u2014 doda\u0142a inna z os\u00f3b.<\/p>\n<p class=\"ods-c-paragraph \">Z kolei policja przekaza\u0142a serwisowi, \u017ce zar\u00f3wno obaj maszyni\u015bci oraz kierowca Forda byli trze\u017awi. W zdarzeniu nie ucierpia\u0142 nikt z obecnych w poci\u0105gach oraz kierowca, kt\u00f3remu uda\u0142o si\u0119 wyj\u015b\u0107 z pojazdu.<\/p>\n","protected":false},"excerpt":{"rendered":"Do niebezpiecznego wypadku dosz\u0142o w sobot\u0119 przed godzin\u0105 13.30. Na przeje\u017adzie kolejowym zepsu\u0142 si\u0119 Ford Focus. Kierowca pr\u00f3bowa\u0142&hellip;\n","protected":false},"author":2,"featured_media":225401,"comment_status":"","ping_status":"","sticky":false,"template":"","format":"standard","meta":{"footnotes":""},"categories":[12],"tags":[41623,32,33,36,37,27,363,34,35,28,31,48,25,46,42,38,414,40,39,41,47,29,30,435,26],"class_list":{"0":"post-225400","1":"post","2":"type-post","3":"status-publish","4":"format-standard","5":"has-post-thumbnail","7":"category-polska","8":"tag-blonie","9":"tag-breaking-news","10":"tag-breakingnews","11":"tag-featured-news","12":"tag-featurednews","13":"tag-headlines","14":"tag-kolej_pociagi_transport_kolejowy","15":"tag-latest-news","16":"tag-latestnews","17":"tag-naglowki","18":"tag-najwazniejsze-artykuly","19":"tag-nat_styl","20":"tag-news","21":"tag-omp","22":"tag-pl","23":"tag-poland","24":"tag-policja","25":"tag-polish","26":"tag-polska","27":"tag-polski","28":"tag-screening_general","29":"tag-top-stories","30":"tag-topstories","31":"tag-warszawa","32":"tag-wiadomosci"},"share_on_mastodon":{"url":"https:\/\/pubeurope.com\/@pl\/115960133915446514","error":""},"_links":{"self":[{"href":"https:\/\/www.europesays.com\/pl\/wp-json\/wp\/v2\/posts\/225400","targetHints":{"allow":["GET"]}}],"collection":[{"href":"https:\/\/www.europesays.com\/pl\/wp-json\/wp\/v2\/posts"}],"about":[{"href":"https:\/\/www.europesays.com\/pl\/wp-json\/wp\/v2\/types\/post"}],"author":[{"embeddable":true,"href":"https:\/\/www.europesays.com\/pl\/wp-json\/wp\/v2\/users\/2"}],"replies":[{"embeddable":true,"href":"https:\/\/www.europesays.com\/pl\/wp-json\/wp\/v2\/comments?post=225400"}],"version-history":[{"count":0,"href":"https:\/\/www.europesays.com\/pl\/wp-json\/wp\/v2\/posts\/225400\/revisions"}],"wp:featuredmedia":[{"embeddable":true,"href":"https:\/\/www.europesays.com\/pl\/wp-json\/wp\/v2\/media\/225401"}],"wp:attachment":[{"href":"https:\/\/www.europesays.com\/pl\/wp-json\/wp\/v2\/media?parent=225400"}],"wp:term":[{"taxonomy":"category","embeddable":true,"href":"https:\/\/www.europesays.com\/pl\/wp-json\/wp\/v2\/categories?post=225400"},{"taxonomy":"post_tag","embeddable":true,"href":"https:\/\/www.europesays.com\/pl\/wp-json\/wp\/v2\/tags?post=225400"}],"curies":[{"name":"wp","href":"https:\/\/api.w.org\/{rel}","templated":true}]}}