{"id":225452,"date":"2026-01-26T07:40:09","date_gmt":"2026-01-26T07:40:09","guid":{"rendered":"https:\/\/www.europesays.com\/pl\/225452\/"},"modified":"2026-01-26T07:40:09","modified_gmt":"2026-01-26T07:40:09","slug":"agata-mlynarska-zaapelowala-do-karola-nawrockiego-to-jest-wazna-rzecz-dla-polakow-onet","status":"publish","type":"post","link":"https:\/\/www.europesays.com\/pl\/225452\/","title":{"rendered":"Agata M\u0142ynarska zaapelowa\u0142a do Karola Nawrockiego. &quot;To jest wa\u017cna rzecz dla Polak\u00f3w&quot; &#8211; Onet"},"content":{"rendered":"<ol>\n<li><a href=\"https:\/\/news.google.com\/rss\/articles\/CBMi0wFBVV95cUxOSzd2RG9HaEJTYVZ1UEtCLWc2dHhJRXNwa29ESk5vdldycjVXemtYY3FxV2F0ZzVqbE9RYnA4T0dobmw4SjVLOExwNXZPWldQUGhRWkVqb0tiWTl2OFI5b0Y1OVB3bmxwa2E1R1dLVEtDOTBPTWYzTzRQbDdLVWdtbE1fU2NkLTFEdmtsNjRPN0F2MktCRzlKSm9ybFdlalEwc2RPeUVNVXdZb0FfZUxFSlJqUGU3TnowTGxUQUNkeU9sb05jbDlkRmU1Q3dZZm9iSVFJ?oc=5\" target=\"_blank\" rel=\"nofollow noopener\">Agata M\u0142ynarska zaapelowa\u0142a do Karola Nawrockiego. &#8222;To jest wa\u017cna rzecz dla Polak\u00f3w&#8221;<\/a>&nbsp;&nbsp;Onet<\/li>\n<li><a href=\"https:\/\/news.google.com\/rss\/articles\/CBMivwFBVV95cUxOTmx1Vzc4b05pNFJnZTVCTjc4S2hKcnoxZC1pWm53V1hQdEVSMzlOaGxxcU1EX2h2U19ZSXhOUVBkRXlvQlhreERkRHVNVXBmeEN1NEJOZGV6VnJWR2I0bXcxcXRxRmR1THZCUWM2N0M5a3I2TjRLSjhLWjBsdU8yaC1VSzdRbUhwcXM4RVhPWFc0LXR0NEZFZW1BVVpySWY1RDhWLWtzMElISVVfMWttZThpRl9sTUtXUmpvVmZlbw?oc=5\" target=\"_blank\" rel=\"nofollow noopener\">M\u0142ynarska zwr\u00f3ci\u0142a si\u0119 do Nawrockiego. &#8222;Gdyby trzeba by\u0142o ratowa\u0107 jego c\u00f3rk\u0119&#8230;&#8221;<\/a>&nbsp;&nbsp;Gazeta<\/li>\n<li><a href=\"https:\/\/news.google.com\/rss\/articles\/CBMimwFBVV95cUxQTUlXSjd6eWxBRWlIOGN0VTV0OGlLaERrU0l3Sjh0NmpJaEgtX0xxdlR2ck9memh1eEx0MlY2cC0yckhUd21BSGRINGlLWXh1NFdLT1BwdXpQNTdwWU83Mi1uN0VkMEs1dmtHNXJ5TlJJNjRmOUpXWjYxM241YmhadVFYSWtjSnlNOG1DOHFLZXVhLVY2YmU5OHo5OA?oc=5\" target=\"_blank\" rel=\"nofollow noopener\">Agata M\u0142ynarska w centrum fina\u0142u WO\u015aP. Mocny apel do Karola Nawrockiego<\/a>&nbsp;&nbsp;Fakt<\/li>\n<li><a href=\"https:\/\/news.google.com\/rss\/articles\/CBMizgFBVV95cUxQaUsxQVRoYmhVeEcyYmpkbDZ6Z3VlLV83SXMzcmxCRURMTzZocU1lVmZQQURjR002OFdMTDktMjFkLXZTQi1PaDhVV0t6el9ZNXpKX2JDcnlCX193OWtpZEZwWEVzcE9wRWFqYnBVZTlvcjFWekxvQjJpZEtWZy1XS016M2NiSmZIUGo0cmRWSG1JSGhWZ0hLeEozYVdZUnZLcG1rT1I4WTBadWl0eWx3cERzbW41X0JjVC1DblhYa0J4MEQzeFJwdk5ZWldZZw?oc=5\" target=\"_blank\" rel=\"nofollow noopener\">Tak Karol Nawrocki reagowa\u0142 na pytania o WO\u015aP. &#8222;Informacja poza zakresem ustawy&#8221;<\/a>&nbsp;&nbsp;Onet<\/li>\n<li><a href=\"https:\/\/news.google.com\/rss\/articles\/CBMiqgFBVV95cUxORFRPcWdCTVlKa2tCbkVDcDFReEJIY0dkVjlwYVV2aG5vd25DOHNxRHNuMm1rZE02Vm01alJLck9iZDJYM0NmRDNScURUVUx0RlM5VDh6dzR4cnN1S1E2NUxoV1pNcU4wbElzam1TR3hfRjhaN0EyQ0Rsb1B4UnlBS3Q3MTZDQmZTclJEY0ozeGcyT0oyN3J0WDFDa2FOeWs2QzZnaG9RTWZiQQ?oc=5\" target=\"_blank\" rel=\"nofollow noopener\">Kolejny fina\u0142 WO\u015aP. M\u0142ynarska o Noblu dla Owsiaka: Ja bym przyzna\u0142a<\/a>&nbsp;&nbsp;Rozrywka Do Rzeczy<\/li>\n<\/ol>\n","protected":false},"excerpt":{"rendered":"Agata M\u0142ynarska zaapelowa\u0142a do Karola Nawrockiego. &#8222;To jest wa\u017cna rzecz dla Polak\u00f3w&#8221;&nbsp;&nbsp;Onet M\u0142ynarska zwr\u00f3ci\u0142a si\u0119 do Nawrockiego. &#8222;Gdyby&hellip;\n","protected":false},"author":2,"featured_media":225453,"comment_status":"","ping_status":"","sticky":false,"template":"","format":"standard","meta":{"footnotes":""},"categories":[12],"tags":[797,32,33,36,37,27,67,240,34,35,28,31,53,25,52,68,51,55,42,38,40,39,41,47,196,1607,29,30,65,50,26,24008],"class_list":{"0":"post-225452","1":"post","2":"type-post","3":"status-publish","4":"format-standard","5":"has-post-thumbnail","7":"category-polska","8":"tag-agata_mlynarska","9":"tag-breaking-news","10":"tag-breakingnews","11":"tag-featured-news","12":"tag-featurednews","13":"tag-headlines","14":"tag-intextvideo_splayer","15":"tag-karol_nawrocki_prezydent","16":"tag-latest-news","17":"tag-latestnews","18":"tag-naglowki","19":"tag-najwazniejsze-artykuly","20":"tag-new_header","21":"tag-news","22":"tag-onet3","23":"tag-onet3d","24":"tag-onet3d_2i","25":"tag-phx","26":"tag-pl","27":"tag-poland","28":"tag-polish","29":"tag-polska","30":"tag-polski","31":"tag-screening_general","32":"tag-styl_zycia","33":"tag-time_limited","34":"tag-top-stories","35":"tag-topstories","36":"tag-update_me","37":"tag-v2021","38":"tag-wiadomosci","39":"tag-wielka_orkiestra_swiatecznej_pomocy_wosp"},"share_on_mastodon":{"url":"","error":"Validation failed: Text character limit of 500 exceeded"},"_links":{"self":[{"href":"https:\/\/www.europesays.com\/pl\/wp-json\/wp\/v2\/posts\/225452","targetHints":{"allow":["GET"]}}],"collection":[{"href":"https:\/\/www.europesays.com\/pl\/wp-json\/wp\/v2\/posts"}],"about":[{"href":"https:\/\/www.europesays.com\/pl\/wp-json\/wp\/v2\/types\/post"}],"author":[{"embeddable":true,"href":"https:\/\/www.europesays.com\/pl\/wp-json\/wp\/v2\/users\/2"}],"replies":[{"embeddable":true,"href":"https:\/\/www.europesays.com\/pl\/wp-json\/wp\/v2\/comments?post=225452"}],"version-history":[{"count":0,"href":"https:\/\/www.europesays.com\/pl\/wp-json\/wp\/v2\/posts\/225452\/revisions"}],"wp:featuredmedia":[{"embeddable":true,"href":"https:\/\/www.europesays.com\/pl\/wp-json\/wp\/v2\/media\/225453"}],"wp:attachment":[{"href":"https:\/\/www.europesays.com\/pl\/wp-json\/wp\/v2\/media?parent=225452"}],"wp:term":[{"taxonomy":"category","embeddable":true,"href":"https:\/\/www.europesays.com\/pl\/wp-json\/wp\/v2\/categories?post=225452"},{"taxonomy":"post_tag","embeddable":true,"href":"https:\/\/www.europesays.com\/pl\/wp-json\/wp\/v2\/tags?post=225452"}],"curies":[{"name":"wp","href":"https:\/\/api.w.org\/{rel}","templated":true}]}}