{"id":225713,"date":"2026-01-26T12:55:07","date_gmt":"2026-01-26T12:55:07","guid":{"rendered":"https:\/\/www.europesays.com\/pl\/225713\/"},"modified":"2026-01-26T12:55:07","modified_gmt":"2026-01-26T12:55:07","slug":"pis-zmienia-strategie-wobec-brauna-zawazyly-slowa-czlowieka-trumpa-onet","status":"publish","type":"post","link":"https:\/\/www.europesays.com\/pl\/225713\/","title":{"rendered":"PiS zmienia strategi\u0119 wobec Brauna. Zawa\u017cy\u0142y s\u0142owa cz\u0142owieka Trumpa &#8211; Onet"},"content":{"rendered":"<ol>\n<li><a href=\"https:\/\/news.google.com\/rss\/articles\/CBMi0gFBVV95cUxPcGRNNlB3eU1zSDJuMUZBdUlXOTczMktLUnpWY2UxT0FlcUx3eVc0LW95RGY5dTF6QVlkNTFQV19JbGNVRTFWTDBRTkZwMG1KM2M0elRnZVhDZl9RRXprS1V0TUVpeG9qek5nbnJnSXlnS3dhVWRUcFZUVEtHMjNleUVHNTVtQmZoTE5hVHNZQmNSVVRSd1BRUU9NZWNVSHNFSkxib0lydkR2c3d0dlQ4cVYzaGJxcEp5SGZ1bGVYV2JEUVYzOE42eUQ0Zk16ZVBDNWc?oc=5\" target=\"_blank\" rel=\"nofollow noopener\">PiS zmienia strategi\u0119 wobec Brauna. Zawa\u017cy\u0142y s\u0142owa cz\u0142owieka Trumpa<\/a>&nbsp;&nbsp;Onet<\/li>\n<li><a href=\"https:\/\/news.google.com\/rss\/articles\/CBMiqwFBVV95cUxNVFFGMndPZEtmcTYwV1JsTFJRWjRDV0dheHFiRU9YYm83VHVVako2N29mcnZUSnpmdTdEUkVSUmQwc25OX3hsTUVRRGEweUZ4TW1kam5pSjR6TFl5N2hMYnhVcjhBNnkwY0NqSkI2NUVxWm1oT1Z1YVFRUkZmaXBHYmUzbWFHbDJacXd0MnpvTUhIVFZ3eXMzaklwOFc5MDRzR1ctSlZ6M0w2S1U?oc=5\" target=\"_blank\" rel=\"nofollow noopener\">Rados\u0142aw Sikorski nie wytrzyma\u0142 po s\u0142owach Kaczy\u0144skiego. &#8222;Droga wolna&#8221;<\/a>&nbsp;&nbsp;Onet Wiadomo\u015bci<\/li>\n<li><a href=\"https:\/\/news.google.com\/rss\/articles\/CBMimgFBVV95cUxNYXhhUFF6MnFCWVBTOVBFMk1KRll2RUpKejF1cUVUSjNmak1HeTlPMFA3Z2ppNk11QW1IdlJ4dVdTWVRKUm1zNXROcjRteGZjS1hYUThNME1QUnFOa0plblZzc1BidVdQbkc5akZMMWIya3V0VF91TUY4SmVDYm5zeDFlTFI4LUl6ZHZHTzNTT3RPLUJncWw4NzZ3?oc=5\" target=\"_blank\" rel=\"nofollow noopener\">&#8222;Droga do nieszcz\u0119\u015bcia&#8221;. Kaczy\u0144ski o Braunie<\/a>&nbsp;&nbsp;TVN24<\/li>\n<li><a href=\"https:\/\/news.google.com\/rss\/articles\/CBMivAFBVV95cUxNSHdxSms5Tkw2YW83M2VSV0pkZnBlZHd3cTRIZWt2NHhvTFhIYUI4eXU2YkV6d1ZzNFI4ejd0b3pnUEx4a3pyazJlVk14dVdNWWZ5dk03LXUzOFNKNnl1c3J4V2lRZkZUb0gyZU1zbDlKQk04VjNCcGFOTUZDbUhMNUdicFZGbU1lYjEzRWRyTlNfeThwcnduRTlrRjRIMXQxakVPaGJ6eV9ncEJoMzUyeEw4NFIzS1pSOGowdQ?oc=5\" target=\"_blank\" rel=\"nofollow noopener\">Kaczy\u0144ski: &#8222;to jest bezczelne, to jest ha\u0144ba dla Polak\u00f3w&#8221;. Wspomnia\u0142 te\u017c o Braunie<\/a>&nbsp;&nbsp;WP Wiadomo\u015bci<\/li>\n<li><a href=\"https:\/\/news.google.com\/rss\/articles\/CBMiswFBVV95cUxPdDFsemkzNEEyVTF1Z3dZazF0dEFFRk05bmxwblAyYWlaOXZrbjgtNVM0cmRRN25sTlBGN1pPdFdtbndybnBweGhDY3JtX29fUk9vMW1oa3dvSGw3R1lQMU9VSklIZVFJLUFoeDNCaG9sUjJWUEEtbldrOXphMzlEaXBneFhuNk9GUGY4ZUgyMlpXNnJnNWlsbER0Y1Q3WXdVaGliamhjNDhTbW42UDV2Q3hBWQ?oc=5\" target=\"_blank\" rel=\"nofollow noopener\">&#8222;Sojusz z nim to jak sojusz z Putinem&#8221;. Kaczy\u0144ski odkrywa karty<\/a>&nbsp;&nbsp;RMF24<\/li>\n<\/ol>\n","protected":false},"excerpt":{"rendered":"PiS zmienia strategi\u0119 wobec Brauna. Zawa\u017cy\u0142y s\u0142owa cz\u0142owieka Trumpa&nbsp;&nbsp;Onet Rados\u0142aw Sikorski nie wytrzyma\u0142 po s\u0142owach Kaczy\u0144skiego. &#8222;Droga wolna&#8221;&nbsp;&nbsp;Onet&hellip;\n","protected":false},"author":2,"featured_media":225714,"comment_status":"","ping_status":"","sticky":false,"template":"","format":"standard","meta":{"footnotes":""},"categories":[12],"tags":[32,33,36,37,7514,27,422,34,35,28,31,53,25,52,68,51,55,42,38,40,39,41,47,1998,59,11312,29,30,65,50,26],"class_list":{"0":"post-225713","1":"post","2":"type-post","3":"status-publish","4":"format-standard","5":"has-post-thumbnail","7":"category-polska","8":"tag-breaking-news","9":"tag-breakingnews","10":"tag-featured-news","11":"tag-featurednews","12":"tag-grzegorz_braun_polityk_rezyser","13":"tag-headlines","14":"tag-jaroslaw_kaczynski","15":"tag-latest-news","16":"tag-latestnews","17":"tag-naglowki","18":"tag-najwazniejsze-artykuly","19":"tag-new_header","20":"tag-news","21":"tag-onet3","22":"tag-onet3d","23":"tag-onet3d_2i","24":"tag-phx","25":"tag-pl","26":"tag-poland","27":"tag-polish","28":"tag-polska","29":"tag-polski","30":"tag-screening_general","31":"tag-short_news","32":"tag-stany_zjednoczone_usa","33":"tag-thomas_rose_dyplomata","34":"tag-top-stories","35":"tag-topstories","36":"tag-update_me","37":"tag-v2021","38":"tag-wiadomosci"},"share_on_mastodon":{"url":"https:\/\/pubeurope.com\/@pl\/115961510299957570","error":""},"_links":{"self":[{"href":"https:\/\/www.europesays.com\/pl\/wp-json\/wp\/v2\/posts\/225713","targetHints":{"allow":["GET"]}}],"collection":[{"href":"https:\/\/www.europesays.com\/pl\/wp-json\/wp\/v2\/posts"}],"about":[{"href":"https:\/\/www.europesays.com\/pl\/wp-json\/wp\/v2\/types\/post"}],"author":[{"embeddable":true,"href":"https:\/\/www.europesays.com\/pl\/wp-json\/wp\/v2\/users\/2"}],"replies":[{"embeddable":true,"href":"https:\/\/www.europesays.com\/pl\/wp-json\/wp\/v2\/comments?post=225713"}],"version-history":[{"count":0,"href":"https:\/\/www.europesays.com\/pl\/wp-json\/wp\/v2\/posts\/225713\/revisions"}],"wp:featuredmedia":[{"embeddable":true,"href":"https:\/\/www.europesays.com\/pl\/wp-json\/wp\/v2\/media\/225714"}],"wp:attachment":[{"href":"https:\/\/www.europesays.com\/pl\/wp-json\/wp\/v2\/media?parent=225713"}],"wp:term":[{"taxonomy":"category","embeddable":true,"href":"https:\/\/www.europesays.com\/pl\/wp-json\/wp\/v2\/categories?post=225713"},{"taxonomy":"post_tag","embeddable":true,"href":"https:\/\/www.europesays.com\/pl\/wp-json\/wp\/v2\/tags?post=225713"}],"curies":[{"name":"wp","href":"https:\/\/api.w.org\/{rel}","templated":true}]}}