{"id":225717,"date":"2026-01-26T12:57:07","date_gmt":"2026-01-26T12:57:07","guid":{"rendered":"https:\/\/www.europesays.com\/pl\/225717\/"},"modified":"2026-01-26T12:57:07","modified_gmt":"2026-01-26T12:57:07","slug":"niesamowity-scenariusz-po-awansie-igi-swiatek-w-ao-tego-nie-bylo-od-28-lat-przeglad-sportowy-onet","status":"publish","type":"post","link":"https:\/\/www.europesays.com\/pl\/225717\/","title":{"rendered":"Niesamowity scenariusz po awansie Igi \u015awi\u0105tek w AO. Tego nie by\u0142o od 28 lat &#8211; Przegl\u0105d Sportowy Onet"},"content":{"rendered":"<ol>\n<li><a href=\"https:\/\/news.google.com\/rss\/articles\/CBMi0wFBVV95cUxOR1A2M1BhSWsyUmNDZFZ0bDYtdl9ocWVlQnRodXFsclBpUldibVd2djFOQl9TSW9CZVZJNEdnTjA5TEtYcUJFVFE2MzFzOW9KOThyYnpoZ1VzNDc5MDZjRVprdnF4eW1rSS01eHVpSlZ3MGFsQl82MFlhNVRYdFpnOVRIMGpBN29WVWJObGxzOVhUNEhSX0N0R0ZqMjhfWVZwZHdxU0stZ1BpSG1xT09zVE5YQWJtRjk1Vm1wb21leVRJcWlPY0E3OVdnbHFkbmpXaE5r?oc=5\" target=\"_blank\" rel=\"nofollow noopener\">Niesamowity scenariusz po awansie Igi \u015awi\u0105tek w AO. Tego nie by\u0142o od 28 lat<\/a>&nbsp;&nbsp;Przegl\u0105d Sportowy Onet<\/li>\n<li><a href=\"https:\/\/news.google.com\/rss\/articles\/CBMivwFBVV95cUxQb1YtQ0VlMmh1UHBoUmJOVEw1YUZEYkItNGRIYlhYbjNyY00zd3FpUlc2eVRCM21JbzN1eVMwSnNOalBvM0E2S3lreElCd3BrdXpMS256amh6YjVpS2Mwc0hyOWtnajRnM2xsQTJPNzNhWmJKYW9PVjMxenpjRmtLLUIwdWFkZE1BWF9KTGNOYnBNcDdtVmp0dTdib2pmZVhjZ0RvZG1teUZMUkpBbVRZQmdmMW1Gd21La2JKSUdwdw?oc=5\" target=\"_blank\" rel=\"nofollow noopener\">\u015awi\u0105tek bezlitosna dla reprezentantki gospodarzy. Jest \u0107wier\u0107fina\u0142 Australian Open!<\/a>&nbsp;&nbsp;SportoweFakty<\/li>\n<li><a href=\"https:\/\/news.google.com\/rss\/articles\/CBMi1AFBVV95cUxNRVZ4VVhxWUlEZm5nRVBfV1JIOFY1Q1NHUlRHWmQ1ckowV2ZiNWd2a2tzUXh2bkFiOUU3TWpBT3M4bE8taldKQXFjU0tfQ2hxX1JKX2JzSDAyR2xjckV1UTVPYTdHeDE2Q09nVzlHenNrazgzMFhZaEI1NUk4VHRkNFpBdEx4WU1FZkVLVmhiWkhqZjQzaW16RkVfTWU2X0hkRTJYN1kwNnprUW1ZWm1NRnpId2ZRUVlfYmVJblJTUGp2SlozdDZHUzZwYjQwMkhJRUNwXw?oc=5\" target=\"_blank\" rel=\"nofollow noopener\">Niebywa\u0142e, co zrobi\u0142a Iga \u015awi\u0105tek. Kibice a\u017c wstali, euforia w Australian Open<\/a>&nbsp;&nbsp;Przegl\u0105d Sportowy Onet<\/li>\n<li><a href=\"https:\/\/news.google.com\/rss\/articles\/CBMitgFBVV95cUxOY0lXc3dxTG56R2VaOWdiMVV2Z2NxUTUwY2hjdVBHLTllNnMxWmk2TDQxekgzM0U0MDZiQTVTNDZQLWJsOXo5dm5oRE5LaFl6dHFIQ25pbDJrLW0zc3lSb0d5cEFhanU5RGdYeGV1U2U3NG14ZGVpbkRsTmlsa1c5M05HTFpTVTNiR1BKRy1OUEF6dnFLSG5KdFJXZ1BaYVdfS1NaV05vS2tlTERDMm43Tm5kTWlRdw?oc=5\" target=\"_blank\" rel=\"nofollow noopener\">\u015awi\u0105tek zatrzymana, powt\u00f3rka na Rod Laver Arena. Australijka do\u0142\u0105czy\u0142a do Niemki<\/a>&nbsp;&nbsp;Sport w INTERIA.PL<\/li>\n<li><a href=\"https:\/\/news.google.com\/rss\/articles\/CBMiywFBVV95cUxPYi1OSnFPdUo4RkVPcGZudlhSQS1DT0RVRlJ1TkZDZ2xCMl9laldsb1c1TThjZ3ZlOUFIUW5YUmNNTmdiWXEyOHo5REVzaFBxc29TRG1rcXdIamNhU0ZqM3dWbzZCc2RrbWMyNG1KQXRjSVhlRUN0U1VZRENMSTk1c1BsellSbkxTUDJOUWtiN0pRNVo4cjU1WWJIekVEaU5ubFZ5R0NOdS1mSWo3eUh6VXZsNzNpdmZrcnQxWnNRZ1NHSXRveUpvZG9kSQ?oc=5\" target=\"_blank\" rel=\"nofollow noopener\">\u015awi\u0105tek wypali\u0142a po triumfie w Australian Open. &#8222;Nie wyobra\u017cam sobie gra\u0107 w takich warunkach&#8221;<\/a>&nbsp;&nbsp;Meczyki.pl<\/li>\n<\/ol>\n","protected":false},"excerpt":{"rendered":"Niesamowity scenariusz po awansie Igi \u015awi\u0105tek w AO. Tego nie by\u0142o od 28 lat&nbsp;&nbsp;Przegl\u0105d Sportowy Onet \u015awi\u0105tek bezlitosna&hellip;\n","protected":false},"author":2,"featured_media":225718,"comment_status":"","ping_status":"","sticky":false,"template":"","format":"standard","meta":{"footnotes":""},"categories":[24],"tags":[1352,12889,252,67,194,42,38,40,39,41,136,128,47,127,135,126,156,130],"class_list":{"0":"post-225717","1":"post","2":"type-post","3":"status-publish","4":"format-standard","5":"has-post-thumbnail","7":"category-sport","8":"tag-aryna_sabalenka","9":"tag-australian_open","10":"tag-iga_swiatek","11":"tag-intextvideo_splayer","12":"tag-maja","13":"tag-pl","14":"tag-poland","15":"tag-polish","16":"tag-polska","17":"tag-polski","18":"tag-ps_detal_new","19":"tag-psv2","20":"tag-screening_general","21":"tag-sport","22":"tag-sport_sport","23":"tag-sports","24":"tag-tenis","25":"tag-wiadomosci_sportowe"},"share_on_mastodon":{"url":"https:\/\/pubeurope.com\/@pl\/115961518198159952","error":""},"_links":{"self":[{"href":"https:\/\/www.europesays.com\/pl\/wp-json\/wp\/v2\/posts\/225717","targetHints":{"allow":["GET"]}}],"collection":[{"href":"https:\/\/www.europesays.com\/pl\/wp-json\/wp\/v2\/posts"}],"about":[{"href":"https:\/\/www.europesays.com\/pl\/wp-json\/wp\/v2\/types\/post"}],"author":[{"embeddable":true,"href":"https:\/\/www.europesays.com\/pl\/wp-json\/wp\/v2\/users\/2"}],"replies":[{"embeddable":true,"href":"https:\/\/www.europesays.com\/pl\/wp-json\/wp\/v2\/comments?post=225717"}],"version-history":[{"count":0,"href":"https:\/\/www.europesays.com\/pl\/wp-json\/wp\/v2\/posts\/225717\/revisions"}],"wp:featuredmedia":[{"embeddable":true,"href":"https:\/\/www.europesays.com\/pl\/wp-json\/wp\/v2\/media\/225718"}],"wp:attachment":[{"href":"https:\/\/www.europesays.com\/pl\/wp-json\/wp\/v2\/media?parent=225717"}],"wp:term":[{"taxonomy":"category","embeddable":true,"href":"https:\/\/www.europesays.com\/pl\/wp-json\/wp\/v2\/categories?post=225717"},{"taxonomy":"post_tag","embeddable":true,"href":"https:\/\/www.europesays.com\/pl\/wp-json\/wp\/v2\/tags?post=225717"}],"curies":[{"name":"wp","href":"https:\/\/api.w.org\/{rel}","templated":true}]}}