{"id":225849,"date":"2026-01-26T14:11:07","date_gmt":"2026-01-26T14:11:07","guid":{"rendered":"https:\/\/www.europesays.com\/pl\/225849\/"},"modified":"2026-01-26T14:11:07","modified_gmt":"2026-01-26T14:11:07","slug":"kreml-komentuje-zakaz-importu-gazu-z-rosji-do-ue-nieszczesliwi-niewolnicy","status":"publish","type":"post","link":"https:\/\/www.europesays.com\/pl\/225849\/","title":{"rendered":"Kreml komentuje zakaz importu gazu z Rosji do UE. &#8222;Nieszcz\u0119\u015bliwi niewolnicy&#8221;"},"content":{"rendered":"<p> Dlaczego o tym piszemy? <\/p>\n<p class=\"ods-c-paragraph \">Ministrowie z pa\u0144stw cz\u0142onkowskich Unii Europejskiej ostatecznie zatwierdzili w poniedzia\u0142ek na posiedzeniu Rady Unii Europejskiej zakaz importu rosyjskiego gazu, kt\u00f3ry ma wej\u015b\u0107 w \u017cycie w 2027 r. Za przyj\u0119ciem przepis\u00f3w opowiedzia\u0142y si\u0119 prawie wszystkie pa\u0144stwa cz\u0142onkowskie. Przeciwko g\u0142osowa\u0142y W\u0119gry i S\u0142owacja, a Bu\u0142garia wstrzyma\u0142a si\u0119 od g\u0142osu.<\/p>\n<p>  Co powiedzia\u0142a Maria Zacharowa? <\/p>\n<p class=\"ods-c-paragraph \">Do sprawy odni\u00f3s\u0142 si\u0119 Kreml ustami rzeczniczki rosyjskiego MSZ Marii Zacharowej.<\/p>\n<p class=\"ods-c-paragraph \">\u2014 Trudno dzi\u015b jednoznacznie stwierdzi\u0107, czy to szcz\u0119\u015bliwi wasale, czy nieszcz\u0119\u015bliwi niewolnicy. Czas poka\u017ce \u2014 stwierdzi\u0142a Zacharowa na \u0142amach serwisu internetowego rosyjskiej telewizji publicznej Zwiezda. \u2014 Jedno jest pewne: z wolno\u015bci zrezygnowali bez wzgl\u0119du na wszystko \u2014 doda\u0142a.<\/p>\n<p> Jaki jest termin wprowadzenia zakazu importu rosyjskiego gazu? <\/p>\n<p> Kt\u00f3re pa\u0144stwa cz\u0142onkowskie UE g\u0142osowa\u0142y przeciwko zakazowi? <\/p>\n<p> Co powiedzia\u0142a Maria Zacharowa na temat decyzji UE? <\/p>\n<p> Jakie plany musz\u0105 przygotowa\u0107 kraje UE do 1 marca 2026 roku? <\/p>\n<p>      Czego dotyczy wprowadzony zakaz? <\/p>\n<p class=\"ods-c-paragraph \">Nowe regulacje przewiduj\u0105 wstrzymanie importu rosyjskiego skroplonego gazu ziemnego (LNG) do ko\u0144ca 2026 r., a gazu dostarczanego ruroci\u0105gami \u2014 do 30 wrze\u015bnia 2027 r. Zgodnie z nowymi przepisami, do 1 marca 2026 r. kraje UE musz\u0105 przygotowa\u0107 krajowe plany dywersyfikacji dostaw gazu i zidentyfikowa\u0107 potencjalne wyzwania zwi\u0105zane z zast\u0105pieniem gazu rosyjskiego. W tym celu firmy b\u0119d\u0105 zobowi\u0105zane do powiadomienia w\u0142adz i Komisji o wszelkich obecnie obowi\u0105zuj\u0105cych kontraktach na rosyjski gaz.<\/p>\n<p class=\"ods-c-paragraph \">Komisja planuje r\u00f3wnie\u017c zaproponowa\u0107 przepisy maj\u0105ce na celu stopniowe wycofywanie importu rosyjskiej ropy naftowej do ko\u0144ca 2027 r.<\/p>\n<p class=\"ods-c-paragraph \">Zobacz te\u017c:<\/p>\n","protected":false},"excerpt":{"rendered":"Dlaczego o tym piszemy? Ministrowie z pa\u0144stw cz\u0142onkowskich Unii Europejskiej ostatecznie zatwierdzili w poniedzia\u0142ek na posiedzeniu Rady Unii&hellip;\n","protected":false},"author":2,"featured_media":225850,"comment_status":"","ping_status":"","sticky":false,"template":"","format":"standard","meta":{"footnotes":""},"categories":[14],"tags":[32,33,27,1709,34,35,7490,2165,28,31,48,25,46,40,41,87,2337,47,80,29,30,86,70,26,82,83,84],"class_list":{"0":"post-225849","1":"post","2":"type-post","3":"status-publish","4":"format-standard","5":"has-post-thumbnail","7":"category-swiat","8":"tag-breaking-news","9":"tag-breakingnews","10":"tag-headlines","11":"tag-kreml","12":"tag-latest-news","13":"tag-latestnews","14":"tag-lng","15":"tag-maria_zacharowa","16":"tag-naglowki","17":"tag-najwazniejsze-artykuly","18":"tag-nat_styl","19":"tag-news","20":"tag-omp","21":"tag-polish","22":"tag-polski","23":"tag-rosja","24":"tag-sankcje","25":"tag-screening_general","26":"tag-swiat","27":"tag-top-stories","28":"tag-topstories","29":"tag-unia_europejska","30":"tag-w_skrocie","31":"tag-wiadomosci","32":"tag-world","33":"tag-world-news","34":"tag-worldnews"},"share_on_mastodon":{"url":"https:\/\/pubeurope.com\/@pl\/115961809089164125","error":""},"_links":{"self":[{"href":"https:\/\/www.europesays.com\/pl\/wp-json\/wp\/v2\/posts\/225849","targetHints":{"allow":["GET"]}}],"collection":[{"href":"https:\/\/www.europesays.com\/pl\/wp-json\/wp\/v2\/posts"}],"about":[{"href":"https:\/\/www.europesays.com\/pl\/wp-json\/wp\/v2\/types\/post"}],"author":[{"embeddable":true,"href":"https:\/\/www.europesays.com\/pl\/wp-json\/wp\/v2\/users\/2"}],"replies":[{"embeddable":true,"href":"https:\/\/www.europesays.com\/pl\/wp-json\/wp\/v2\/comments?post=225849"}],"version-history":[{"count":0,"href":"https:\/\/www.europesays.com\/pl\/wp-json\/wp\/v2\/posts\/225849\/revisions"}],"wp:featuredmedia":[{"embeddable":true,"href":"https:\/\/www.europesays.com\/pl\/wp-json\/wp\/v2\/media\/225850"}],"wp:attachment":[{"href":"https:\/\/www.europesays.com\/pl\/wp-json\/wp\/v2\/media?parent=225849"}],"wp:term":[{"taxonomy":"category","embeddable":true,"href":"https:\/\/www.europesays.com\/pl\/wp-json\/wp\/v2\/categories?post=225849"},{"taxonomy":"post_tag","embeddable":true,"href":"https:\/\/www.europesays.com\/pl\/wp-json\/wp\/v2\/tags?post=225849"}],"curies":[{"name":"wp","href":"https:\/\/api.w.org\/{rel}","templated":true}]}}