{"id":225851,"date":"2026-01-26T14:12:09","date_gmt":"2026-01-26T14:12:09","guid":{"rendered":"https:\/\/www.europesays.com\/pl\/225851\/"},"modified":"2026-01-26T14:12:09","modified_gmt":"2026-01-26T14:12:09","slug":"rekordowy-poranek-na-sor-ach-w-wielkopolsce-setki-urazow-po-upadkach-na-oblodzonych-chodnikach","status":"publish","type":"post","link":"https:\/\/www.europesays.com\/pl\/225851\/","title":{"rendered":"Rekordowy poranek na SOR-ach w Wielkopolsce. Setki uraz\u00f3w po upadkach na oblodzonych chodnikach"},"content":{"rendered":"<p class=\"Paragraph_desktopParagraph__U31Gm\">\u2014 To jest rekordowy dzie\u0144. Jeszcze nigdy nie zdarzy\u0142o si\u0119 tak, \u017ceby\u015bmy w ci\u0105gu pierwszych dw\u00f3ch godzin porannego dy\u017curu obs\u0142u\u017cyli 70 pacjent\u00f3w. Niekt\u00f3re oddzia\u0142y SOR w Poznaniu nie przyjmuj\u0105 tylu pacjent\u00f3w w ci\u0105gu ca\u0142ej doby \u2014 powiedzia\u0142 Radiu Pozna\u0144 szef pozna\u0144skiego SOR-u Patryk Konieczka.<\/p>\n<p class=\"Paragraph_desktopParagraph__U31Gm\">Zdecydowana wi\u0119kszo\u015b\u0107 zg\u0142osze\u0144 dotyczy\u0142a uraz\u00f3w mechanicznych \u2014 z\u0142ama\u0144, skr\u0119ce\u0144, pot\u0142ucze\u0144 oraz uraz\u00f3w g\u0142owy. W szczytowym momencie na diagnoz\u0119 czeka\u0142o ponad 120 os\u00f3b. Pacjenci przyznawali, \u017ce warunki na zewn\u0105trz by\u0142y skrajnie niebezpieczne.<\/p>\n<ul class=\"OchatFollowUps_wrapper__1ry7X\">\n<li class=\"OchatFollowUps_item__Dhyly OchatFollowUps_itemDesktop__R6aBv\">Jak wiele os\u00f3b trafi\u0142o na SOR w Poznaniu?<\/li>\n<li class=\"OchatFollowUps_item__Dhyly OchatFollowUps_itemDesktop__R6aBv\">Jakie urazy przewa\u017ca\u0142y w\u015br\u00f3d pacjent\u00f3w?<\/li>\n<li class=\"OchatFollowUps_item__Dhyly OchatFollowUps_itemDesktop__R6aBv\">Jak funkcjonuje kolejno\u015b\u0107 przyjmowania pacjent\u00f3w na SOR?<\/li>\n<li class=\"OchatFollowUps_item__Dhyly OchatFollowUps_itemDesktop__R6aBv\">Jakie s\u0105 prognozy dotycz\u0105ce dalszych zg\u0142osze\u0144 pacjent\u00f3w?<\/li>\n<\/ul>\n<p class=\"Paragraph_desktopParagraph__U31Gm\">&#8222;Rano po prostu nie da\u0142o si\u0119 wyj\u015b\u0107 z domu&#8221; \u2014 m\u00f3wili w rozmowach z reporterem Radia Pozna\u0144. &#8222;Mam lekki uraz g\u0142owy, mia\u0142em wi\u0119cej szcz\u0119\u015bcia ni\u017c rozumu&#8221; \u2014 relacjonowa\u0142 jeden z pacjent\u00f3w. &#8222;Wysiada\u0142em z auta, po\u015blizgn\u0105\u0142em si\u0119 i upad\u0142em&#8221; \u2014 dodawa\u0142 kolejny. &#8222;50 metr\u00f3w od domu upad\u0142am, boli mnie kostka. Pr\u00f3bowa\u0142am sama doj\u015b\u0107, ale musia\u0142 pom\u00f3c mi m\u0105\u017c, nie mia\u0142am ju\u017c si\u0142y&#8221; \u2014 opowiada\u0142a kobieta oczekuj\u0105ca na badanie.<\/p>\n<p class=\"Paragraph_desktopParagraph__U31Gm\">Personel SOR przypomina\u0142, \u017ce na oddziale nie obowi\u0105zuje kolejno\u015b\u0107 zg\u0142osze\u0144, lecz zasada triage \u2014 pacjenci s\u0105 przyjmowani wed\u0142ug stopnia zagro\u017cenia \u017cycia i zdrowia.<\/p>\n<p class=\"Paragraph_desktopParagraph__U31Gm\">Podobnie dramatyczna sytuacja panowa\u0142a w Kaliszu. Jak podaje Radio Pozna\u0144, od p\u00f3\u0142nocy na tamtejszy SOR trafi\u0142o ju\u017c 45 os\u00f3b z powa\u017cnymi obra\u017ceniami po upadkach na \u015bliskiej nawierzchni.<\/p>\n<p class=\"Paragraph_desktopParagraph__U31Gm\">\u2014 Oddzia\u0142 na bie\u017c\u0105co przyjmuje pacjent\u00f3w i nie wiadomo, jak d\u0142ugo jeszcze b\u0119d\u0105 si\u0119 zg\u0142asza\u0107 kolejne osoby, kt\u00f3re przegra\u0142y z dzisiejszym oblodzeniem chodnik\u00f3w \u2014 powiedzia\u0142 rzecznik kaliskiego szpitala Pawe\u0142 Gawro\u0144ski.<\/p>\n<p class=\"Paragraph_desktopParagraph__U31Gm\">Jak doda\u0142, pierwszy pacjent z urazem po upadku pojawi\u0142 si\u0119 oko\u0142o godziny 0:30 i od tamtej pory nieprzerwanie przyje\u017cd\u017caj\u0105 kolejne osoby. \u2014 Dzisiejsze warunki pogodowe bezpo\u015brednio przek\u0142adaj\u0105 si\u0119 na profil pacjent\u00f3w, kt\u00f3rzy trafiaj\u0105 do szpitala \u2014 podkre\u015bla Gawro\u0144ski.<\/p>\n<p class=\"Paragraph_desktopParagraph__U31Gm\">W\u015br\u00f3d poszkodowanych jest wielu senior\u00f3w, dla kt\u00f3rych nawet pozornie niegro\u017any upadek mo\u017ce oznacza\u0107 d\u0142ugotrwa\u0142e unieruchomienie i powa\u017cne powik\u0142ania. To kolejny w ostatnich tygodniach tak gwa\u0142towny wzrost liczby pacjent\u00f3w \u2014 tu\u017c po \u015bwi\u0119tach Bo\u017cego Narodzenia, w podobnych warunkach, do kaliskiego szpitala trafi\u0142o ponad 120 os\u00f3b.<\/p>\n<p class=\"Paragraph_desktopParagraph__U31Gm\">S\u0142u\u017cby apeluj\u0105 o szczeg\u00f3ln\u0105 ostro\u017cno\u015b\u0107. Przy takich warunkach pogodowych wystarczy chwila nieuwagi, by poranny spacer czy droga do pracy zako\u0144czy\u0142y si\u0119 wizyt\u0105 na szpitalnym oddziale ratunkowym.<\/p>\n","protected":false},"excerpt":{"rendered":"\u2014 To jest rekordowy dzie\u0144. Jeszcze nigdy nie zdarzy\u0142o si\u0119 tak, \u017ceby\u015bmy w ci\u0105gu pierwszych dw\u00f3ch godzin porannego&hellip;\n","protected":false},"author":2,"featured_media":225852,"comment_status":"","ping_status":"","sticky":false,"template":"","format":"standard","meta":{"footnotes":""},"categories":[12],"tags":[32,33,1815,36,37,27,34,35,1816,28,31,53,25,52,68,51,55,42,38,40,39,41,47,29,30,50,26,253],"class_list":{"0":"post-225851","1":"post","2":"type-post","3":"status-publish","4":"format-standard","5":"has-post-thumbnail","7":"category-polska","8":"tag-breaking-news","9":"tag-breakingnews","10":"tag-codziennypoznanpl","11":"tag-featured-news","12":"tag-featurednews","13":"tag-headlines","14":"tag-latest-news","15":"tag-latestnews","16":"tag-mm","17":"tag-naglowki","18":"tag-najwazniejsze-artykuly","19":"tag-new_header","20":"tag-news","21":"tag-onet3","22":"tag-onet3d","23":"tag-onet3d_2i","24":"tag-phx","25":"tag-pl","26":"tag-poland","27":"tag-polish","28":"tag-polska","29":"tag-polski","30":"tag-screening_general","31":"tag-top-stories","32":"tag-topstories","33":"tag-v2021","34":"tag-wiadomosci","35":"tag-zdrowie"},"share_on_mastodon":{"url":"https:\/\/pubeurope.com\/@pl\/115961813101846700","error":""},"_links":{"self":[{"href":"https:\/\/www.europesays.com\/pl\/wp-json\/wp\/v2\/posts\/225851","targetHints":{"allow":["GET"]}}],"collection":[{"href":"https:\/\/www.europesays.com\/pl\/wp-json\/wp\/v2\/posts"}],"about":[{"href":"https:\/\/www.europesays.com\/pl\/wp-json\/wp\/v2\/types\/post"}],"author":[{"embeddable":true,"href":"https:\/\/www.europesays.com\/pl\/wp-json\/wp\/v2\/users\/2"}],"replies":[{"embeddable":true,"href":"https:\/\/www.europesays.com\/pl\/wp-json\/wp\/v2\/comments?post=225851"}],"version-history":[{"count":0,"href":"https:\/\/www.europesays.com\/pl\/wp-json\/wp\/v2\/posts\/225851\/revisions"}],"wp:featuredmedia":[{"embeddable":true,"href":"https:\/\/www.europesays.com\/pl\/wp-json\/wp\/v2\/media\/225852"}],"wp:attachment":[{"href":"https:\/\/www.europesays.com\/pl\/wp-json\/wp\/v2\/media?parent=225851"}],"wp:term":[{"taxonomy":"category","embeddable":true,"href":"https:\/\/www.europesays.com\/pl\/wp-json\/wp\/v2\/categories?post=225851"},{"taxonomy":"post_tag","embeddable":true,"href":"https:\/\/www.europesays.com\/pl\/wp-json\/wp\/v2\/tags?post=225851"}],"curies":[{"name":"wp","href":"https:\/\/api.w.org\/{rel}","templated":true}]}}