{"id":225881,"date":"2026-01-26T14:27:14","date_gmt":"2026-01-26T14:27:14","guid":{"rendered":"https:\/\/www.europesays.com\/pl\/225881\/"},"modified":"2026-01-26T14:27:14","modified_gmt":"2026-01-26T14:27:14","slug":"gigantyczne-osuwisko-na-sycylii-setki-mieszkancow-niscemi-musialy-opuscic-domy","status":"publish","type":"post","link":"https:\/\/www.europesays.com\/pl\/225881\/","title":{"rendered":"Gigantyczne osuwisko na Sycylii. Setki mieszka\u0144c\u00f3w Niscemi musia\u0142y opu\u015bci\u0107 domy"},"content":{"rendered":"<p class=\"Paragraph_desktopParagraph__U31Gm\">W wyniku katastrofy, kt\u00f3ra rozpocz\u0119\u0142a si\u0119 w niedziel\u0119 oko\u0142o godz. 13, w asfalcie pojawi\u0142y si\u0119 g\u0142\u0119bokie p\u0119kni\u0119cia. Burmistrz Niscemi, Massimiliano Conti, podj\u0105\u0142 decyzj\u0119 o zamkni\u0119ciu szk\u00f3\u0142 oraz uruchomieniu Miejskiego Centrum Operacyjnego. Wezwa\u0142 tak\u017ce mieszka\u0144c\u00f3w dzielnic Sante Croci, Belvedere, obszaru przy strumieniu Benefizio oraz dzielnicy Pirillo do opuszczenia dom\u00f3w.<\/p>\n<p class=\"Paragraph_desktopParagraph__U31Gm\">Oko\u0142o 500 os\u00f3b z obszar\u00f3w uznanych za najbardziej zagro\u017cone zosta\u0142o ewakuowanych. Do pomocy przesiedlonym skierowano 70 wolontariuszy, a w o\u015brodku sportowym Pio La Torre przygotowano setki \u0142\u00f3\u017cek polowych dla os\u00f3b, kt\u00f3re musia\u0142y opu\u015bci\u0107 swoje domy. Szef regionalnego Departamentu Obrony Cywilnej, Salvo Cocina, przyby\u0142 do Niscemi, by na bie\u017c\u0105co nadzorowa\u0107 sytuacj\u0119 i koordynowa\u0107 dzia\u0142ania s\u0142u\u017cb.<\/p>\n<ul class=\"OchatFollowUps_wrapper__1ry7X\">\n<li class=\"OchatFollowUps_item__Dhyly OchatFollowUps_itemDesktop__R6aBv\">Co spowodowa\u0142o osuwisko w Niscemi?<\/li>\n<li class=\"OchatFollowUps_item__Dhyly OchatFollowUps_itemDesktop__R6aBv\">Ilu mieszka\u0144c\u00f3w ewakuowano z Niscemi?<\/li>\n<li class=\"OchatFollowUps_item__Dhyly OchatFollowUps_itemDesktop__R6aBv\">Jakie dzia\u0142ania podj\u0119to w zwi\u0105zku z osuwiskiem?<\/li>\n<li class=\"OchatFollowUps_item__Dhyly OchatFollowUps_itemDesktop__R6aBv\">Jakie s\u0105 dost\u0119pne trasy komunikacyjne w Niscemi?<\/li>\n<\/ul>\n<p>Sytuacja na drogach i dzia\u0142ania s\u0142u\u017cb <\/p>\n<p class=\"Paragraph_desktopParagraph__U31Gm\">Dramatyczne wydarzenia w Niscemi przypominaj\u0105 o tragedii sprzed 29 lat, kiedy to ten sam obszar r\u00f3wnie\u017c ucierpia\u0142 w wyniku osuwiska. Obecnie droga wojew\u00f3dzka nr 12 zosta\u0142a ca\u0142kowicie zamkni\u0119ta dla ruchu, a jedyn\u0105 tras\u0105 \u0142\u0105cz\u0105c\u0105 miasto z drog\u0105 krajow\u0105 Gela-Katania pozostaje droga wojew\u00f3dzka nr 11. W\u0142adze lokalne i s\u0142u\u017cby ratunkowe nieustannie monitoruj\u0105 stan infrastruktury oraz sytuacj\u0119 mieszka\u0144c\u00f3w.<\/p>\n<p class=\"Paragraph_desktopParagraph__U31Gm\">Minister obrony cywilnej i polityki morskiej, Nello Musumeci, poinformowa\u0142, \u017ce w ostatnich godzinach sytuacja w Niscemi uleg\u0142a pogorszeniu, co najprawdopodobniej jest skutkiem intensywnych opad\u00f3w deszczu. Minister zapewni\u0142 burmistrza o pe\u0142nym wsparciu ze strony rz\u0105du oraz Departamentu Obrony Cywilnej, kt\u00f3ry skierowa\u0142 na miejsce zesp\u00f3\u0142 technik\u00f3w maj\u0105cych wspom\u00f3c lokalne i regionalne s\u0142u\u017cby.<\/p>\n","protected":false},"excerpt":{"rendered":"W wyniku katastrofy, kt\u00f3ra rozpocz\u0119\u0142a si\u0119 w niedziel\u0119 oko\u0142o godz. 13, w asfalcie pojawi\u0142y si\u0119 g\u0142\u0119bokie p\u0119kni\u0119cia. Burmistrz&hellip;\n","protected":false},"author":2,"featured_media":225882,"comment_status":"","ping_status":"","sticky":false,"template":"","format":"standard","meta":{"footnotes":""},"categories":[5],"tags":[32,33,36,37,27,34,35,28,31,53,25,52,68,51,19580,55,42,10421,38,40,39,41,47,40622,29,30,65,50,26,4360],"class_list":{"0":"post-225881","1":"post","2":"type-post","3":"status-publish","4":"format-standard","5":"has-post-thumbnail","7":"category-naglowki","8":"tag-breaking-news","9":"tag-breakingnews","10":"tag-featured-news","11":"tag-featurednews","12":"tag-headlines","13":"tag-latest-news","14":"tag-latestnews","15":"tag-naglowki","16":"tag-najwazniejsze-artykuly","17":"tag-new_header","18":"tag-news","19":"tag-onet3","20":"tag-onet3d","21":"tag-onet3d_2i","22":"tag-osuwisko","23":"tag-phx","24":"tag-pl","25":"tag-podroze_onet","26":"tag-poland","27":"tag-polish","28":"tag-polska","29":"tag-polski","30":"tag-screening_general","31":"tag-sycylia_wyspa","32":"tag-top-stories","33":"tag-topstories","34":"tag-update_me","35":"tag-v2021","36":"tag-wiadomosci","37":"tag-wlochy_kraj"},"share_on_mastodon":{"url":"https:\/\/pubeurope.com\/@pl\/115961872067359369","error":""},"_links":{"self":[{"href":"https:\/\/www.europesays.com\/pl\/wp-json\/wp\/v2\/posts\/225881","targetHints":{"allow":["GET"]}}],"collection":[{"href":"https:\/\/www.europesays.com\/pl\/wp-json\/wp\/v2\/posts"}],"about":[{"href":"https:\/\/www.europesays.com\/pl\/wp-json\/wp\/v2\/types\/post"}],"author":[{"embeddable":true,"href":"https:\/\/www.europesays.com\/pl\/wp-json\/wp\/v2\/users\/2"}],"replies":[{"embeddable":true,"href":"https:\/\/www.europesays.com\/pl\/wp-json\/wp\/v2\/comments?post=225881"}],"version-history":[{"count":0,"href":"https:\/\/www.europesays.com\/pl\/wp-json\/wp\/v2\/posts\/225881\/revisions"}],"wp:featuredmedia":[{"embeddable":true,"href":"https:\/\/www.europesays.com\/pl\/wp-json\/wp\/v2\/media\/225882"}],"wp:attachment":[{"href":"https:\/\/www.europesays.com\/pl\/wp-json\/wp\/v2\/media?parent=225881"}],"wp:term":[{"taxonomy":"category","embeddable":true,"href":"https:\/\/www.europesays.com\/pl\/wp-json\/wp\/v2\/categories?post=225881"},{"taxonomy":"post_tag","embeddable":true,"href":"https:\/\/www.europesays.com\/pl\/wp-json\/wp\/v2\/tags?post=225881"}],"curies":[{"name":"wp","href":"https:\/\/api.w.org\/{rel}","templated":true}]}}