{"id":225996,"date":"2026-01-26T15:34:09","date_gmt":"2026-01-26T15:34:09","guid":{"rendered":"https:\/\/www.europesays.com\/pl\/225996\/"},"modified":"2026-01-26T15:34:09","modified_gmt":"2026-01-26T15:34:09","slug":"waldemar-zurek-przylapany-na-wykroczeniu-drogowym-mamy-stanowisko-ministra-onet","status":"publish","type":"post","link":"https:\/\/www.europesays.com\/pl\/225996\/","title":{"rendered":"Waldemar \u017burek przy\u0142apany na wykroczeniu drogowym? Mamy stanowisko ministra &#8211; Onet"},"content":{"rendered":"<ol>\n<li><a href=\"https:\/\/news.google.com\/rss\/articles\/CBMi0wFBVV95cUxNeUwxT2RYN3VsTGJ3VE9zdlh0b3N5MURoYXhsX1R0QmFZWURBRUtoU2hxNURHZ3BVLVo5UkpHMUJpR3RFenFBdERqN0N4LTJzZy1BWjZrNE9yTnItM2ZfTkJqWDlYYjdCdTMwWXJGR1VoVTItQ1pzTVhoOXUxVU9sUk9xc2IxdFI1akVEcjFvdzAwQy1nc0lzbTNJM1lsbkR1UldtaVNtcTh6WFZXNGswMnVlTm1VaEFrckp6RF8wQ2prd0p6UU80YkdQODh4Ylh2clpF?oc=5\" target=\"_blank\" rel=\"nofollow noopener\">Waldemar \u017burek przy\u0142apany na wykroczeniu drogowym? Mamy stanowisko ministra<\/a>&nbsp;&nbsp;Onet<\/li>\n<li><a href=\"https:\/\/news.google.com\/rss\/articles\/CBMitAFBVV95cUxOWGwwNW1YajJpZWhpT3R4NzJLa2Q3dWh5aTdONjhQc3RvMVR6b0ZuYnR6RWgtYXlLOGpOeDJLam1TemM1MzdoMmN0QkY0bHR5bWlCMHRqZ0NZaktWRktEMENEVWpEandNbGtsQjBoY2VVUF9TeHFiaHhoa3ZuMjItelRpUXE2M1IyeFFsYVZwbXcwdDUwY0lmYlNsRVlNa25vVUJ4dndHelc1UlFzc2txUFpmMlk?oc=5\" target=\"_blank\" rel=\"nofollow noopener\">Doniesienia o mo\u017cliwym wykroczeniu drogowym Waldemara \u017burka. Mamy komentarz ministra<\/a>&nbsp;&nbsp;Onet Wiadomo\u015bci<\/li>\n<li><a href=\"https:\/\/news.google.com\/rss\/articles\/CBMisgFBVV95cUxOR0tLbWtWcTJleXVYLXA2R01iV3p0SDFVSVYtUzhSU2dHb2FyYWR2NUpLcnVKQzFpN05Eb1ZDY1hPTFlReWQ5cU0yeGxTWDV3RDZIaTlhUzVpOTlfcUdaUURRYmRCRUk3eDhLQ3QyX0V5M0ZRSUlLR1d4Vk9pMWNKS3NTQ1BKb0RvSDNTcXhBZFpGbDBZSmlGOHFSNmJrT2kycHlPSGVRMnFta0dyTUw1dlln?oc=5\" target=\"_blank\" rel=\"nofollow noopener\">Minister \u017burek przy\u0142apany na wykroczeniu? Wjecha\u0142 na pasy, a tam piesza<\/a>&nbsp;&nbsp;WP Wiadomo\u015bci<\/li>\n<li><a href=\"https:\/\/news.google.com\/rss\/articles\/CBMimgFBVV95cUxOU3pjcVZYVlBDb0hzU3h5UDJHMlNISjl5X2dGSTUyaDZYSlNYVk9sUnR3WnZzTjlSOURIS2R6MFJ5SDN6bk1aaEl3bExkNXlwNEtJeTBiOVdfZG1DNTBWWExTX0JKRUFramM0OVctNlo5NXJ2UDFKS2RfUlIyQU53V09JeDFGUUFRcVBKSHB5ZENCMG1TYjg1TlZn?oc=5\" target=\"_blank\" rel=\"nofollow noopener\">&#8222;Przejecha\u0142 pan prawie po pani&#8221;. Tak \u017burek kierowa\u0142 &#8222;Maluchem&#8221;<\/a>&nbsp;&nbsp;wPolityce.pl<\/li>\n<li><a href=\"https:\/\/news.google.com\/rss\/articles\/CBMijgFBVV95cUxQb25jTnByay16eTB2UXNKUU41SUFFdG9iT3M3MGlERkZjMmx3RVR6U2t3bW9RTEFnb3BoaWxjQmtrZUZHVVh3XzJsaWtsWUJXaXJyeUIwZmdpNC1Gc2x1U29XOUtldXUyTHlCcVJvMUtaRzBDYklsLV9ua1RfeFQyNlI1SU04VGM0T0NHTVVn0gGKAUFVX3lxTE51MC1PbUFFdWgwUUJrc2dRUVpFQW1DaXZJYXp1S2x0cnBBejI1dVRMR3d1OGE3ZG9zMnFGd1NaWFJxTlhNZS1rd3lDQmdfOUw1c2xqM045d2NGODY2Ti03dlhrdWQyWXRtZGlRbS1yY210c080LUptMThGSnN0REZHMmhtd1lYVUNJZw?oc=5\" target=\"_blank\" rel=\"nofollow noopener\">\u017burek z\u0142ama\u0142 przepisy? Zdarzenie nagra\u0142y kamery<\/a>&nbsp;&nbsp;Do Rzeczy<\/li>\n<\/ol>\n","protected":false},"excerpt":{"rendered":"Waldemar \u017burek przy\u0142apany na wykroczeniu drogowym? Mamy stanowisko ministra&nbsp;&nbsp;Onet Doniesienia o mo\u017cliwym wykroczeniu drogowym Waldemara \u017burka. Mamy komentarz&hellip;\n","protected":false},"author":2,"featured_media":225997,"comment_status":"","ping_status":"","sticky":false,"template":"","format":"standard","meta":{"footnotes":""},"categories":[5],"tags":[32,33,6766,36,37,27,67,496,34,35,985,28,31,53,25,52,68,51,55,22713,42,7270,38,40,39,41,47,29,30,50,793,26],"class_list":{"0":"post-225996","1":"post","2":"type-post","3":"status-publish","4":"format-standard","5":"has-post-thumbnail","7":"category-naglowki","8":"tag-breaking-news","9":"tag-breakingnews","10":"tag-drogi_droga","11":"tag-featured-news","12":"tag-featurednews","13":"tag-headlines","14":"tag-intextvideo_splayer","15":"tag-kierowcy","16":"tag-latest-news","17":"tag-latestnews","18":"tag-ministerstwo_sprawiedliwosci_minister_sprawiedliwosci","19":"tag-naglowki","20":"tag-najwazniejsze-artykuly","21":"tag-new_header","22":"tag-news","23":"tag-onet3","24":"tag-onet3d","25":"tag-onet3d_2i","26":"tag-phx","27":"tag-piesi","28":"tag-pl","29":"tag-podcast","30":"tag-poland","31":"tag-polish","32":"tag-polska","33":"tag-polski","34":"tag-screening_general","35":"tag-top-stories","36":"tag-topstories","37":"tag-v2021","38":"tag-waldemar_zurek","39":"tag-wiadomosci"},"share_on_mastodon":{"url":"","error":"Validation failed: Text character limit of 500 exceeded"},"_links":{"self":[{"href":"https:\/\/www.europesays.com\/pl\/wp-json\/wp\/v2\/posts\/225996","targetHints":{"allow":["GET"]}}],"collection":[{"href":"https:\/\/www.europesays.com\/pl\/wp-json\/wp\/v2\/posts"}],"about":[{"href":"https:\/\/www.europesays.com\/pl\/wp-json\/wp\/v2\/types\/post"}],"author":[{"embeddable":true,"href":"https:\/\/www.europesays.com\/pl\/wp-json\/wp\/v2\/users\/2"}],"replies":[{"embeddable":true,"href":"https:\/\/www.europesays.com\/pl\/wp-json\/wp\/v2\/comments?post=225996"}],"version-history":[{"count":0,"href":"https:\/\/www.europesays.com\/pl\/wp-json\/wp\/v2\/posts\/225996\/revisions"}],"wp:featuredmedia":[{"embeddable":true,"href":"https:\/\/www.europesays.com\/pl\/wp-json\/wp\/v2\/media\/225997"}],"wp:attachment":[{"href":"https:\/\/www.europesays.com\/pl\/wp-json\/wp\/v2\/media?parent=225996"}],"wp:term":[{"taxonomy":"category","embeddable":true,"href":"https:\/\/www.europesays.com\/pl\/wp-json\/wp\/v2\/categories?post=225996"},{"taxonomy":"post_tag","embeddable":true,"href":"https:\/\/www.europesays.com\/pl\/wp-json\/wp\/v2\/tags?post=225996"}],"curies":[{"name":"wp","href":"https:\/\/api.w.org\/{rel}","templated":true}]}}