{"id":226111,"date":"2026-01-26T16:38:08","date_gmt":"2026-01-26T16:38:08","guid":{"rendered":"https:\/\/www.europesays.com\/pl\/226111\/"},"modified":"2026-01-26T16:38:08","modified_gmt":"2026-01-26T16:38:08","slug":"co-za-wiesci-legenda-tenisa-oglasza-wta-reaguje-przeglad-sportowy-onet","status":"publish","type":"post","link":"https:\/\/www.europesays.com\/pl\/226111\/","title":{"rendered":"Co za wie\u015bci! Legenda tenisa og\u0142asza! WTA reaguje &#8211; Przegl\u0105d Sportowy Onet"},"content":{"rendered":"<ol>\n<li><a href=\"https:\/\/news.google.com\/rss\/articles\/CBMimwFBVV95cUxQaFJJaXdQQW9fZ1NXR0Y0MkphWEM0Q0pQRUZfZ24xQXRGTkJYZlJYb25RX21DVUd6eUhYX1A2Mm1WSmpCeENzejZad2JKYlZyTUFoY0Y2TUF6VEg1R2tOWVh3ZGczWGZzLUc4VGhVZzF4MXJPa3NpN0Q1bXFMYk11NE9ScGU4WFBZUU42Y1NDMEhDb0R5UW5HclI1UQ?oc=5\" target=\"_blank\" rel=\"nofollow noopener\">Co za wie\u015bci! Legenda tenisa og\u0142asza! WTA reaguje<\/a>&nbsp;&nbsp;Przegl\u0105d Sportowy Onet<\/li>\n<li><a href=\"https:\/\/news.google.com\/rss\/articles\/CBMirgFBVV95cUxOZGpzXzlQbThuY01qTHo4OXRMMEJObk1rUktCWHQwbmFuZnFSWWZWZkhYRzBNdjBCOUJjY29FTE9qa1R0WTlicVprM3hUR1cxaXRjdm80XzQ4TFo5WVBfdkZhS0xPT2VvNmJoM1JscERYZl9XMW91NFluR2t1Q3NpU05EUXdVWWhDOHVkYUE4Znd6VEJwaFBkRVRmOXNxRHowQ01pMkpSLXg5UjRPbGc?oc=5\" target=\"_blank\" rel=\"nofollow noopener\">Mistrzyni Wimbledonu nagle nada\u0142a komunikat. B\u0142yskawiczna reakcja WTA<\/a>&nbsp;&nbsp;Sport w INTERIA.PL<\/li>\n<li><a href=\"https:\/\/news.google.com\/rss\/articles\/CBMisgFBVV95cUxOdUxXZy1mLTNabWg5YXNhQmpkRWVBUGFuVnQtVURXYWVwNmQ0TEF3TnFqdUFQTFk4MzJnV0hpSVRyS1JVTDRtNDZGeFcxOXhCVnRtTUdRek5fX1RoeHRHN0NWa01HSVh3Q1pGN2hTS0ppV2RQU0swdlJPZXhZaEtPZWFvYU5fWnQ1ZS1zSGlzRW1ESnh5aThMMkhmRWRuaTZmSmVLMU9sclFQVDJuWDB1eW1n?oc=5\" target=\"_blank\" rel=\"nofollow noopener\">By\u0142a liderka rankingu WTA w nowej roli! To zdj\u0119cie m\u00f3wi wszystko<\/a>&nbsp;&nbsp;www.polsatsport.pl<\/li>\n<li><a href=\"https:\/\/news.google.com\/rss\/articles\/CBMikgFBVV95cUxOa3FXSEZWMWVWdE1UR0o3Rnp6Z09RVlJxT1I4TExaOUtyYVBmQktuMnNMSTJMVUlHR0pkUUNkSnEtZTM5dUIwdzQyX19tbDkwQlhiRWVNVzNrT1Fmd0ZGejZPYmZGQWtIcFVVR1ZRZ2JJNEZ6dXpnUUdFaHRFTTFFclNvNnBzNF9UQWVUTHhUdGhuZw?oc=5\" target=\"_blank\" rel=\"nofollow noopener\">&#8222;Nasz ma\u0142y cud&#8221;. By\u0142a gwiazda tenisa zosta\u0142a mam\u0105<\/a>&nbsp;&nbsp;SportoweFakty<\/li>\n<\/ol>\n","protected":false},"excerpt":{"rendered":"Co za wie\u015bci! Legenda tenisa og\u0142asza! WTA reaguje&nbsp;&nbsp;Przegl\u0105d Sportowy Onet Mistrzyni Wimbledonu nagle nada\u0142a komunikat. B\u0142yskawiczna reakcja WTA&nbsp;&nbsp;Sport&hellip;\n","protected":false},"author":2,"featured_media":226112,"comment_status":"","ping_status":"","sticky":false,"template":"","format":"standard","meta":{"footnotes":""},"categories":[24],"tags":[695,30120,67,129,42,38,40,39,41,136,128,47,127,135,126,156,130,157],"class_list":{"0":"post-226111","1":"post","2":"type-post","3":"status-publish","4":"format-standard","5":"has-post-thumbnail","7":"category-sport","8":"tag-dziecko","9":"tag-garbine_muguruza","10":"tag-intextvideo_splayer","11":"tag-ofsajd","12":"tag-pl","13":"tag-poland","14":"tag-polish","15":"tag-polska","16":"tag-polski","17":"tag-ps_detal_new","18":"tag-psv2","19":"tag-screening_general","20":"tag-sport","21":"tag-sport_sport","22":"tag-sports","23":"tag-tenis","24":"tag-wiadomosci_sportowe","25":"tag-wta"},"share_on_mastodon":{"url":"https:\/\/pubeurope.com\/@pl\/115962387083846149","error":""},"_links":{"self":[{"href":"https:\/\/www.europesays.com\/pl\/wp-json\/wp\/v2\/posts\/226111","targetHints":{"allow":["GET"]}}],"collection":[{"href":"https:\/\/www.europesays.com\/pl\/wp-json\/wp\/v2\/posts"}],"about":[{"href":"https:\/\/www.europesays.com\/pl\/wp-json\/wp\/v2\/types\/post"}],"author":[{"embeddable":true,"href":"https:\/\/www.europesays.com\/pl\/wp-json\/wp\/v2\/users\/2"}],"replies":[{"embeddable":true,"href":"https:\/\/www.europesays.com\/pl\/wp-json\/wp\/v2\/comments?post=226111"}],"version-history":[{"count":0,"href":"https:\/\/www.europesays.com\/pl\/wp-json\/wp\/v2\/posts\/226111\/revisions"}],"wp:featuredmedia":[{"embeddable":true,"href":"https:\/\/www.europesays.com\/pl\/wp-json\/wp\/v2\/media\/226112"}],"wp:attachment":[{"href":"https:\/\/www.europesays.com\/pl\/wp-json\/wp\/v2\/media?parent=226111"}],"wp:term":[{"taxonomy":"category","embeddable":true,"href":"https:\/\/www.europesays.com\/pl\/wp-json\/wp\/v2\/categories?post=226111"},{"taxonomy":"post_tag","embeddable":true,"href":"https:\/\/www.europesays.com\/pl\/wp-json\/wp\/v2\/tags?post=226111"}],"curies":[{"name":"wp","href":"https:\/\/api.w.org\/{rel}","templated":true}]}}