{"id":226118,"date":"2026-01-26T16:43:10","date_gmt":"2026-01-26T16:43:10","guid":{"rendered":"https:\/\/www.europesays.com\/pl\/226118\/"},"modified":"2026-01-26T16:43:10","modified_gmt":"2026-01-26T16:43:10","slug":"tarcia-w-podlaskim-pis-jacek-sasin-tlumaczy-porzadkujemy-szeregi","status":"publish","type":"post","link":"https:\/\/www.europesays.com\/pl\/226118\/","title":{"rendered":"Tarcia w podlaskim PiS. Jacek Sasin t\u0142umaczy. &#8222;Porz\u0105dkujemy szeregi&#8221;"},"content":{"rendered":"<ul class=\"UnorderedList_container__nmfSl\">\n<li class=\"UnorderedList_listElement__Py7xi\" data-id=\"ai-summary-link\">Du\u017co czytania, a ma\u0142o czasu? Sprawd\u017a\u00a0skr\u00f3t\u00a0artyku\u0142u<\/li>\n<\/ul>\n<p class=\"Paragraph_desktopParagraph__U31Gm\">\u2014 Zacz\u0105\u0142em rozwa\u017ca\u0107 odej\u015bcie, tak\u017ce ze wzgl\u0119du na tarcia w Prawie i Sprawiedliwo\u015bci na g\u00f3rze. Jak tak dalej b\u0119dzie, PiS przer\u017cnie najbli\u017csze wybory i te parlamentarne, i te samorz\u0105dowe \u2014 twierdzi w rozmowie z &#8222;Gazet\u0105 Wyborcz\u0105&#8221; jeden z radnych PiS z Podlasia. \u2014 Od niedawna zacz\u0105\u0142 panowa\u0107 zamordyzm. Z w\u0142asnym zdaniem lepiej si\u0119 tu nie wychyla\u0107 \u2014 dodaje.<\/p>\n<p class=\"Paragraph_desktopParagraph__U31Gm\">Pod koniec 2025 r. z partii wyrzucona zosta\u0142a bia\u0142ostocka radna Alicja Bia\u0142y. \u2014 Jako radna PiS g\u0142osowa\u0142a w kluczowych sprawach wbrew stanowisku klubu, m.in. popieraj\u0105c niekt\u00f3re szkodliwe dzia\u0142ania prezydenta miasta [Tadeusza Truskolaskiego] wspieranego przez KO. Takie post\u0119powanie podwa\u017ca sp\u00f3jno\u015b\u0107 i wiarygodno\u015b\u0107 PiS \u2014 wyja\u015bni\u0142 Artur Kosicki, stoj\u0105cy na czele opozycyjnego klubu Prawa i Sprawiedliwo\u015bci w sejmiku podlaskim.<\/p>\n<p class=\"Paragraph_desktopParagraph__U31Gm\">Alicja Bia\u0142y przekonuje w rozmowie z &#8222;GW&#8221;, \u017ce &#8222;zawsze g\u0142osowa\u0142a zgodnie z w\u0142asnym sumieniem, aby dba\u0107 o interesy mieszka\u0144c\u00f3w&#8221; i nie spodziewa\u0142a si\u0119 wyrzucenia z PiS. \u2014 Czuj\u0119 \u017cal do tych, kt\u00f3rzy mnie tak potraktowali. Nikt ze mn\u0105 o zamiarze usuni\u0119cia mnie z partii nie rozmawia\u0142 \u2014 wskazuje.<\/p>\n<p class=\"VideoPlayerText_videoPlayerText__iDwyz\">Dalszy ci\u0105g materia\u0142u pod wideo<\/p>\n<p>&#8222;PiS zgubi\u0142o idea\u0142y&#8221;. Radny odchodzi z partii. Jacek Sasin t\u0142umaczy <\/p>\n<p class=\"Paragraph_desktopParagraph__U31Gm\">W podobnym czasie z PiS odszed\u0142 \u0142om\u017cy\u0144ski radny Piotr Modzelewski. \u2014 PiS zgubi\u0142 swoje idea\u0142y \u2014 wyja\u015bni\u0142 w Radiu Bia\u0142ystok. \u2014 Uwa\u017cam, \u017ce PiS nie odpowiada teraz na zapotrzebowanie m\u0142odych ludzi \u2014 doda\u0142.<\/p>\n<p class=\"Paragraph_desktopParagraph__U31Gm\">Prezes podlaskiego PiS i pose\u0142 tej partii Jacek Sasin przekonuje, \u017ce w podlaskich szeregach ugrupowania wszystko jest w porz\u0105dku. \u2014 Porz\u0105dkujemy nasze szeregi, aby\u015bmy byli jednoznaczni \u2014 zaznacza w rozmowie z &#8222;GW&#8221;.<\/p>\n<p class=\"Paragraph_desktopParagraph__U31Gm\">\u2014 Poza pojedynczymi przypadkami, w wi\u0119kszo\u015bci jeste\u015bmy zmobilizowani i przede wszystkim mamy wsp\u00f3lne cele, wygranie najbli\u017cszych wybor\u00f3w parlamentarnych i samorz\u0105dowych \u2014 dodaje.<\/p>\n","protected":false},"excerpt":{"rendered":"Du\u017co czytania, a ma\u0142o czasu? Sprawd\u017a\u00a0skr\u00f3t\u00a0artyku\u0142u \u2014 Zacz\u0105\u0142em rozwa\u017ca\u0107 odej\u015bcie, tak\u017ce ze wzgl\u0119du na tarcia w Prawie i&hellip;\n","protected":false},"author":2,"featured_media":226119,"comment_status":"","ping_status":"","sticky":false,"template":"","format":"standard","meta":{"footnotes":""},"categories":[12],"tags":[32,33,36,37,27,67,12974,34,35,28,31,53,25,52,68,51,55,42,38,40,39,41,868,3941,47,29,30,65,50,26],"class_list":{"0":"post-226118","1":"post","2":"type-post","3":"status-publish","4":"format-standard","5":"has-post-thumbnail","7":"category-polska","8":"tag-breaking-news","9":"tag-breakingnews","10":"tag-featured-news","11":"tag-featurednews","12":"tag-headlines","13":"tag-intextvideo_splayer","14":"tag-jacek_sasin","15":"tag-latest-news","16":"tag-latestnews","17":"tag-naglowki","18":"tag-najwazniejsze-artykuly","19":"tag-new_header","20":"tag-news","21":"tag-onet3","22":"tag-onet3d","23":"tag-onet3d_2i","24":"tag-phx","25":"tag-pl","26":"tag-poland","27":"tag-polish","28":"tag-polska","29":"tag-polski","30":"tag-prawo_i_sprawiedliwosc_pis","31":"tag-radni","32":"tag-screening_general","33":"tag-top-stories","34":"tag-topstories","35":"tag-update_me","36":"tag-v2021","37":"tag-wiadomosci"},"share_on_mastodon":{"url":"https:\/\/pubeurope.com\/@pl\/115962406771466961","error":""},"_links":{"self":[{"href":"https:\/\/www.europesays.com\/pl\/wp-json\/wp\/v2\/posts\/226118","targetHints":{"allow":["GET"]}}],"collection":[{"href":"https:\/\/www.europesays.com\/pl\/wp-json\/wp\/v2\/posts"}],"about":[{"href":"https:\/\/www.europesays.com\/pl\/wp-json\/wp\/v2\/types\/post"}],"author":[{"embeddable":true,"href":"https:\/\/www.europesays.com\/pl\/wp-json\/wp\/v2\/users\/2"}],"replies":[{"embeddable":true,"href":"https:\/\/www.europesays.com\/pl\/wp-json\/wp\/v2\/comments?post=226118"}],"version-history":[{"count":0,"href":"https:\/\/www.europesays.com\/pl\/wp-json\/wp\/v2\/posts\/226118\/revisions"}],"wp:featuredmedia":[{"embeddable":true,"href":"https:\/\/www.europesays.com\/pl\/wp-json\/wp\/v2\/media\/226119"}],"wp:attachment":[{"href":"https:\/\/www.europesays.com\/pl\/wp-json\/wp\/v2\/media?parent=226118"}],"wp:term":[{"taxonomy":"category","embeddable":true,"href":"https:\/\/www.europesays.com\/pl\/wp-json\/wp\/v2\/categories?post=226118"},{"taxonomy":"post_tag","embeddable":true,"href":"https:\/\/www.europesays.com\/pl\/wp-json\/wp\/v2\/tags?post=226118"}],"curies":[{"name":"wp","href":"https:\/\/api.w.org\/{rel}","templated":true}]}}