{"id":226120,"date":"2026-01-26T16:44:10","date_gmt":"2026-01-26T16:44:10","guid":{"rendered":"https:\/\/www.europesays.com\/pl\/226120\/"},"modified":"2026-01-26T16:44:10","modified_gmt":"2026-01-26T16:44:10","slug":"holownia-rozwaza-opcje-atomowa-oni-moga-opuscic-polske-2050","status":"publish","type":"post","link":"https:\/\/www.europesays.com\/pl\/226120\/","title":{"rendered":"Ho\u0142ownia rozwa\u017ca &#8222;opcj\u0119 atomow\u0105&#8221;. Oni mog\u0105 opu\u015bci\u0107 Polsk\u0119 2050"},"content":{"rendered":"\n<p>&#13;<br \/>\nSwoiste ultimatum, kt\u00f3rym Szymon Ho\u0142ownia zagrozi\u0142 opuszczeniem za\u0142o\u017conej przez siebie partii pad\u0142o w\u00a0poniedzia\u0142kowym programie &#8222;Graffiti&#8221; na\u00a0antenie Polsat News. &#13;\n<\/p>\n<p>Ho\u0142ownia grozi opuszczeniem Polski 2050. Ujawniono jego stronnik\u00f3w<\/p>\n<p>&#13;<br \/>\n\u2013 Je\u017celi b\u0119dzie sytuacja, w\u00a0kt\u00f3rej mamy do\u00a0czynienia z\u00a0prywatyzacj\u0105 ugrupowania przez jedn\u0105 z\u00a0frakcji&#8230; Nie\u00a0wiedz\u0119 innego rozwi\u0105zania. Tak opuszcz\u0119 Polsk\u0119 2050, bo\u00a0nie b\u0119dzie to\u00a0Polska 2050 ani Szymona Ho\u0142owni, ani tych warto\u015bci, z\u00a0kt\u00f3rymi t\u0119\u00a0parti\u0119 zak\u0142ada\u0142em \u2013\u00a0zapowiedzia\u0142 polityk. &#13;\n<\/p>\n<p>&#13;<br \/>\nZe s\u0142\u00f3w Ho\u0142owni wynika, \u017ce\u00a0gdyby zdecydowa\u0142 si\u0119 na\u00a0tak radykalny krok, nie\u00a0opu\u015bci\u0142by partii sam. \u2013\u00a0Jest ze\u00a0mn\u0105 pewnie, \u017ce\u00a0tak powiem, wi\u0119kszo\u015b\u0107 rz\u0105dowa. Wi\u0119kszo\u015b\u0107 rz\u0105dowa wynosi dzisiaj matematycznie 13, natomiast jak si\u0119 popatrzy od\u00a0pocz\u0105tku kadencji na\u00a0statystyk\u0119 g\u0142osowa\u0144, to\u00a0efektywnie jest to\u00a015-16 os\u00f3b \u2013\u00a0podkre\u015bli\u0142. &#13;\n<\/p>\n<p>&#13;<br \/>\nO tym, \u017ce\u00a0by\u0142y marsza\u0142ek Sejmu mo\u017ce zdecydowa\u0107 si\u0119 na\u00a0&#8222;opcj\u0119 atomow\u0105&#8221; informowa\u0142a wcze\u015bniej Interia. Portal ten wskazuje dzi\u015b, \u017ce\u00a0scenariusz ten jest bardzo prawdopodobnie. Jednocze\u015bnie publikuje list\u0119 stronnik\u00f3w Ho\u0142owni, kt\u00f3rzy wraz z\u00a0nim mogliby opu\u015bci\u0107 parti\u0119. To, jak czytamy: Agnieszka Buczy\u0144ska, El\u017cbieta Burkiewicz, Adam Gomo\u0142a, Piotr G\u00f3rnikiewicz, Micha\u0142 Gramatyka, Adam Lubo\u0144ski, Maja Nowak, Barbara Oku\u0142a, \u0141ukasz Osmalak, Bartosz Romowicz, Piotr Strach, Pawe\u0142 \u015aliz i\u00a0Kamil Wnuk. &#13;\n<\/p>\n<p>&#13;<br \/>\nSerwis zastrzega, \u017ce\u00a0nie jest to\u00a0jednak zamkni\u0119ta grupa, gdy\u017c spora grupa pos\u0142\u00f3w wci\u0105\u017c waha si\u0119, jak\u0105 postaw\u0119 przyj\u0105\u0107. &#13;\n<\/p>\n<p>&#13;<br \/>\n\u2013 Frakcja zwolennik\u00f3w Ho\u0142owni jeszcze w\u00a0niedziel\u0119 wynosi\u0142a 13 os\u00f3b, ale\u00a0dw\u00f3ch kolejnych pos\u0142\u00f3w uda\u0142o si\u0119 przekona\u0107 \u2013\u00a0przekaza\u0142 Interii jeden z\u00a0polityk\u00f3w Polski 2050. &#13;\n<\/p>\n<p>Koalicja zagro\u017cona? Jednoznaczna deklaracja Ho\u0142owni<\/p>\n<p>&#13;<br \/>\nCzy wyj\u015bcie stronnik\u00f3w Ho\u0142owni oznacza\u0142by koniec koalicji rz\u0105dz\u0105cej. Oficjalnie sam zainteresowany zapewnia, \u017ce\u00a0nie. &#13;\n<\/p>\n<p>&#13;<br \/>\n\u2013 M\u00f3wi\u0119 w\u00a0spos\u00f3b bardzo jasny i\u00a0wyra\u017any: w\u00a0sytuacji, kt\u00f3r\u0105 dzisiaj mamy, absolutnie nie\u00a0rozwa\u017cam \u017cadnego wychodzenia z\u00a0koalicji \u2013\u00a0o\u015bwiadczy\u0142 Szymon Ho\u0142ownia w\u00a0poniedzia\u0142kowym wywiadzie. &#13;\n<\/p>\n<p>&#13;<br \/>\nCzytaj te\u017c:<br \/><a href=\"https:\/\/dorzeczy.pl\/kraj\/837125\/wojna-domowa-holownia-grozi-odejsciem-z-polski-2050.html\" rel=\"follow nofollow noopener\" data-schema=\"DORZECZY\" data-image=\"https:\/\/img.dorzeczy.pl\/_thumb\/f0\/99\/78a4d20da4885617cc9ae7968dc9.jpeg\" target=\"_blank\">&#8222;Wojna domowa&#8221;. Ho\u0142ownia grozi odej\u015bciem z\u00a0Polski 2050<\/a>Czytaj te\u017c:<br \/><a href=\"https:\/\/dorzeczy.pl\/opinie\/837254\/dziennikarka-onetu-krytykowana-przez-polske-2050-dlugosz-sie-dostalo-za-teorie-spiskowe.html\" rel=\"follow nofollow noopener\" data-schema=\"DORZECZY\" data-image=\"https:\/\/img.dorzeczy.pl\/_thumb\/e2\/20\/4989100e4b0b93c0d50e1901ee51.jpeg\" target=\"_blank\">Po sensacyjnych doniesieniach Polska 2050 uderza w\u00a0Onet. &#8222;Brak rzetelno\u015bci&#8221;<\/a>Czytaj te\u017c:<br \/><a href=\"https:\/\/dorzeczy.pl\/sondaz\/837068\/nawrocki-liderem-najnowszy-ranking-zaufania-do-politykow.html\" rel=\"follow nofollow noopener\" data-schema=\"DORZECZY\" data-image=\"https:\/\/img.dorzeczy.pl\/_thumb\/14\/d2\/b792fd39140089315ffdxx18dd8f.jpeg\" target=\"_blank\">Najnowszy ranking zaufania do\u00a0polityk\u00f3w. Kto zyskuje, a\u00a0kto traci?<\/a>&#13;<\/p>\n","protected":false},"excerpt":{"rendered":"&#13; Swoiste ultimatum, kt\u00f3rym Szymon Ho\u0142ownia zagrozi\u0142 opuszczeniem za\u0142o\u017conej przez siebie partii pad\u0142o w\u00a0poniedzia\u0142kowym programie &#8222;Graffiti&#8221; na\u00a0antenie Polsat&hellip;\n","protected":false},"author":2,"featured_media":226121,"comment_status":"","ping_status":"","sticky":false,"template":"","format":"standard","meta":{"footnotes":""},"categories":[5],"tags":[32,33,98,36,37,27,49,34,35,28,31,25,103,42,38,40,39,331,41,9384,29,30,26],"class_list":{"0":"post-226120","1":"post","2":"type-post","3":"status-publish","4":"format-standard","5":"has-post-thumbnail","7":"category-naglowki","8":"tag-breaking-news","9":"tag-breakingnews","10":"tag-dorzeczy","11":"tag-featured-news","12":"tag-featurednews","13":"tag-headlines","14":"tag-kraj","15":"tag-latest-news","16":"tag-latestnews","17":"tag-naglowki","18":"tag-najwazniejsze-artykuly","19":"tag-news","20":"tag-obserwator-mediow","21":"tag-pl","22":"tag-poland","23":"tag-polish","24":"tag-polska","25":"tag-polska-2050","26":"tag-polski","27":"tag-szymon-holownia","28":"tag-top-stories","29":"tag-topstories","30":"tag-wiadomosci"},"share_on_mastodon":{"url":"https:\/\/pubeurope.com\/@pl\/115962410655662674","error":""},"_links":{"self":[{"href":"https:\/\/www.europesays.com\/pl\/wp-json\/wp\/v2\/posts\/226120","targetHints":{"allow":["GET"]}}],"collection":[{"href":"https:\/\/www.europesays.com\/pl\/wp-json\/wp\/v2\/posts"}],"about":[{"href":"https:\/\/www.europesays.com\/pl\/wp-json\/wp\/v2\/types\/post"}],"author":[{"embeddable":true,"href":"https:\/\/www.europesays.com\/pl\/wp-json\/wp\/v2\/users\/2"}],"replies":[{"embeddable":true,"href":"https:\/\/www.europesays.com\/pl\/wp-json\/wp\/v2\/comments?post=226120"}],"version-history":[{"count":0,"href":"https:\/\/www.europesays.com\/pl\/wp-json\/wp\/v2\/posts\/226120\/revisions"}],"wp:featuredmedia":[{"embeddable":true,"href":"https:\/\/www.europesays.com\/pl\/wp-json\/wp\/v2\/media\/226121"}],"wp:attachment":[{"href":"https:\/\/www.europesays.com\/pl\/wp-json\/wp\/v2\/media?parent=226120"}],"wp:term":[{"taxonomy":"category","embeddable":true,"href":"https:\/\/www.europesays.com\/pl\/wp-json\/wp\/v2\/categories?post=226120"},{"taxonomy":"post_tag","embeddable":true,"href":"https:\/\/www.europesays.com\/pl\/wp-json\/wp\/v2\/tags?post=226120"}],"curies":[{"name":"wp","href":"https:\/\/api.w.org\/{rel}","templated":true}]}}