{"id":226139,"date":"2026-01-26T16:56:10","date_gmt":"2026-01-26T16:56:10","guid":{"rendered":"https:\/\/www.europesays.com\/pl\/226139\/"},"modified":"2026-01-26T16:56:10","modified_gmt":"2026-01-26T16:56:10","slug":"masakra-cywili-w-iranie-media-zabraklo-workow-na-zwloki-brutalnosc-rezimu-moze-przelac-czare-goryczy-trumpa","status":"publish","type":"post","link":"https:\/\/www.europesays.com\/pl\/226139\/","title":{"rendered":"Masakra cywili w Iranie. Media: zabrak\u0142o work\u00f3w na zw\u0142oki. Brutalno\u015b\u0107 re\u017cimu mo\u017ce przela\u0107 czar\u0119 goryczy Trumpa"},"content":{"rendered":"<p>W raporcie &#8222;Time&#8221; stwierdza, \u017ce liczba demonstrant\u00f3w zabitych przez s\u0142u\u017cby bezpiecze\u0144stwa w ci\u0105gu tych dw\u00f3ch dni przekroczy\u0142a mo\u017cliwo\u015bci pa\u0144stwa w zakresie usuwania zw\u0142ok. Urz\u0119dnicy twierdz\u0105, \u017ce zapasy work\u00f3w na zw\u0142oki zosta\u0142y wyczerpane, a 18-ko\u0142owe ci\u0105gniki siod\u0142owe zast\u0105pi\u0142y karetki pogotowia.<\/p>\n<p>Oficjalne dane rz\u0105dowe m\u00f3wi\u0142y dotychczas o 3117 ofiarach. Informacje te zosta\u0142y podane do wiadomo\u015bci publicznej 21 stycznia przez re\u017cim w Teheranie. Nowe dane zupe\u0142nie zmieniaj\u0105 obraz sytuacji \u2014 i pokazuj\u0105 skal\u0119 tragedii, kt\u00f3ra rozgrywa si\u0119 w Iranie. W obliczu bezprecedensowej eskalacji przemocy USA mog\u0105 zdecydowa\u0107 si\u0119 na ryzykowny krok.<\/p>\n<p class=\"Paragraph_desktopParagraph__U31Gm\">Od 28 grudnia setki tysi\u0119cy ludzi protestuj\u0105 w Iranie przeciwko <a href=\"https:\/\/podroze.onet.pl\/ciekawe\/minispodniczki-i-krotkie-topy-jak-zyl-iran-przed-rewolucja-islamska\/93hhgjj\" id=\"feb9ce0b-df6d-478b-8f8b-cc347c6101e3\" rel=\"nofollow noopener\" target=\"_blank\">re\u017cimowi rz\u0105dz\u0105cemu od 1979 r.<\/a> W zwi\u0105zku z trudn\u0105 sytuacj\u0105 gospodarcz\u0105 demonstracje szybko przerodzi\u0142y si\u0119 w najwi\u0119ksze od lat protesty w ca\u0142ym kraju. Poparcie dla opozycji og\u0142osili m.in. Reza Pahlavi, przebywaj\u0105cy na wygnaniu syn by\u0142ego szacha oraz prezydent USA Donald Trump.<\/p>\n<p class=\"Paragraph_desktopParagraph__U31Gm\"><a href=\"https:\/\/wiadomosci.onet.pl\/swiat\/wstrzasajace-doniesienia-o-liczbie-ofiar-rezimu-w-iranie\/30k9rrg\" id=\"3e24bf35-723f-41e1-acd4-e62e08e7398b\" rel=\"nofollow noopener\" target=\"_blank\">Liczba 30 tys. ofiar \u015bmiertelnych<\/a> jest wy\u017csza od danych zebranych przez aktywist\u00f3w, kt\u00f3rzy gromadz\u0105 nazwiska zabitych. Do soboty ameryka\u0144ska organizacja Human Rights Activists News Agency potwierdzi\u0142a 5459 ofiar \u015bmiertelnych \u2014 kolejne 17 tys. 031 przypadk\u00f3w jest obecnie badanych.<\/p>\n<p>&#8222;Je\u015bli trafi ci\u0119 kula, nie narzekaj&#8221; <\/p>\n<p class=\"Paragraph_desktopParagraph__U31Gm\">Liczba 30 tys. podana przez urz\u0119dnik\u00f3w Ministerstwo Zdrowia Iranu pokrywa si\u0119 ze statystykami sporz\u0105dzonymi przez lekarzy i ratownik\u00f3w medycznych, do kt\u00f3rych dotar\u0142 magazyn &#8222;Time&#8221;. Tak\u017ce wed\u0142ug niemiecko-ira\u0144skiego chirurga dr. Amira Parasty, kt\u00f3ry przeanalizowa\u0142 dost\u0119pne dane, \u0142\u0105cznie w Iranie odnotowano ponad 30 tys. ofiar \u015bmiertelnych.<\/p>\n<p class=\"Paragraph_desktopParagraph__U31Gm\">W szacunkach tych nie uwzgl\u0119dniono natomiast ofiar \u015bmiertelnych, kt\u00f3re trafi\u0142y do szpitali wojskowych lub bezpo\u015brednio do kostnic. &#8222;Podejrzewam, \u017ce rzeczywiste liczby s\u0105 znacznie wy\u017csze&#8221; \u2014 powiedzia\u0142 dr Parasta, odnosz\u0105c si\u0119 do ofiar \u015bmiertelnych.<\/p>\n<p class=\"Paragraph_desktopParagraph__U31Gm\">Ira\u0144ska Rada Bezpiecze\u0144stwa Narodowego [najwa\u017cniejszy organ decyzyjny w sprawach bezpiecze\u0144stwa narodowego oraz polityki zagranicznej] wspomnia\u0142a ostatnio o <a href=\"https:\/\/www.onet.pl\/informacje\/onetwiadomosci\/ani-gaza-ani-liban-moje-zycie-dla-iranu-krzyk-ulicy-ktory-porzadkuje-chaos-rezim\/ywx4x0f,79cfc278\" id=\"ced91116-d0ee-4f45-924d-04bc9026bafd\" rel=\"nofollow noopener\" target=\"_blank\">protestach w ok. 4000 miejscach<\/a>. Naoczni \u015bwiadkowie donosili o milionach ludzi na ulicach, zanim w\u0142adze odci\u0119\u0142y internet i wszystkie kana\u0142y komunikacyjne.<\/p>\n<p class=\"Paragraph_desktopParagraph__U31Gm\">Jak donosz\u0105 naoczni \u015bwiadkowie, snajperzy na dachach i \u017co\u0142nierze na ci\u0119\u017car\u00f3wkach z ci\u0119\u017ckimi karabinami maszynowymi otworzyli ogie\u0144 do demonstrant\u00f3w. 9 stycznia przedstawiciel Korpusu Stra\u017cnik\u00f3w Rewolucji Islamskiej, organizacji znanej ze swojej brutalno\u015bci, ostrzeg\u0142 Ira\u0144czyk\u00f3w: &#8222;Je\u015bli trafi ci\u0119 kula, nie narzekaj&#8221;.<\/p>\n<p class=\"Paragraph_desktopParagraph__U31Gm\">Min\u0119\u0142o kilka dni, zanim pierwsze filmy i wiadomo\u015bci omin\u0119\u0142y blokad\u0119 internetow\u0105. Obrazy zakrwawionych zw\u0142ok, cz\u0119sto z ranami postrza\u0142owymi g\u0142owy, przedosta\u0142y si\u0119 poza Iran dzi\u0119ki nielegalnym w Iranie po\u0142\u0105czeniom satelitarnym Starlink \u2014 jednak prawdziwa skala zbrodni morderczego re\u017cimu nadal jest nieznana.<\/p>\n<p>Eksperci ostrzegaj\u0105 Trumpa przed atakiem na Iran <\/p>\n<p class=\"Paragraph_desktopParagraph__U31Gm\">W ostatnich tygodniach Stany Zjednoczone znacznie wzmocni\u0142y swoj\u0105 obecno\u015b\u0107 wojskow\u0105 na Bliskim Wschodzie, m.in. wysy\u0142aj\u0105c w pobli\u017ce Iranu lotniskowiec &#8222;USS Abraham Lincoln&#8221;, kt\u00f3ry zosta\u0142 przeniesiony z Morza Po\u0142udniowochi\u0144skiego w kierunku regionu Zatoki Perskiej i osi\u0105gn\u0105\u0142 sw\u00f3j cel w niedziel\u0119 25 stycznia wieczorem. Brytyjczycy r\u00f3wnie\u017c wys\u0142ali posi\u0142ki wojskowe.<\/p>\n<p class=\"Paragraph_desktopParagraph__U31Gm\">Wraz z lotniskowcem &#8222;USS Abraham Lincoln&#8221; Stany Zjednoczone wysy\u0142aj\u0105 do regionu kilka okr\u0119t\u00f3w eskortuj\u0105cych i samolot\u00f3w bojowych. Ju\u017c w ostatnich tygodniach do regionu przeniesiono oddzia\u0142y ameryka\u0144skie i my\u015bliwce.<\/p>\n<p class=\"Paragraph_desktopParagraph__U31Gm\">&#8222;Wysy\u0142amy w t\u0119 stron\u0119 wiele okr\u0119t\u00f3w, na wszelki wypadek (&#8230;). Iran musi zaprzesta\u0107 agresji, bo inaczej poniesie konsekwencje&#8221; \u2014 <a href=\"https:\/\/www.onet.pl\/informacje\/onetwiadomosci\/donald-trump-ostrzega-iran-na-wszelki-wypadek-zmierza-tam-nasza-armada\/5qpc302,79cfc278\" id=\"ee249c7a-b473-4cd8-a356-85973f252236\" rel=\"nofollow noopener\" target=\"_blank\">stwierdzi\u0142 prezydent USA Donald Trump<\/a><\/p>\n<p><img decoding=\"async\" class=\"Image_image__0tuHp Image_autoHeight__f2n87 \" height=\"587\" width=\"782\" src=\"https:\/\/www.europesays.com\/pl\/wp-content\/uploads\/2026\/01\/9Qlk9kpTURBXy82ZWJiMjllOWNjZmZhZWJjMDllOGMxNGEwZTNiNWYyOS5qcGeSlQLNA6wAwsOVAgDNAkvCw94AA6EwAaExAaEzw.jpeg\" alt=\"Teheran, stolica Iranu (zdj. ilustracyjne)\" loading=\"lazy\" \/>Contributor \/ Getty Images<\/p>\n<p>Teheran, stolica Iranu (zdj. ilustracyjne)<\/p>\n<p class=\"Paragraph_desktopParagraph__U31Gm\">Ekspert do spraw polityki zagranicznej Thomas Jaeger uwa\u017ca, \u017ce interwencja USA jest mo\u017cliwa. Trump mo\u017ce &#8222;w ka\u017cdej chwili spe\u0142ni\u0107 swoje gro\u017aby&#8221;, m\u00f3wi Jaeger. Jego zdaniem jednak prezydent mo\u017ce zleci\u0107 operacj\u0119 o ograniczonym zakresie, a nie zdecyduje si\u0119 na pe\u0142noskalowe zaanga\u017cowanie militarne maj\u0105ce na celu zmian\u0119 re\u017cimu.<\/p>\n<p class=\"Paragraph_desktopParagraph__U31Gm\">R\u00f3wnie\u017c by\u0142y genera\u0142 USA Ben Hodges ostrzega przed podj\u0119ciem dzia\u0142a\u0144 militarnych bez jasnego celu. Hodges powiedzia\u0142 w rozmowie z &#8222;Bildem&#8221;, \u017ce decyduj\u0105ce znaczenie ma pytanie: &#8222;Co nast\u0105pi po uderzeniu?&#8221;. Jego zdaniem bez klarownej strategii Trump nie powinien nakazywa\u0107 ataku.<\/p>\n<p class=\"Paragraph_desktopParagraph__U31Gm\">Wed\u0142ug doniesie\u0144 medialnych ju\u017c w nocy z 14 na 15 stycznia 2026 r. <a href=\"https:\/\/www.onet.pl\/informacje\/onetwiadomosci\/trump-w-ostatniej-sekundzie-odwolal-atak-na-iran-korespondent-cnn-ma-swoja-teorie\/l75bvq1,79cfc278\" id=\"b6725e1a-58d6-4562-b215-c2515d0b21f1\" rel=\"nofollow noopener\" target=\"_blank\">mog\u0142o doj\u015b\u0107 do bezpo\u015bredniego ataku USA na Iran<\/a>. Teheran tymczasowo zamkn\u0105\u0142 przestrze\u0144 powietrzn\u0105, w regionie og\u0142oszono najwy\u017cszy stan gotowo\u015bci, a samoloty ameryka\u0144skie wystartowa\u0142y z baz na Bliskim Wschodzie.<\/p>\n<p class=\"Paragraph_desktopParagraph__U31Gm\">&#8222;Bild&#8221; dowiedzia\u0142 si\u0119 od \u017ar\u00f3de\u0142 z armii ameryka\u0144skiej, \u017ce tego wieczoru w bazie Ramstein w Niemczech odby\u0142o si\u0119 nadzwyczajne posiedzenie dotycz\u0105ce Iranu.<\/p>\n<p class=\"Paragraph_desktopParagraph__U31Gm\">Ekspert Thomas Jaeger ocenia, \u017ce &#8222;Stany Zjednoczone s\u0105 teraz przygotowane militarnie&#8221; [do potencjalnego ataku]. Nie widzi jednak w tym \u017cadnej strategicznej korzy\u015bci: uderzenie na Iran &#8222;raczej pogorszy\u0142oby ni\u017c poprawi\u0142o&#8221; pozycj\u0119 USA na Bliskim Wschodzie, poniewa\u017c wiele pa\u0144stw arabskich sprzeciwi\u0142oby si\u0119 atakowi. Niekt\u00f3rzy eksperci spekuluj\u0105, \u017ce celem uderzenia mo\u017ce by\u0107 <a href=\"https:\/\/wiadomosci.onet.pl\/swiat\/najwyzszy-przywodca-iranu-na-celowniku-ekspert-trump-zleci-jego-zabojstwo-niezwykle\/1jrr04y\" id=\"b326bddb-8d44-4136-836c-abfc770fb316\" rel=\"nofollow noopener\" target=\"_blank\">najwy\u017cszy przyw\u00f3dca Iranu Ali Chamenei<\/a>.<\/p>\n","protected":false},"excerpt":{"rendered":"W raporcie &#8222;Time&#8221; stwierdza, \u017ce liczba demonstrant\u00f3w zabitych przez s\u0142u\u017cby bezpiecze\u0144stwa w ci\u0105gu tych dw\u00f3ch dni przekroczy\u0142a mo\u017cliwo\u015bci&hellip;\n","protected":false},"author":2,"featured_media":226140,"comment_status":"","ping_status":"","sticky":false,"template":"","format":"standard","meta":{"footnotes":""},"categories":[14],"tags":[56,905,32,33,58,27,67,307,34,35,28,31,53,25,52,68,51,55,40,41,47,59,80,29,30,65,50,26,82,83,84],"class_list":{"0":"post-226139","1":"post","2":"type-post","3":"status-publish","4":"format-standard","5":"has-post-thumbnail","7":"category-swiat","8":"tag-article_premium","9":"tag-bliski_wschod","10":"tag-breaking-news","11":"tag-breakingnews","12":"tag-donald_trump_prezydent_usa","13":"tag-headlines","14":"tag-intextvideo_splayer","15":"tag-iran_kraj","16":"tag-latest-news","17":"tag-latestnews","18":"tag-naglowki","19":"tag-najwazniejsze-artykuly","20":"tag-new_header","21":"tag-news","22":"tag-onet3","23":"tag-onet3d","24":"tag-onet3d_2i","25":"tag-phx","26":"tag-polish","27":"tag-polski","28":"tag-screening_general","29":"tag-stany_zjednoczone_usa","30":"tag-swiat","31":"tag-top-stories","32":"tag-topstories","33":"tag-update_me","34":"tag-v2021","35":"tag-wiadomosci","36":"tag-world","37":"tag-world-news","38":"tag-worldnews"},"share_on_mastodon":{"url":"","error":"Validation failed: Text character limit of 500 exceeded"},"_links":{"self":[{"href":"https:\/\/www.europesays.com\/pl\/wp-json\/wp\/v2\/posts\/226139","targetHints":{"allow":["GET"]}}],"collection":[{"href":"https:\/\/www.europesays.com\/pl\/wp-json\/wp\/v2\/posts"}],"about":[{"href":"https:\/\/www.europesays.com\/pl\/wp-json\/wp\/v2\/types\/post"}],"author":[{"embeddable":true,"href":"https:\/\/www.europesays.com\/pl\/wp-json\/wp\/v2\/users\/2"}],"replies":[{"embeddable":true,"href":"https:\/\/www.europesays.com\/pl\/wp-json\/wp\/v2\/comments?post=226139"}],"version-history":[{"count":0,"href":"https:\/\/www.europesays.com\/pl\/wp-json\/wp\/v2\/posts\/226139\/revisions"}],"wp:featuredmedia":[{"embeddable":true,"href":"https:\/\/www.europesays.com\/pl\/wp-json\/wp\/v2\/media\/226140"}],"wp:attachment":[{"href":"https:\/\/www.europesays.com\/pl\/wp-json\/wp\/v2\/media?parent=226139"}],"wp:term":[{"taxonomy":"category","embeddable":true,"href":"https:\/\/www.europesays.com\/pl\/wp-json\/wp\/v2\/categories?post=226139"},{"taxonomy":"post_tag","embeddable":true,"href":"https:\/\/www.europesays.com\/pl\/wp-json\/wp\/v2\/tags?post=226139"}],"curies":[{"name":"wp","href":"https:\/\/api.w.org\/{rel}","templated":true}]}}