{"id":226143,"date":"2026-01-26T16:58:05","date_gmt":"2026-01-26T16:58:05","guid":{"rendered":"https:\/\/www.europesays.com\/pl\/226143\/"},"modified":"2026-01-26T16:58:05","modified_gmt":"2026-01-26T16:58:05","slug":"karol-nawrocki-spotkal-sie-z-radoslawem-sikorskim-jest-pierwszy-komunikat-zmierzamy-w-strone-rozwiazania-onet","status":"publish","type":"post","link":"https:\/\/www.europesays.com\/pl\/226143\/","title":{"rendered":"Karol Nawrocki spotka\u0142 si\u0119 z Rados\u0142awem Sikorskim. Jest pierwszy komunikat. &quot;Zmierzamy w stron\u0119 rozwi\u0105zania&quot; &#8211; Onet"},"content":{"rendered":"<ol>\n<li><a href=\"https:\/\/news.google.com\/rss\/articles\/CBMi4gFBVV95cUxNdF9aVklhRUpnSHhwWWx0T3J0cktkTkVUdmd0VEI0bTI2QmN5MGE0RXNZY3FLV1VWUjM2X0d5VVY0U1Rtb0xzUzd1QjBVeGZzUHZKUXhDNWQ0YV9FazgwanFvRVk5X1pMRGtLcnlSOE4xckR6NmtiOWYzVmxFSVRldnZJNWtZeVZ4RGIzZ2MwM2hxNy1hc25wX0hsdVJlb0VOR1JjcTZocEhzcFdWakhsR1N2RDZKWXNqMi1XQTBHczB4eGYzNHdTb2c3dW5CQkczSVB6eFFGVUtUZURCVHUzWmZn?oc=5\" target=\"_blank\" rel=\"nofollow noopener\">Karol Nawrocki spotka\u0142 si\u0119 z Rados\u0142awem Sikorskim. Jest pierwszy komunikat. &#8222;Zmierzamy w stron\u0119 rozwi\u0105zania&#8221;<\/a>&nbsp;&nbsp;Onet<\/li>\n<li><a href=\"https:\/\/news.google.com\/rss\/articles\/CBMiqwFBVV95cUxOOXJyZG9IWmV1OWstYkktWXA4OWw5REw5ZHo0bUlLM2R1Mm91T0FxcUp3VWdGUV9VcVRSQjFFU002ejZTaHVYU1c4ZkdiY3NEaHBVaW1VSEJTR19PN3FZTUtFRGlYaVB6MG9TbVBfVUw0NnNHV1FLekxFazhLczBfQUFIUHFVUW9WYUtScEo3UUxfVC1Wb0pCWFQzNk42NW92dGRDd0VYbDhrQjQ?oc=5\" target=\"_blank\" rel=\"nofollow noopener\">Sikorski spotka\u0142 si\u0119 z Nawrockim<\/a>&nbsp;&nbsp;TVN24<\/li>\n<li><a href=\"https:\/\/news.google.com\/rss\/articles\/CBMiwAFBVV95cUxQU3pFaFNPd3dDOTd0NlR2dUlyaTYyLTZoYXBRcGRIa1NEYTA3TmFGWkRoVE1XZFNOajlVV0RGZDZiYTR5NUxTRFp4Zmo4SENFVllacXB4NS1BWVdoMlBNVHVpN1ZOUHZlODA4SXdLQlZCc1o4Ti1FZ3lpLWVDTkYxc3Z1WDlpUnVoZEE4N1gwMm11MHVvZ2VpSWRvVmdTZlVHSURzbjI4aVdjRFcwZk5BWUoxLVJRWThOX0NRdS1PUHE?oc=5\" target=\"_blank\" rel=\"nofollow noopener\">Pierwszy komunikat po spotkaniu Nawrocki-Sikorski. &#8222;Zmierzamy w stron\u0119 znalezienia&#8221;<\/a>&nbsp;&nbsp;WP Wiadomo\u015bci<\/li>\n<li><a href=\"https:\/\/news.google.com\/rss\/articles\/CBMijgFBVV95cUxQS0gtYl9LYkF5Tm9QeUxsSVR5bVROb0Jic1hQMkVBc3BUdkFYc3lNMzhKdFJxNUxPZnQ0VWpndXpHdlVNRENJdlBGVlZ6YlM4Qk93NFJENDBOTXpubWo4OGs2MFdVSHY4eE5qM0JLVHV0alJhS1VJV014Z1RDT3ZZSHBVTmtFdkRqS1QzcENn?oc=5\" target=\"_blank\" rel=\"nofollow noopener\">Prezydent spotka\u0142 si\u0119 z szefem MSZ<\/a>&nbsp;&nbsp;RMF24<\/li>\n<li><a href=\"https:\/\/news.google.com\/rss\/articles\/CBMiuAFBVV95cUxQZUpBY1JxOWc1bDREcl92U1VUNmtudlhCWE1kcThVanpZM3lEMmQ1dTQwQWVGa3d3aXFESDVhUUtYOWJiN3YwZ2xRRTRUb2k3NE9kbGloMnRZMGR0N0o1LWxXaFNURkFvVHZTMjE2WXFPQnhMY1VkMnozdHRyMldtTWVHSk02Z0V1TnNLbElTdGZyM3lzUDJyS21Va2x5eloxZWM2cTU2Q2xvWGNHby1TOHF3TFB3Qk5s?oc=5\" target=\"_blank\" rel=\"nofollow noopener\">&#8222;173 dni &#8211; bez podpisu&#8221;. Rados\u0142aw Sikorski spotka si\u0119 z Karolem Nawrockim<\/a>&nbsp;&nbsp;Gazeta<\/li>\n<\/ol>\n","protected":false},"excerpt":{"rendered":"Karol Nawrocki spotka\u0142 si\u0119 z Rados\u0142awem Sikorskim. Jest pierwszy komunikat. &#8222;Zmierzamy w stron\u0119 rozwi\u0105zania&#8221;&nbsp;&nbsp;Onet Sikorski spotka\u0142 si\u0119 z&hellip;\n","protected":false},"author":2,"featured_media":226144,"comment_status":"","ping_status":"","sticky":false,"template":"","format":"standard","meta":{"footnotes":""},"categories":[5],"tags":[32,33,36,37,27,240,34,35,1120,28,31,53,25,52,68,51,55,42,38,40,39,41,1534,47,1998,29,30,65,50,26],"class_list":{"0":"post-226143","1":"post","2":"type-post","3":"status-publish","4":"format-standard","5":"has-post-thumbnail","7":"category-naglowki","8":"tag-breaking-news","9":"tag-breakingnews","10":"tag-featured-news","11":"tag-featurednews","12":"tag-headlines","13":"tag-karol_nawrocki_prezydent","14":"tag-latest-news","15":"tag-latestnews","16":"tag-msz_ministerstwo_spraw_zagranicznych","17":"tag-naglowki","18":"tag-najwazniejsze-artykuly","19":"tag-new_header","20":"tag-news","21":"tag-onet3","22":"tag-onet3d","23":"tag-onet3d_2i","24":"tag-phx","25":"tag-pl","26":"tag-poland","27":"tag-polish","28":"tag-polska","29":"tag-polski","30":"tag-radoslaw_sikorski_polityk","31":"tag-screening_general","32":"tag-short_news","33":"tag-top-stories","34":"tag-topstories","35":"tag-update_me","36":"tag-v2021","37":"tag-wiadomosci"},"share_on_mastodon":{"url":"","error":"Validation failed: Text character limit of 500 exceeded"},"_links":{"self":[{"href":"https:\/\/www.europesays.com\/pl\/wp-json\/wp\/v2\/posts\/226143","targetHints":{"allow":["GET"]}}],"collection":[{"href":"https:\/\/www.europesays.com\/pl\/wp-json\/wp\/v2\/posts"}],"about":[{"href":"https:\/\/www.europesays.com\/pl\/wp-json\/wp\/v2\/types\/post"}],"author":[{"embeddable":true,"href":"https:\/\/www.europesays.com\/pl\/wp-json\/wp\/v2\/users\/2"}],"replies":[{"embeddable":true,"href":"https:\/\/www.europesays.com\/pl\/wp-json\/wp\/v2\/comments?post=226143"}],"version-history":[{"count":0,"href":"https:\/\/www.europesays.com\/pl\/wp-json\/wp\/v2\/posts\/226143\/revisions"}],"wp:featuredmedia":[{"embeddable":true,"href":"https:\/\/www.europesays.com\/pl\/wp-json\/wp\/v2\/media\/226144"}],"wp:attachment":[{"href":"https:\/\/www.europesays.com\/pl\/wp-json\/wp\/v2\/media?parent=226143"}],"wp:term":[{"taxonomy":"category","embeddable":true,"href":"https:\/\/www.europesays.com\/pl\/wp-json\/wp\/v2\/categories?post=226143"},{"taxonomy":"post_tag","embeddable":true,"href":"https:\/\/www.europesays.com\/pl\/wp-json\/wp\/v2\/tags?post=226143"}],"curies":[{"name":"wp","href":"https:\/\/api.w.org\/{rel}","templated":true}]}}