{"id":226171,"date":"2026-01-26T17:12:10","date_gmt":"2026-01-26T17:12:10","guid":{"rendered":"https:\/\/www.europesays.com\/pl\/226171\/"},"modified":"2026-01-26T17:12:10","modified_gmt":"2026-01-26T17:12:10","slug":"dziennikarz-tvp-wreczyl-prezent-politykowi-pis-nagle-doszlo-do-spiecia","status":"publish","type":"post","link":"https:\/\/www.europesays.com\/pl\/226171\/","title":{"rendered":"Dziennikarz TVP wr\u0119czy\u0142 prezent politykowi PiS. Nagle dosz\u0142o do spi\u0119cia"},"content":{"rendered":"<p class=\"Paragraph_desktopParagraph__U31Gm\">W poniedzia\u0142ek Janusz Cieszy\u0144ski pojawi\u0142 si\u0119 w programie &#8222;Go\u015b\u0107 Poranka&#8221; <a href=\"https:\/\/plejada.pl\/temat\/tvp-telewizja-polska\/kyf7mek\" id=\"6b8710c8-05d2-4f89-bda0-7933018c581c\" rel=\"nofollow noopener\" target=\"_blank\">TVP<\/a>, podczas kt\u00f3rego dosz\u0142o do zaskakuj\u0105cej sytuacji. Mateusz Dolatowski wr\u0119czy\u0142 mu czerwon\u0105 czapk\u0119 z napisem &#8222;Make America Great Again&#8221;, charakterystyczn\u0105 dla zwolennik\u00f3w Donalda Trumpa.<\/p>\n<blockquote>\n<p class=\"Paragraph_desktopParagraph__U31Gm\">Na pocz\u0105tek mam dla pana prezent, w postaci dobrze panu znanej pewnie takiej czerwonej czapeczki z napisem &#8222;Make America Great Again&#8221;<\/p>\n<\/blockquote>\n<p class=\"Paragraph_desktopParagraph__U31Gm\">\u2014 rozpocz\u0105\u0142 prowadz\u0105cy.<\/p>\n<p class=\"Paragraph_desktopParagraph__U31Gm\">\u2014 Bardzo dzi\u0119kuj\u0119. Niech pan przymierzy, bo my\u015bl\u0119, \u017ce pan b\u0119dzie du\u017co lepiej wygl\u0105da\u0142 w czapce \u2014 odpowiedzia\u0142 go\u015b\u0107 programu. \u2014 Dzi\u0119kuj\u0119, ja nie musz\u0119 mierzy\u0107 \u2014 skwitowa\u0142 dziennikarz.<\/p>\n<p>Dziennikarz TVP wr\u0119czy\u0142 prezent politykowi PiS. Nagle dosz\u0142o do spi\u0119cia <\/p>\n<p class=\"Paragraph_desktopParagraph__U31Gm\">Nast\u0119pnie Mateusz Dolatowski od\u0142o\u017cy\u0142 czapk\u0119 na chwil\u0119. \u2014 Czy pan by dzisiaj t\u0119 czapk\u0119 ubra\u0142, podobnie jak koledzy z Prawa i Sprawiedliwo\u015bci? \u2014 powiedzia\u0142. \u2014 Nigdy nie nosi\u0142em takiej czapki. \u017bona m\u00f3wi, \u017ce s\u0142abo wygl\u0105dam w czapce \u2014 odpowiedzia\u0142 Janusz Cieszy\u0144ski. Dziennikarz nie dawa\u0142 za wygran\u0105, dopytuj\u0105c, jak ocenia to, \u017ce inni politycy PiS nosili takie nakrycie g\u0142owy.<\/p>\n<blockquote>\n<p class=\"Paragraph_desktopParagraph__U31Gm\">Ka\u017cdy niech sobie nosi tak\u0105 czapk\u0119, na jak\u0105 ma ochot\u0119. My\u015bl\u0119, \u017ce dziesi\u0105tki milion\u00f3w Amerykan\u00f3w chodz\u0105 w takich czapkach. Niech pan ich zapyta, dlaczego to robi\u0105<\/p>\n<\/blockquote>\n<p class=\"Paragraph_desktopParagraph__U31Gm\">\u2014 stwierdzi\u0142. \u2014 To ja panu po programie t\u0119 czapk\u0119 wr\u0119cz\u0119 \u2014 doda\u0142 prowadz\u0105cy. Chcia\u0142 kontynuowa\u0107 swoj\u0105 wypowied\u017a, jednak go\u015b\u0107 mu przerwa\u0142.<\/p>\n<blockquote>\n<p class=\"Paragraph_desktopParagraph__U31Gm\">Bardzo dzi\u0119kuj\u0119, s\u0142ysza\u0142em, \u017ce pa\u0144stwo macie problemy finansowe, likwidacje<\/p>\n<\/blockquote>\n<p class=\"Paragraph_desktopParagraph__U31Gm\">\u2014 stwierdzi\u0142 Cieszy\u0144ski. \u2014 A nie, to za w\u0142asne kupi\u0142em \u2014 odpowiedzia\u0142 dziennikarz. Nast\u0119pnie polityk zwr\u00f3ci\u0142 uwag\u0119 na torb\u0119, kt\u00f3r\u0105 trzyma\u0142 w r\u0119ku Dolatowski.<\/p>\n<p class=\"Paragraph_desktopParagraph__U31Gm\">\u2014 Torb\u0119 TVP dosta\u0142em. Poprosz\u0119 kogo\u015b, \u017ceby odebra\u0142 t\u0119 torb\u0119, bo s\u0105 takie telewizje, w kt\u00f3rych te czapki le\u017c\u0105 na stole, ale my t\u0105 telewizj\u0105 nie jeste\u015bmy i nie musimy mie\u0107 te\u017c czapek popieraj\u0105cych \u017cadnego przyw\u00f3dcy europejskiego \u2014 zako\u0144czy\u0142 temat prowadz\u0105cy.<\/p>\n<p><img decoding=\"async\" class=\"Image_image__0tuHp Image_autoHeight__f2n87 \" height=\"587\" width=\"880\" src=\"https:\/\/www.europesays.com\/pl\/wp-content\/uploads\/2026\/01\/nxVk9kpTURBXy9iNTA5OWE4ZGY3OTAxZGZiN2IyZWQ1NmZmYjU0NjVhNC5qcGeSlQLNA6wAwsOVAgDNAkvCw94AA6EwAaExAaEzw.jpeg\" alt=\"Logo TVP\" loading=\"lazy\" \/>OleksSH \/ Shutterstock<\/p>\n<p>Logo TVP<\/p>\n<p class=\"Paragraph_desktopParagraph__U31Gm\">Dzi\u0119kujemy, \u017ce przeczyta\u0142a\u015b\/e\u015b nasz artyku\u0142 do ko\u0144ca. W serwisie Plejada.pl ka\u017cdego dnia piszemy o najwa\u017cniejszych wydarzeniach show-biznesowych. B\u0105d\u017a na bie\u017c\u0105co! <a rel=\"nofollow noopener\" href=\"https:\/\/profile.google.com\/cp\/Cg0vZy8xMWJ6X19wdHBx\" id=\"34513928-03bd-4527-aef4-8b358a7f0b26\" target=\"_blank\">Obserwuj<\/a> Plejad\u0119 w Google. Odwied\u017a nas tak\u017ce na <a rel=\"nofollow noopener\" href=\"https:\/\/www.facebook.com\/plejadapl\" id=\"e47a5152-ce79-4be5-a063-a634007434b7\" target=\"_blank\">Facebooku<\/a>, <a rel=\"nofollow noopener\" href=\"https:\/\/www.instagram.com\/plejadapl\/\" id=\"a0d2face-c18b-4719-9ea7-349f4209278d\" target=\"_blank\">Instagramie<\/a>, <a rel=\"nofollow noopener\" href=\"https:\/\/www.youtube.com\/c\/plejada\" id=\"d7cda4c7-63c5-4604-a0ac-a808163ec3ee\" target=\"_blank\">YouTubie<\/a> oraz <a rel=\"nofollow noopener\" href=\"https:\/\/www.tiktok.com\/@plejada_pl\" id=\"1dc49a19-8e26-4153-a3ba-72132f3959e3\" target=\"_blank\">TikToku<\/a>.<\/p>\n<p class=\"Paragraph_desktopParagraph__U31Gm\">Chcesz podzieli\u0107 si\u0119 ciekawym newsem lub zaproponowa\u0107 temat? Skontaktuj si\u0119 z nami, pisz\u0105c maila na adres: <a href=\"https:\/\/www.onet.pl\/styl-zycia\/plejada\/dziennikarz-tvp-wreczyl-prezent-politykowi-pis-nagle-doszlo-do-spiecia\/mailto:plejada@redakcjaonet.pl\" id=\"74ada9d5-be73-49e0-9d60-e722141a8b56\" rel=\"nofollow noopener\" target=\"_blank\">plejada@redakcjaon<\/a><a rel=\"nofollow noopener\" href=\"https:\/\/et.pl\/\" id=\"6e515667-6570-4adb-90ca-88a7e0a9a646\" target=\"_blank\">et.pl<\/a>.<\/p>\n<p><script async src=\"\/\/www.instagram.com\/embed.js\"><\/script><script async src=\"\/\/www.tiktok.com\/embed.js\"><\/script><\/p>\n","protected":false},"excerpt":{"rendered":"W poniedzia\u0142ek Janusz Cieszy\u0144ski pojawi\u0142 si\u0119 w programie &#8222;Go\u015b\u0107 Poranka&#8221; TVP, podczas kt\u00f3rego dosz\u0142o do zaskakuj\u0105cej sytuacji. Mateusz&hellip;\n","protected":false},"author":2,"featured_media":226172,"comment_status":"","ping_status":"","sticky":false,"template":"","format":"standard","meta":{"footnotes":""},"categories":[5],"tags":[32,33,36,37,27,67,18129,34,35,28,31,53,25,52,68,51,55,42,38,40,39,41,47,196,29,30,3567,65,50,26],"class_list":{"0":"post-226171","1":"post","2":"type-post","3":"status-publish","4":"format-standard","5":"has-post-thumbnail","7":"category-naglowki","8":"tag-breaking-news","9":"tag-breakingnews","10":"tag-featured-news","11":"tag-featurednews","12":"tag-headlines","13":"tag-intextvideo_splayer","14":"tag-janusz_cieszynski","15":"tag-latest-news","16":"tag-latestnews","17":"tag-naglowki","18":"tag-najwazniejsze-artykuly","19":"tag-new_header","20":"tag-news","21":"tag-onet3","22":"tag-onet3d","23":"tag-onet3d_2i","24":"tag-phx","25":"tag-pl","26":"tag-poland","27":"tag-polish","28":"tag-polska","29":"tag-polski","30":"tag-screening_general","31":"tag-styl_zycia","32":"tag-top-stories","33":"tag-topstories","34":"tag-tvp_telewizja_polska","35":"tag-update_me","36":"tag-v2021","37":"tag-wiadomosci"},"share_on_mastodon":{"url":"https:\/\/pubeurope.com\/@pl\/115962520885398479","error":""},"_links":{"self":[{"href":"https:\/\/www.europesays.com\/pl\/wp-json\/wp\/v2\/posts\/226171","targetHints":{"allow":["GET"]}}],"collection":[{"href":"https:\/\/www.europesays.com\/pl\/wp-json\/wp\/v2\/posts"}],"about":[{"href":"https:\/\/www.europesays.com\/pl\/wp-json\/wp\/v2\/types\/post"}],"author":[{"embeddable":true,"href":"https:\/\/www.europesays.com\/pl\/wp-json\/wp\/v2\/users\/2"}],"replies":[{"embeddable":true,"href":"https:\/\/www.europesays.com\/pl\/wp-json\/wp\/v2\/comments?post=226171"}],"version-history":[{"count":0,"href":"https:\/\/www.europesays.com\/pl\/wp-json\/wp\/v2\/posts\/226171\/revisions"}],"wp:featuredmedia":[{"embeddable":true,"href":"https:\/\/www.europesays.com\/pl\/wp-json\/wp\/v2\/media\/226172"}],"wp:attachment":[{"href":"https:\/\/www.europesays.com\/pl\/wp-json\/wp\/v2\/media?parent=226171"}],"wp:term":[{"taxonomy":"category","embeddable":true,"href":"https:\/\/www.europesays.com\/pl\/wp-json\/wp\/v2\/categories?post=226171"},{"taxonomy":"post_tag","embeddable":true,"href":"https:\/\/www.europesays.com\/pl\/wp-json\/wp\/v2\/tags?post=226171"}],"curies":[{"name":"wp","href":"https:\/\/api.w.org\/{rel}","templated":true}]}}