{"id":226173,"date":"2026-01-26T17:13:09","date_gmt":"2026-01-26T17:13:09","guid":{"rendered":"https:\/\/www.europesays.com\/pl\/226173\/"},"modified":"2026-01-26T17:13:09","modified_gmt":"2026-01-26T17:13:09","slug":"kolejna-szansa-dla-pietuszewskiego-trener-fc-porto-zabral-glos-ws-polaka","status":"publish","type":"post","link":"https:\/\/www.europesays.com\/pl\/226173\/","title":{"rendered":"Kolejna szansa dla Pietuszewskiego. Trener FC Porto zabra\u0142 g\u0142os ws. Polaka"},"content":{"rendered":"\n<p class=\"contentpart contentpart--default contentpart--text\" data-position=\"0\">Polscy kibice pok\u0142adaj\u0105 ogromne nadzieje w <a href=\"https:\/\/sportowefakty.wp.pl\/pilka-nozna\/oskar-pietuszewski\" rel=\"nofollow noopener\" target=\"_blank\">Oskarze Pietuszewskim<\/a>. Aktualnie to jeden z najzdolniejszych pi\u0142karzy m\u0142odego pokolenia. Zim\u0105 17-latek postanowi\u0142 opu\u015bci\u0107 PKO Ekstraklas\u0119 i zamieni\u0142 Jagielloni\u0119 Bia\u0142ystok na <a href=\"https:\/\/sportowefakty.wp.pl\/pilka-nozna\/fc-porto\" rel=\"nofollow noopener\" target=\"_blank\">FC Porto<\/a>.<\/p>\n<p class=\"contentpart contentpart--default contentpart--text\" data-position=\"1\">Tydzie\u0144 temu m\u0142odzie\u017cowy reprezentant Polski zadebiutowa\u0142 w nowych barwach. W ligowym starciu z Vitori\u0105 Guimaraes rozegra\u0142 18 minut. Tyle wystarczy\u0142o, by zrobi\u0107 wra\u017cenie na portugalskich dziennikarzach.<\/p>\n<p>  <img decoding=\"async\" src=\"https:\/\/v.wpimg.pl\/X3dwLnN2d1IFFTpdYUl6R0ZNbgcnEHQREVV2TGEGbUtRT2MdOlZ2RBQUKABgQjQcDRotCStBd1IAAWMeIlM7VgwYIAorQAdEFFk_GCkQJQ\" alt=\"\" width=\"45\" height=\"58\" loading=\"lazy\"\/>  <\/p>\n<p class=\"contentpart contentpart--default contentpart--text\" data-position=\"2\">ZOBACZ WIDEO: Wojna o r\u0119cznik! Kuriozalne sceny w finale Pucharu Narod\u00f3w Afryki<\/p>\n<p class=\"contentpart contentpart--default contentpart--text\" data-position=\"4\">W poniedzia\u0142ek (26 stycznia) FC Porto powalczy o ligowe punkty z Gil Vicente. Mo\u017cliwe, \u017ce Pietuszewski dostanie kolejn\u0105 szans\u0119, cho\u0107 tego na razie nikt nie potwierdzi\u0142.<\/p>\n<p class=\"contentpart contentpart--default contentpart--text\" data-position=\"5\">Trener <a href=\"https:\/\/sportowefakty.wp.pl\/pilka-nozna\/francesco-farioli\" rel=\"nofollow noopener\" target=\"_blank\">Francesco Farioli<\/a>\u00a0na przedmeczowej konferencji zabra\u0142 g\u0142os na temat Oskara. By\u0142a to jednak odpowied\u017a na pytanie o s\u0142absz\u0105 gr\u0119 w ofensywie w ostatnich spotkaniach.<\/p>\n<p class=\"contentpart contentpart--default contentpart--text\" data-position=\"6\">&#8211; Przybycie Oskara da\u0142o nam mo\u017cliwo\u015b\u0107 wzmocnienia konkurencji na skrzyd\u0142ach i mamy tam teraz wi\u0119cej energii. Pepe, Sainz Borja i William Gomes odpowiadali za dwie pozycje przez 32 mecze, co jest bardzo du\u017cym obci\u0105\u017ceniem. Teraz, gdy mamy wi\u0119ksz\u0105 g\u0142\u0119bi\u0119, wi\u0119cej mo\u017cliwo\u015bci rotacji, jeste\u015bmy bardziej wypocz\u0119ci. Oczywi\u015bcie zwi\u0119ksza to szanse na skuteczno\u015b\u0107 pod bramk\u0105. Bramki b\u0119d\u0105 wpada\u0107, asysty b\u0119d\u0105 si\u0119 pojawia\u0107, a najwa\u017cniejsze jest, by dru\u017cyna nadal stwarza\u0142a sobie sytuacje &#8211; przyzna\u0142 Francesco Farioli.<\/p>\n<p>  <img decoding=\"async\" src=\"https:\/\/v.wpimg.pl\/X3dwLnN2d1IFFTpdYUl6R0ZNbgcnEHQREVV2TGEGbUtRT2MdOlZ2RBQUKABgQjQcDRotCStBd1IAAWMeIlM7VgwYIAorQAdEFFk_GCkQJQ\" alt=\"\" width=\"45\" height=\"58\" loading=\"lazy\"\/>  <\/p>\n<p class=\"contentpart contentpart--default contentpart--text\" data-position=\"7\">FC Porto ostatnie dwa ligowe spotkania wygra\u0142o zaledwie 1:0 (z Guimaraes i Santa Clar\u0105). Do tego dosz\u0142o zwyci\u0119stwo takim samym wynikiem w Pucharze Portugalii (z Benfic\u0105) oraz remis 1:1 z Viktori\u0105 Pilzno w Lidze Europy. &#8222;Smoki&#8221; jednak wci\u0105\u017c s\u0105 liderem z przewag\u0105 czterech punkt\u00f3w nad drugim Sportingiem Lizbona.<\/p>\n<p class=\"contentpart contentpart--default contentpart--text\" data-position=\"8\">Mecz FC Porto &#8211; Gil Vicente odb\u0119dzie si\u0119 26 stycznia o godzinie 21:15. Poza Pietuszewskim szans\u0119 na gr\u0119 maj\u0105 dwaj inni Polacy, czyli Jan Bednarek i Jakub Kiwior.<\/p>\n","protected":false},"excerpt":{"rendered":"Polscy kibice pok\u0142adaj\u0105 ogromne nadzieje w Oskarze Pietuszewskim. Aktualnie to jeden z najzdolniejszych pi\u0142karzy m\u0142odego pokolenia. Zim\u0105 17-latek&hellip;\n","protected":false},"author":2,"featured_media":226174,"comment_status":"","ping_status":"","sticky":false,"template":"","format":"standard","meta":{"footnotes":""},"categories":[24],"tags":[5436,5439,7575,269,42,38,40,39,41,127,126],"class_list":{"0":"post-226173","1":"post","2":"type-post","3":"status-publish","4":"format-standard","5":"has-post-thumbnail","7":"category-sport","8":"tag-fc-porto","9":"tag-francesco-farioli","10":"tag-oskar-pietuszewski","11":"tag-pilka-nozna","12":"tag-pl","13":"tag-poland","14":"tag-polish","15":"tag-polska","16":"tag-polski","17":"tag-sport","18":"tag-sports"},"share_on_mastodon":{"url":"https:\/\/pubeurope.com\/@pl\/115962524748754528","error":""},"_links":{"self":[{"href":"https:\/\/www.europesays.com\/pl\/wp-json\/wp\/v2\/posts\/226173","targetHints":{"allow":["GET"]}}],"collection":[{"href":"https:\/\/www.europesays.com\/pl\/wp-json\/wp\/v2\/posts"}],"about":[{"href":"https:\/\/www.europesays.com\/pl\/wp-json\/wp\/v2\/types\/post"}],"author":[{"embeddable":true,"href":"https:\/\/www.europesays.com\/pl\/wp-json\/wp\/v2\/users\/2"}],"replies":[{"embeddable":true,"href":"https:\/\/www.europesays.com\/pl\/wp-json\/wp\/v2\/comments?post=226173"}],"version-history":[{"count":0,"href":"https:\/\/www.europesays.com\/pl\/wp-json\/wp\/v2\/posts\/226173\/revisions"}],"wp:featuredmedia":[{"embeddable":true,"href":"https:\/\/www.europesays.com\/pl\/wp-json\/wp\/v2\/media\/226174"}],"wp:attachment":[{"href":"https:\/\/www.europesays.com\/pl\/wp-json\/wp\/v2\/media?parent=226173"}],"wp:term":[{"taxonomy":"category","embeddable":true,"href":"https:\/\/www.europesays.com\/pl\/wp-json\/wp\/v2\/categories?post=226173"},{"taxonomy":"post_tag","embeddable":true,"href":"https:\/\/www.europesays.com\/pl\/wp-json\/wp\/v2\/tags?post=226173"}],"curies":[{"name":"wp","href":"https:\/\/api.w.org\/{rel}","templated":true}]}}