{"id":226215,"date":"2026-01-26T17:34:08","date_gmt":"2026-01-26T17:34:08","guid":{"rendered":"https:\/\/www.europesays.com\/pl\/226215\/"},"modified":"2026-01-26T17:34:08","modified_gmt":"2026-01-26T17:34:08","slug":"gwiazdor-skokow-pominiety-nie-jedzie-na-igrzyska-olimpijskie-przeglad-sportowy-onet","status":"publish","type":"post","link":"https:\/\/www.europesays.com\/pl\/226215\/","title":{"rendered":"Gwiazdor skok\u00f3w pomini\u0119ty. Nie jedzie na igrzyska olimpijskie &#8211; Przegl\u0105d Sportowy Onet"},"content":{"rendered":"<ol>\n<li><a href=\"https:\/\/news.google.com\/rss\/articles\/CBMizgFBVV95cUxNV25YZm1KX3o2TE9IbTFqMzNqTEpTVjhOUXE3M3oyRy02R19KT2F5VkloLWV4TWV1UmNYWXFDdndWR3h0UG5xdGMxM3RuZy1WbVd1Q0c4WGhTbHRmcFl5T20tNkFya0hqQ0ZaazY3b3FRc19xUXRiRUlyVGRyS3Jsa3N1YkFlSmE0RUR4RmNNUkF4T0RyTzhuZHhIVFFqWEZ4WnQzYy1sRldwVjZteTEySWNZRHY5N1BsWFlGU3dxMFNIWVcyaFVpM2x6TFJzQQ?oc=5\" target=\"_blank\" rel=\"nofollow noopener\">Gwiazdor skok\u00f3w pomini\u0119ty. Nie jedzie na igrzyska olimpijskie<\/a>&nbsp;&nbsp;Przegl\u0105d Sportowy Onet<\/li>\n<li><a href=\"https:\/\/news.google.com\/rss\/articles\/CBMi1gJBVV95cUxNTTBpZ0JnWW9BMW1lYklZOGNVb1VHeURJMXJ4dGdxUUI1WGRFb1lHbERpUEpkRDktRm8xT1NaTmxqYXNvSGh2bGpGeUhhY2JnYkNxMGhkckZCOHJ2VHFPdmdiWVdwdFFaMkh0ZW1Ba29adlpGUFp3WS1DQTV4WENlY3dhVV9OdUdnUnpQVTlJWGZkdHh3UHBmd1JfcGNSTmNXRXl1SktKMXFPaFBSMXFOcnBIZDhoWHRmOFBBMDcxaXBNQUtVQ2dIR1hQZ291eVJQNXVmeFB2WThreTY0MFlUamg0bmVTak9mRjF1SjlibjQ2UFIwOFIyLTNwemU1OFhXZDFDTVhneUVwZVBaN2paRWJSRkpJTllEX3BlenRQNEpPY2lxQ1NQdkJSellpTW1IcU4zTHZIZV82U1RfSlA4VUdWV25aUE1aM2kxNy1yaC1OXzVSeHc?oc=5\" target=\"_blank\" rel=\"nofollow noopener\">Igrzyska bez Simona Ammanna<\/a>&nbsp;&nbsp;Eurosport Polska<\/li>\n<li><a href=\"https:\/\/news.google.com\/rss\/articles\/CBMilgFBVV95cUxNUFdQeG9vWUZNODFwSk4zaTQtZHNiSnB5S2hPcFdMc3NvcGRMMzdjTUJKczVwY05lYXR2c3EzMU5uN21vQUJRWlFWVWhvWGpJQWZSc1kwTGg0eGpNSlNONnVGWVVQajg3U1dwd0g0OTNrMmp1SkxjNmpLRGVWOXJsTzNHMXlIRmlocG1aV0xoblM4cEZTU2c?oc=5\" target=\"_blank\" rel=\"nofollow noopener\">Jest decyzja ws. wyst\u0119pu legendy na IO<\/a>&nbsp;&nbsp;SportoweFakty<\/li>\n<li><a href=\"https:\/\/news.google.com\/rss\/articles\/CBMiugFBVV95cUxQc1BldldUdUxYUXBhcko3MkxmVjVuNFBRNy1qMy00eElwb2cxRjE2Ui1GQzhOVTdXNkdkelJhRzhHNGhmd3ZNR2dfR2ZNV0tVODJzSnNpaFowU2FCX0dWT1NHeUFoelRhaFFScGQ1QVFVYVhyVjVmZ05uTnhyalZpcUQtaDlGaF9EUWZWSDRULWdJMWJwQXg0R1RaOVlTN0FQOFJVTkpUeEZmdTlzMzItaG1oeElDY1pqZkHSAb8BQVVfeXFMUFF5aTloR2tjZm1VWm5mM2FMTFZYbktHcGFJRmloTmY5dEZCeExVUFhEaURUdEdKYm93SG9PWUFTdU44WTU2al9FRFhrVUxITHppNlFERkh4d2Zhd2VmdXM3aERkVS1LVDNjUlNfMUg1WTJocFFXWXc4a2hlbS1fMGZYSTJnVkY2RHVqRzFKQk9rMmJEblJXd1ZYa3UtUk9NZ0RpeUV3dGRHVTBoY3dKYkY0dzdGbzNvTU83Q1NDcm8?oc=5\" target=\"_blank\" rel=\"nofollow noopener\">Simon Ammann nie wystartuje na igrzyskach olimpijskich. Nie wyr\u00f3wna rekordu wszech czas\u00f3w<\/a>&nbsp;&nbsp;sport.tvp.pl<\/li>\n<li><a href=\"https:\/\/news.google.com\/rss\/articles\/CBMivgFBVV95cUxQTERBY0s5WXNNN3dIcVVrTC0yelpfUXhITFpDV0x3N1d0T0djNDZHZm9IT3RHZlYxT251R0Q0ZzdoQVVNeG9QVVdwWmtQeVdKem1hV0lqTFJKMmlUbk4tcjJBLVlma0c2S3FQMWJ0d3VUeS0zcVZ3LTFlVVZ2STRRN25xSjJFOXEwWEE0Zng0Ql9oUWc2SzZjbGhMeWVaeDUyZ00zbjlucWk2VE1ad2o1UkdnSXduSUtWamlpdm53?oc=5\" target=\"_blank\" rel=\"nofollow noopener\">Obro\u0144ca tytu\u0142u nie jedzie na igrzyska. Mistrz olimpijski skre\u015blony, jest komunikat<\/a>&nbsp;&nbsp;Sport w INTERIA.PL<\/li>\n<\/ol>\n","protected":false},"excerpt":{"rendered":"Gwiazdor skok\u00f3w pomini\u0119ty. Nie jedzie na igrzyska olimpijskie&nbsp;&nbsp;Przegl\u0105d Sportowy Onet Igrzyska bez Simona Ammanna&nbsp;&nbsp;Eurosport Polska Jest decyzja ws.&hellip;\n","protected":false},"author":2,"featured_media":226216,"comment_status":"","ping_status":"","sticky":false,"template":"","format":"standard","meta":{"footnotes":""},"categories":[24],"tags":[67,36155,11744,42,38,40,39,41,136,128,47,1874,127,135,126,130,15289],"class_list":{"0":"post-226215","1":"post","2":"type-post","3":"status-publish","4":"format-standard","5":"has-post-thumbnail","7":"category-sport","8":"tag-intextvideo_splayer","9":"tag-manuel_fettner","10":"tag-ogor","11":"tag-pl","12":"tag-poland","13":"tag-polish","14":"tag-polska","15":"tag-polski","16":"tag-ps_detal_new","17":"tag-psv2","18":"tag-screening_general","19":"tag-skoki_narciarskie","20":"tag-sport","21":"tag-sport_sport","22":"tag-sports","23":"tag-wiadomosci_sportowe","24":"tag-zimowe_igrzyska_olimpijskie_2026"},"share_on_mastodon":{"url":"https:\/\/pubeurope.com\/@pl\/115962607513208942","error":""},"_links":{"self":[{"href":"https:\/\/www.europesays.com\/pl\/wp-json\/wp\/v2\/posts\/226215","targetHints":{"allow":["GET"]}}],"collection":[{"href":"https:\/\/www.europesays.com\/pl\/wp-json\/wp\/v2\/posts"}],"about":[{"href":"https:\/\/www.europesays.com\/pl\/wp-json\/wp\/v2\/types\/post"}],"author":[{"embeddable":true,"href":"https:\/\/www.europesays.com\/pl\/wp-json\/wp\/v2\/users\/2"}],"replies":[{"embeddable":true,"href":"https:\/\/www.europesays.com\/pl\/wp-json\/wp\/v2\/comments?post=226215"}],"version-history":[{"count":0,"href":"https:\/\/www.europesays.com\/pl\/wp-json\/wp\/v2\/posts\/226215\/revisions"}],"wp:featuredmedia":[{"embeddable":true,"href":"https:\/\/www.europesays.com\/pl\/wp-json\/wp\/v2\/media\/226216"}],"wp:attachment":[{"href":"https:\/\/www.europesays.com\/pl\/wp-json\/wp\/v2\/media?parent=226215"}],"wp:term":[{"taxonomy":"category","embeddable":true,"href":"https:\/\/www.europesays.com\/pl\/wp-json\/wp\/v2\/categories?post=226215"},{"taxonomy":"post_tag","embeddable":true,"href":"https:\/\/www.europesays.com\/pl\/wp-json\/wp\/v2\/tags?post=226215"}],"curies":[{"name":"wp","href":"https:\/\/api.w.org\/{rel}","templated":true}]}}