{"id":226309,"date":"2026-01-26T18:25:11","date_gmt":"2026-01-26T18:25:11","guid":{"rendered":"https:\/\/www.europesays.com\/pl\/226309\/"},"modified":"2026-01-26T18:25:11","modified_gmt":"2026-01-26T18:25:11","slug":"polaku-przelacz-o-2000-zobacz-jeden-z-najslawniejszych-filmow-akcji-w-historii","status":"publish","type":"post","link":"https:\/\/www.europesays.com\/pl\/226309\/","title":{"rendered":"Polaku, prze\u0142\u0105cz o 20:00. Zobacz jeden z najs\u0142awniejszych film\u00f3w akcji w historii"},"content":{"rendered":"<ul class=\"list-summary__items summary\">\n<li>W telewizji wy\u015bwietlony zostanie hit akcji z Piercem Brosnanem i Izabell\u0105 Scorupco<\/li>\n<li>O czym opowiada fabu\u0142a &#8222;GoldenEye&#8221;?<\/li>\n<li>Kiedy i o kt\u00f3rej ogl\u0105da\u0107 &#8222;GoldenEye&#8221; w telewizji?<\/li>\n<\/ul>\n<p>    \t\t<a name=\"eztoc36709088_0_7\" id=\"eztoc36709088_0_7\"\/>O czym opowiada &#8222;GoldenEye&#8221; &#8211; pierwszy film o Bondzie z Piercem Brosnanem?<\/p>\n<p>&#8222;GoldenEye&#8221; to jeden z kultowych<br \/>\n<a href=\"https:\/\/wiadomosci.radiozet.pl\/tag\/kategoria\/film\" target=\"_self\" rel=\"dofollow noopener\">film\u00f3w<\/a> o przygodach agenta 007. W brytyjskiej produkcji z 1995 roku w rol\u0119<br \/>\n<a href=\"https:\/\/wiadomosci.radiozet.pl\/tag\/kategoria\/james-bond\" target=\"_self\" rel=\"dofollow noopener\">Jamesa Bonda<\/a> po raz pierwszy wcieli\u0142 si\u0119 Pierce Brosnan, kt\u00f3ry z miejsca zdoby\u0142 uznanie widz\u00f3w. Finalnie aktor zagra\u0142 tego bohatera a\u017c cztery razy &#8211; w &#8222;GoldenEye&#8221; (1995), &#8222;Jutro nie umiera nigdy&#8221; (1997), &#8222;\u015awiat to za ma\u0142o&#8221; (1999) oraz &#8222;\u015amier\u0107 nadejdzie jutro&#8221; (2002).<\/p>\n<p>Jak dobrze znasz Jamesa Bonda? Tylko fan kina akcji zdob\u0119dzie 100 proc. punkt\u00f3w! Reszt\u0119 artyku\u0142u znajdziesz pod quizem&#8230;<\/p>\n<p>    Quiz: \u201eNazywam si\u0119 Bond. James Bond\u201d. Jak du\u017co wiesz o s\u0142ynnym agencie 007?<\/p>\n<p>O czym opowiada hit kina akcji, kt\u00f3ry zostanie dzi\u015b wyemitowany w<br \/>\n<a href=\"https:\/\/wiadomosci.radiozet.pl\/tag\/kategoria\/telewizja\" target=\"_self\" rel=\"dofollow noopener\">telewizji<\/a>? Bond ma nowego \u015bmiertelnego wroga, z kt\u00f3rym musi si\u0119 zmierzy\u0107 w swej misji. Jego perfidny przeciwnik kradnie \u015bci\u015ble tajny helikopter i najnowsz\u0105 sowieck\u0105 bro\u0144 zwan\u0105 &#8222;GoldenEye&#8221;, przy pomocy kt\u00f3rej chce zniszczy\u0107 ca\u0142y zachodni \u015bwiat. Tylko James Bond mo\u017ce zapobiec nieszcz\u0119\u015bciu.<\/p>\n<p>\t\t\t\t\t\t                                                    \t<a name=\"eztoc36709088_0_8\" id=\"eztoc36709088_0_8\"\/>&#8222;GoldenEye&#8221; &#8211; wielka przemiana Jamesa Bonda<\/p>\n<p>Film zosta\u0142 wydany po sze\u015bcioletniej przerwie w serii spowodowanej sporami prawnymi. Z roli Bonda zrezygnowa\u0142 Timothy Dalton, kt\u00f3rego zast\u0105pi\u0142 Pierce Brosnan. Zmieniono odtw\u00f3rc\u0119 roli M &#8211; aktorka Judi Dench zosta\u0142a pierwsz\u0105 kobiet\u0105, kt\u00f3ra zagra\u0142a t\u0119 posta\u0107, zast\u0119puj\u0105c Roberta Browna. Ponownie obsadzono tak\u017ce rol\u0119 Moneypenny &#8211; Caroline Bliss zosta\u0142a zast\u0105piona przez Samanth\u0119 Bond. Jedynym aktorem, kt\u00f3ry ponownie wcieli\u0142 si\u0119 w swoj\u0105 rol\u0119, by\u0142 Desmond Llewelyn, graj\u0105cy Q.<\/p>\n<p>&#8222;GoldenEye&#8221; to wyj\u0105tkowa produkcja tak\u017ce z innych powod\u00f3w. By\u0142 to pierwszy film o Bondzie nakr\u0119cony po rozpadzie Zwi\u0105zku Radzieckiego i zako\u0144czeniu zimnej wojny, co stanowi\u0142o t\u0142o dla fabu\u0142y. By\u0142a to tak\u017ce pierwsza produkcja serii nakr\u0119cona w Leavesden Studios. W tym filmie po raz pierwszy wykorzystano r\u00f3wnie\u017c efekty generowane komputerowo.<\/p>\n<p>Debiut Brosnana w roli Bonda zosta\u0142 doceniony przez widz\u00f3w oraz krytyk\u00f3w, kt\u00f3rzy stwierdzili, \u017ce by\u0142 lepszy od swojego poprzednika. Produkcja otrzyma\u0142a nominacje do Nagrody Brytyjskiej Akademii Filmowej za &#8222;najlepsze specjalne efekty specjalne&#8221; i &#8222;najlepszy d\u017awi\u0119k&#8221;. Do dzi\u015b jest to jeden z ulubionych film\u00f3w o agencie 007 dla wielu fan\u00f3w serii.<\/p>\n<p>\t\t\t\t\t\t                                                    \t<a name=\"eztoc36709088_0_9\" id=\"eztoc36709088_0_9\"\/>Kiedy i gdzie obejrze\u0107 &#8222;GoldenEye&#8221; w telewizji?<\/p>\n<p>Tak\u017ce Polacy ch\u0119tnie go sobie przypominaj\u0105. Zw\u0142aszcza, \u017ce rol\u0119 &#8222;kobiety Bonda&#8221; odegra\u0142a tutaj w\u0142a\u015bnie Polka. Izabella Scorupco wcieli\u0142a si\u0119 w rol\u0119 Natalii Simonowej, ocala\u0142ej programistki komputerowej. To w\u0142a\u015bnie Scorupko do dzi\u015b jest jedyn\u0105 polsk\u0105 aktork\u0105, kt\u00f3ra zagra\u0142a wybrank\u0119 Bonda, co przynios\u0142o jej mi\u0119dzynarodow\u0105 s\u0142aw\u0119.<\/p>\n<p>Film w re\u017cyserii Martina Campbella b\u0119dzie mo\u017cna obejrze\u0107 w telewizji ju\u017c dzisiaj. &#8222;GoldenEye&#8221; zostanie wyemitowany w poniedzia\u0142ek 26 stycznia 2026 roku o godzinie 20:00 na kanale TVP Kultura. Powt\u00f3rk\u0119 b\u0119dzie mo\u017cna obejrze\u0107 28 stycznia 2026 roku o godzinie 22:25, r\u00f3wnie\u017c na TVP Kultura. Produkcja dost\u0119pna jest tak\u017ce online &#8211; mo\u017cna j\u0105 wypo\u017cyczy\u0107 ju\u017c od 9,99 z\u0142 na Prime Video oraz Apple TV.<\/p>\n<p>\u0179r\u00f3d\u0142o: Radio ZET \/ Telemagazyn \/<br \/>\n<a href=\"https:\/\/pl.wikipedia.org\/wiki\/GoldenEye\" target=\"_self\" rel=\"dofollow noopener\">Wikipedia<\/a><\/p>\n<p>By\u0142e\u015b \u015bwiadkiem czego\u015b niespodziewanego? Masz temat, kt\u00f3rym powinni\u015bmy si\u0119 zaj\u0105\u0107?<\/p>\n<p>Zg\u0142o\u015b spraw\u0119 przez <a href=\"https:\/\/wiadomosci.radiozet.pl\/czerwony-telefon\" target=\"_blank\" title=\"Czerwony telefon Radia Zet\" rel=\"nofollow noopener\">Czerwony telefon Radia ZET<\/a><\/p>\n","protected":false},"excerpt":{"rendered":"W telewizji wy\u015bwietlony zostanie hit akcji z Piercem Brosnanem i Izabell\u0105 Scorupco O czym opowiada fabu\u0142a &#8222;GoldenEye&#8221;? Kiedy&hellip;\n","protected":false},"author":2,"featured_media":226310,"comment_status":"","ping_status":"","sticky":false,"template":"","format":"standard","meta":{"footnotes":""},"categories":[20],"tags":[816,5745,261,120,118,119,42,38,40,39,41,116,114,115,121,117,506],"class_list":{"0":"post-226309","1":"post","2":"type-post","3":"status-publish","4":"format-standard","5":"has-post-thumbnail","7":"category-nauka-i-technika","8":"tag-film","9":"tag-james-bond","10":"tag-kultura","11":"tag-nauka","12":"tag-nauka-i-technika","13":"tag-naukatechnika","14":"tag-pl","15":"tag-poland","16":"tag-polish","17":"tag-polska","18":"tag-polski","19":"tag-science","20":"tag-science-and-technology","21":"tag-sciencetechnology","22":"tag-technika","23":"tag-technology","24":"tag-tvp"},"share_on_mastodon":{"url":"https:\/\/pubeurope.com\/@pl\/115962807866879300","error":""},"_links":{"self":[{"href":"https:\/\/www.europesays.com\/pl\/wp-json\/wp\/v2\/posts\/226309","targetHints":{"allow":["GET"]}}],"collection":[{"href":"https:\/\/www.europesays.com\/pl\/wp-json\/wp\/v2\/posts"}],"about":[{"href":"https:\/\/www.europesays.com\/pl\/wp-json\/wp\/v2\/types\/post"}],"author":[{"embeddable":true,"href":"https:\/\/www.europesays.com\/pl\/wp-json\/wp\/v2\/users\/2"}],"replies":[{"embeddable":true,"href":"https:\/\/www.europesays.com\/pl\/wp-json\/wp\/v2\/comments?post=226309"}],"version-history":[{"count":0,"href":"https:\/\/www.europesays.com\/pl\/wp-json\/wp\/v2\/posts\/226309\/revisions"}],"wp:featuredmedia":[{"embeddable":true,"href":"https:\/\/www.europesays.com\/pl\/wp-json\/wp\/v2\/media\/226310"}],"wp:attachment":[{"href":"https:\/\/www.europesays.com\/pl\/wp-json\/wp\/v2\/media?parent=226309"}],"wp:term":[{"taxonomy":"category","embeddable":true,"href":"https:\/\/www.europesays.com\/pl\/wp-json\/wp\/v2\/categories?post=226309"},{"taxonomy":"post_tag","embeddable":true,"href":"https:\/\/www.europesays.com\/pl\/wp-json\/wp\/v2\/tags?post=226309"}],"curies":[{"name":"wp","href":"https:\/\/api.w.org\/{rel}","templated":true}]}}