{"id":226346,"date":"2026-01-26T18:44:08","date_gmt":"2026-01-26T18:44:08","guid":{"rendered":"https:\/\/www.europesays.com\/pl\/226346\/"},"modified":"2026-01-26T18:44:08","modified_gmt":"2026-01-26T18:44:08","slug":"jaka-przyszlosc-kanea-przelomowe-slowa-dzialacza-bayernu","status":"publish","type":"post","link":"https:\/\/www.europesays.com\/pl\/226346\/","title":{"rendered":"Jaka przysz\u0142o\u015b\u0107 Kane&#8217;a? Prze\u0142omowe s\u0142owa dzia\u0142acza Bayernu"},"content":{"rendered":"\n<p class=\"contentpart contentpart--default contentpart--text\" data-position=\"0\">Od sierpnia 2023 roku Harry Kane jest zawodnikiem Bayernu Monachium. Kosztowa\u0142 blisko 100 mln euro, ale z perspektywy czasu mo\u017cna jasno stwierdzi\u0107, \u017ce si\u0119 sp\u0142aci\u0142.<\/p>\n<p class=\"contentpart contentpart--default contentpart--text\" data-position=\"1\">Anglik robi w Monachium to, czego od niego oczekiwano: strzela gole. I nie tylko.<\/p>\n<p>  <img decoding=\"async\" src=\"https:\/\/v.wpimg.pl\/X3dwLnN2d1IFFTpdYUl6R0ZNbgcnEHQREVV2TGEGbUtRT2MdOlZ2RBQUKABgQjQcDRotCStBd1IAAWMeIlM7VgwYIAorQAdEFFk_GCkQJQ\" alt=\"\" width=\"45\" height=\"58\" loading=\"lazy\"\/>  <\/p>\n<p class=\"contentpart contentpart--default contentpart--text\" data-position=\"2\">Sp\u00f3jrzmy na liczby: 119 bramek i 30 asyst w 126 meczach (dane za Transfermarkt, wi\u0119c w przypadku asyst nie musi by\u0107 to do ko\u0144ca adekwatne). Tak czy inaczej, wynik kosmiczny.<\/p>\n<p class=\"contentpart contentpart--default contentpart--text\" data-position=\"3\">Tylko w sezonie 2025\/26 Kane strzeli\u0142 34 gole w 30 spotkaniach.<\/p>\n<p class=\"contentpart contentpart--default contentpart--text\" data-position=\"4\">Kibice Bayernu w ostatnim czasie dyskutowali jednak nie tylko na temat formy Kane&#8217;a, ale te\u017c o jego wygasaj\u0105cym kontrakcie 30 czerwca 2027 roku. Co dalej? Wygl\u0105da na to, \u017ce &#8222;co\u015b&#8221; zacz\u0119\u0142o si\u0119 w tym temacie dzia\u0107.<\/p>\n<p class=\"contentpart contentpart--default contentpart--text\" data-position=\"5\">Florian Plettenberg z niemieckiego &#8222;Sky Sport&#8221; poinformowa\u0142, \u017ce ruszy\u0142y rozmowy na temat przed\u0142u\u017cenia kontraktu Kane&#8217;a o rok lub dwa.<\/p>\n<p>  <img decoding=\"async\" src=\"https:\/\/v.wpimg.pl\/X3dwLnN2d1IFFTpdYUl6R0ZNbgcnEHQREVV2TGEGbUtRT2MdOlZ2RBQUKABgQjQcDRotCStBd1IAAWMeIlM7VgwYIAorQAdEFFk_GCkQJQ\" alt=\"\" width=\"45\" height=\"58\" loading=\"lazy\"\/>  <\/p>\n<p class=\"contentpart contentpart--default contentpart--text\" data-position=\"6\">&#8211; Prowadzimy rozmowy &#8211; potwierdzi\u0142 dyrektor sportowy klubu Max Eberl.<\/p>\n<p class=\"contentpart contentpart--default contentpart--text\" data-position=\"7\">Wspomniany dziennikarz doda\u0142, \u017ce Kane nie my\u015bli o transferze i jest wi\u0119cej ni\u017c ch\u0119tny do przed\u0142u\u017cenia umowy. Doskonale czuje si\u0119 w Monachium i chce kontynuowa\u0107 karier\u0119 w Bayernie.<\/p>\n<p class=\"contentpart contentpart--default contentpart--text\" data-position=\"8\">ZOBACZ WIDEO: Wojna o r\u0119cznik! Kuriozalne sceny w finale Pucharu Narod\u00f3w Afryki<\/p>\n","protected":false},"excerpt":{"rendered":"Od sierpnia 2023 roku Harry Kane jest zawodnikiem Bayernu Monachium. Kosztowa\u0142 blisko 100 mln euro, ale z perspektywy&hellip;\n","protected":false},"author":2,"featured_media":226347,"comment_status":"","ping_status":"","sticky":false,"template":"","format":"standard","meta":{"footnotes":""},"categories":[24],"tags":[931,935,933,2814,33017,932,295,269,930,278,42,38,40,39,41,127,126],"class_list":{"0":"post-226346","1":"post","2":"type-post","3":"status-publish","4":"format-standard","5":"has-post-thumbnail","7":"category-sport","8":"tag-allianz-arena-w-monachium","9":"tag-bayern-monachium","10":"tag-bundesliga","11":"tag-harry-kane","12":"tag-max-eberl","13":"tag-monachium","14":"tag-niemcy","15":"tag-pilka-nozna","16":"tag-pilka-nozna-w-niemczech","17":"tag-pilka-w-europie","18":"tag-pl","19":"tag-poland","20":"tag-polish","21":"tag-polska","22":"tag-polski","23":"tag-sport","24":"tag-sports"},"share_on_mastodon":{"url":"https:\/\/pubeurope.com\/@pl\/115962882894725176","error":""},"_links":{"self":[{"href":"https:\/\/www.europesays.com\/pl\/wp-json\/wp\/v2\/posts\/226346","targetHints":{"allow":["GET"]}}],"collection":[{"href":"https:\/\/www.europesays.com\/pl\/wp-json\/wp\/v2\/posts"}],"about":[{"href":"https:\/\/www.europesays.com\/pl\/wp-json\/wp\/v2\/types\/post"}],"author":[{"embeddable":true,"href":"https:\/\/www.europesays.com\/pl\/wp-json\/wp\/v2\/users\/2"}],"replies":[{"embeddable":true,"href":"https:\/\/www.europesays.com\/pl\/wp-json\/wp\/v2\/comments?post=226346"}],"version-history":[{"count":0,"href":"https:\/\/www.europesays.com\/pl\/wp-json\/wp\/v2\/posts\/226346\/revisions"}],"wp:featuredmedia":[{"embeddable":true,"href":"https:\/\/www.europesays.com\/pl\/wp-json\/wp\/v2\/media\/226347"}],"wp:attachment":[{"href":"https:\/\/www.europesays.com\/pl\/wp-json\/wp\/v2\/media?parent=226346"}],"wp:term":[{"taxonomy":"category","embeddable":true,"href":"https:\/\/www.europesays.com\/pl\/wp-json\/wp\/v2\/categories?post=226346"},{"taxonomy":"post_tag","embeddable":true,"href":"https:\/\/www.europesays.com\/pl\/wp-json\/wp\/v2\/tags?post=226346"}],"curies":[{"name":"wp","href":"https:\/\/api.w.org\/{rel}","templated":true}]}}