{"id":226357,"date":"2026-01-26T18:51:07","date_gmt":"2026-01-26T18:51:07","guid":{"rendered":"https:\/\/www.europesays.com\/pl\/226357\/"},"modified":"2026-01-26T18:51:07","modified_gmt":"2026-01-26T18:51:07","slug":"michal-jasiczek-za-piotra-habdasa-pkol-zmienil-decyzje-pzn-ws-powolan-w-narciarstwie-alpejskim-sport-tvp-pl","status":"publish","type":"post","link":"https:\/\/www.europesays.com\/pl\/226357\/","title":{"rendered":"Micha\u0142 Jasiczek za Piotra Habdasa. PKOl zmieni\u0142 decyzj\u0119 PZN ws. powo\u0142a\u0144 w narciarstwie alpejskim &#8211; sport.tvp.pl"},"content":{"rendered":"<ol>\n<li><a href=\"https:\/\/news.google.com\/rss\/articles\/CBMiwgFBVV95cUxOSGVMYjlRRVRVM2IwcnVtUEFaeUtDcXlCMURabnh6T1lUcGpOSXExTFl0dUFuVWplZEwzMFFXWnpEZWxVNk9oWmg5TGktMlRIa1pyMFFmMXVOYkNkRHpRWFJBT3U4NVFrbUNWMldnZUxWWHg5Rk8wYU5scVhPRkZrUHZUUGlaclY4ekdKR0hoV0hPdUh6TEs4aFZ6WFJ2ME9ZNnc2WUdpSkJTTU5ZbVFDQTcyVVEwOUVHeGM4WWtkYVNyd9IBxwFBVV95cUxNTFU3eW5TMllNRzl6T0R2emFMS193SGRhQU1yNzZoZ3Uza0xuRHFYOGUwVXEwMVBtY0VLcF84WEZuVkg1NlNVbVlFNkhBcXFaM3BTejJNUXFYQTFCZ3FPQm1kTGJiSmE1UC1RcGJKZG9uV3RMdkVIRlp4ck84bF9yZVRNczZvYlF3NS1TLWR0Umpnc213dUdxMDVWaGFadnk2VGhLWWJfQVVwSmtiSXo5NE9jWHJtTDdiemZxNUtQOWNGVmMxdnJn?oc=5\" target=\"_blank\" rel=\"nofollow noopener\">Micha\u0142 Jasiczek za Piotra Habdasa. PKOl zmieni\u0142 decyzj\u0119 PZN ws. powo\u0142a\u0144 w narciarstwie alpejskim<\/a>&nbsp;&nbsp;sport.tvp.pl<\/li>\n<li><a href=\"https:\/\/news.google.com\/rss\/articles\/CBMi5wFBVV95cUxNVG9JNVlOTVhOSzVsS2RaX1l3MXZSZ2NhbXhxTTU3WFJwNEhwcFNBLTJIZ1Flem1tYlU4dVdyMWZtNEkxazA2bXRNbE5DQ3NSZ1JvSVhiUDdXY1F6T0ZXT3NLYjhocEtzQUt1MzJGRTFFZjlQNWY3RFdVVVpCY19FaVlLcDlxSFktRXhadW81bzRiQ2dWNFFHcDU0VUI0dXkzNmFvTGxvbWd1bEVoSFkzNXZUaGNSNWo1a0ctM3VHdlk0TWU1YjU5LXlHamlPZHMtQ0tFLTFTcnFCZmR1SUVrdnUwaEhTYWM?oc=5\" target=\"_blank\" rel=\"nofollow noopener\">Afera! PKOl zmieni\u0142 decyzj\u0119 zwi\u0105zku Adama Ma\u0142ysza. Oto kto nie pojedzie na IO<\/a>&nbsp;&nbsp;Przegl\u0105d Sportowy Onet<\/li>\n<li><a href=\"https:\/\/news.google.com\/rss\/articles\/CBMiwAFBVV95cUxNcFZfTHBxR0FtR0VvVVBMMzA0dVFXQzVSczFCYVBuZzh3dGlfNVpmdGh6M1IxV2xEbndvNmVxY3ozMElvXzVIQXppNXVwbXB4NUg0alliMnFvcXhJSy02Rm1fSVhCbXZYWmVlVGZMOG5JR0pLV3pmWWhNZDd6MTJVdGdhOVlYUHhmM3lNVDVDTVMxd2VDUVlrb3NKQlNxWEpxVEZKY2JKRlozdFlySXJBWEVSN2txY1RnRjhnQU41b0M?oc=5\" target=\"_blank\" rel=\"nofollow noopener\">Burza po powo\u0142aniach na igrzyska. &#8222;Pan Piesiewicz mija si\u0119 z prawd\u0105&#8221;<\/a>&nbsp;&nbsp;SportoweFakty<\/li>\n<li><a href=\"https:\/\/news.google.com\/rss\/articles\/CBMirwFBVV95cUxOaVFWaXZpYU9TLXl4bXhWZ0tFS04xTXpQajdBSk4xNy1aM3RmQ2Z2UUZXcExpTjRTWHpDRmdUcDdPOWx2WUZncW1vZUNNQXVoX0E5NTRSalBhMkt3X1dLU0lYTHNoUk5RaEpWcTBjUGREZmJwdFRnV0padWpVMHBCWGNrTkRzRUpZLWxjTjM5UXNOay1GWnI5MVBFUTBPUFRPRUxqRWZpazNPSURiMUdJ?oc=5\" target=\"_blank\" rel=\"nofollow noopener\">Skandaliczne s\u0142owa Rafa\u0142a Kota. Tak potraktowa\u0142 olimpijk\u0119<\/a>&nbsp;&nbsp;Sport.pl<\/li>\n<li><a href=\"https:\/\/news.google.com\/rss\/articles\/CBMimgFBVV95cUxOZ0ZOeWJ6VHFadFRFM25zeHlNVTRsUkRHRU1NOWNqcUtkT1NSd0NkMnpFTjZqVzR5WWhOQlM3Z1VjWUtPN0FBMklPOWxoblZGOElJWWpBd1ZEeHVSRkF6LVZ1ZndQWFYxRzRrVGdGajNhc01iZFl6dDM4eGQyZVhVNzhlai0xRjdXZWdKaFdZNjdUVjJ6ekdlRi1R?oc=5\" target=\"_blank\" rel=\"nofollow noopener\">Cz\u0142onek zarz\u0105du PZN zabra\u0142 g\u0142os. &#8222;Chcia\u0142em przeprosi\u0107&#8221;<\/a>&nbsp;&nbsp;www.polsatsport.pl<\/li>\n<\/ol>\n","protected":false},"excerpt":{"rendered":"Micha\u0142 Jasiczek za Piotra Habdasa. PKOl zmieni\u0142 decyzj\u0119 PZN ws. powo\u0142a\u0144 w narciarstwie alpejskim&nbsp;&nbsp;sport.tvp.pl Afera! PKOl zmieni\u0142 decyzj\u0119&hellip;\n","protected":false},"author":2,"featured_media":226358,"comment_status":"","ping_status":"","sticky":false,"template":"","format":"standard","meta":{"footnotes":""},"categories":[24],"tags":[31529,8424,41684,6155,41685,15347,42,38,40,39,41,24782,127,334,126],"class_list":{"0":"post-226357","1":"post","2":"type-post","3":"status-publish","4":"format-standard","5":"has-post-thumbnail","7":"category-sport","8":"tag-igrzyska-2026","9":"tag-mediolan-cortina-2026","10":"tag-michal-jasiczek","11":"tag-narciarstwo-alpejskie","12":"tag-piotr-habdas","13":"tag-pkol","14":"tag-pl","15":"tag-poland","16":"tag-polish","17":"tag-polska","18":"tag-polski","19":"tag-pzn","20":"tag-sport","21":"tag-sport-tvp-pl","22":"tag-sports"},"share_on_mastodon":{"url":"https:\/\/pubeurope.com\/@pl\/115962910040094230","error":""},"_links":{"self":[{"href":"https:\/\/www.europesays.com\/pl\/wp-json\/wp\/v2\/posts\/226357","targetHints":{"allow":["GET"]}}],"collection":[{"href":"https:\/\/www.europesays.com\/pl\/wp-json\/wp\/v2\/posts"}],"about":[{"href":"https:\/\/www.europesays.com\/pl\/wp-json\/wp\/v2\/types\/post"}],"author":[{"embeddable":true,"href":"https:\/\/www.europesays.com\/pl\/wp-json\/wp\/v2\/users\/2"}],"replies":[{"embeddable":true,"href":"https:\/\/www.europesays.com\/pl\/wp-json\/wp\/v2\/comments?post=226357"}],"version-history":[{"count":0,"href":"https:\/\/www.europesays.com\/pl\/wp-json\/wp\/v2\/posts\/226357\/revisions"}],"wp:featuredmedia":[{"embeddable":true,"href":"https:\/\/www.europesays.com\/pl\/wp-json\/wp\/v2\/media\/226358"}],"wp:attachment":[{"href":"https:\/\/www.europesays.com\/pl\/wp-json\/wp\/v2\/media?parent=226357"}],"wp:term":[{"taxonomy":"category","embeddable":true,"href":"https:\/\/www.europesays.com\/pl\/wp-json\/wp\/v2\/categories?post=226357"},{"taxonomy":"post_tag","embeddable":true,"href":"https:\/\/www.europesays.com\/pl\/wp-json\/wp\/v2\/tags?post=226357"}],"curies":[{"name":"wp","href":"https:\/\/api.w.org\/{rel}","templated":true}]}}