{"id":226363,"date":"2026-01-26T18:55:10","date_gmt":"2026-01-26T18:55:10","guid":{"rendered":"https:\/\/www.europesays.com\/pl\/226363\/"},"modified":"2026-01-26T18:55:10","modified_gmt":"2026-01-26T18:55:10","slug":"rosjanie-protestuja-przeciwko-brakom-ogrzewania-blokady-drog-w-kilku-regionach-2","status":"publish","type":"post","link":"https:\/\/www.europesays.com\/pl\/226363\/","title":{"rendered":"Rosjanie protestuj\u0105 przeciwko brakom ogrzewania. Blokady dr\u00f3g w kilku regionach"},"content":{"rendered":"<p class=\"ods-c-paragraph \">Wed\u0142ug mieszka\u0144c\u00f3w zarz\u0105dca budynk\u00f3w t\u0142umaczy <a href=\"https:\/\/www.onet.pl\/informacje\/onetwiadomosci\/rosja-uruchomia-strategie-destrukcji-ukrainy-swiat-zmierza-ku-otchlani\/dymjcgg,79cfc278\" id=\"e4646c09-d926-4cb1-9199-8672c510ab1c\" rel=\"nofollow noopener\" target=\"_blank\">problemy spadkiem ci\u015bnienia w elektrociep\u0142owni T\u042d\u0426-5, natomiast miejskie w\u0142adze maj\u0105 ignorowa\u0107 zg\u0142aszane skargi<\/a>. &#8222;Srebrnyj Bierieg wkr\u00f3tce wymrze. Zdzieraj\u0105 z nas trzy sk\u00f3ry za ogrzewanie, a w klatce schodowej jest plus 5&#8221; \u2014 \u017cali si\u0119 jeden z lokator\u00f3w.<\/p>\n<p> Dalszy ci\u0105g artyku\u0142u pod materia\u0142em wideo    <\/p>\n<p> Dlaczego mieszka\u0144cy Omska blokuj\u0105 ulice? <\/p>\n<p> Jakie s\u0105 temperatury w mieszkaniach lokator\u00f3w? <\/p>\n<p> Co m\u00f3wi\u0105 w\u0142adze o problemach z ogrzewaniem? <\/p>\n<p> Jakie inne regiony Rosji dotykaj\u0105 problemy z ciep\u0142em? <\/p>\n<p>  Problemy z ogrzewaniem w Rosji. Awarie w miastach wojskowych i rekordowe mrozy<\/p>\n<p class=\"ods-c-paragraph \">Problemy z ogrzewaniem dotycz\u0105 r\u00f3wnie\u017c innych cz\u0119\u015bci Omska. W budynku przy ulicy Gospitalnej 19 mieszka\u0144cy marzn\u0105 od po\u0142owy grudnia, mimo mroz\u00f3w si\u0119gaj\u0105cych nawet 20 stopni poni\u017cej zera. W ca\u0142ym mie\u015bcie odnotowywane s\u0105 tak\u017ce liczne awarie i p\u0119kni\u0119cia rur.<\/p>\n<p class=\"ods-c-paragraph \">Podobne sytuacje wyst\u0119puj\u0105 r\u00f3wnie\u017c w innych regionach Rosji. W \u017bukowskim, po\u0142o\u017conym oko\u0142o 20 km od Moskwy, 24 stycznia w czasie silnych mroz\u00f3w dosz\u0142o do awarii sieci ciep\u0142owniczej. Lokalna administracja poinformowa\u0142a, \u017ce bez ogrzewania pozosta\u0142o ponad 40 budynk\u00f3w mieszkalnych, a cz\u0119\u015b\u0107 blok\u00f3w straci\u0142a r\u00f3wnie\u017c dost\u0119p do ciep\u0142ej wody.<\/p>\n<p>   <img decoding=\"async\" src=\"https:\/\/www.europesays.com\/pl\/wp-content\/uploads\/2026\/01\/PuDk9lBaHR0cHM6Ly9vY2RuLmV1L3B1bHNjbXMvTURBXy9lYTg4ZWI1YmJmNDQ2OTk3NGQzMzMxYjk1NjRkMzY0NS5wbmeRlQLNB.jpeg\" height=\"527\" width=\"940\" alt=\"Rosjanie protestuj\u0105cy na ulicach Omska\" loading=\"lazy\" class=\"ods-c-image__img ods-c-image__img--viewport-width\"\/><\/p>\n<p>Rosjanie protestuj\u0105cy na ulicach OmskaThe Moscow Times<\/p>\n<p class=\"ods-c-paragraph \">Wcze\u015bniej media informowa\u0142y tak\u017ce o przerwach w dostawach pr\u0105du w zamkni\u0119tym mie\u015bcie Siewieromorsk, gdzie znajduje si\u0119 g\u0142\u00f3wna baza Floty P\u00f3\u0142nocnej. Po zawaleniu si\u0119 pi\u0119ciu s\u0142up\u00f3w linii energetycznych okr\u0119ty wojenne przesz\u0142y na zasilanie awaryjne, a mieszka\u0144cy Siewieromorska i Murma\u0144ska cz\u0119\u015bciowo zostali pozbawieni ogrzewania.<\/p>\n<p class=\"ods-c-paragraph \">Z kolei w mie\u015bcie Engels w obwodzie saratowskim mieszka\u0144cy od ponad dziesi\u0119ciu dni \u017cyj\u0105 bez ciep\u0142a i gor\u0105cej wody, mimo mroz\u00f3w si\u0119gaj\u0105cych lokalnie \u201330 stopni Celsjusza. Jak twierdz\u0105, przyczyn\u0105 s\u0105 z\u0142y stan techniczny kot\u0142owni oraz sieci przesy\u0142owych.<\/p>\n<p>W\u0142adze Rosji potwierdzaj\u0105 problemy z sieci\u0105 ciep\u0142ownicz\u0105<\/p>\n<p class=\"ods-c-paragraph \">Eksperci podkre\u015blaj\u0105, \u017ce obecna sytuacja ma charakter systemowy i wynika z powa\u017cnego zu\u017cycia infrastruktury komunalnej.<\/p>\n<p class=\"ods-c-paragraph \">Wed\u0142ug rosyjskiego Ministerstwa Budownictwa stopie\u0144 zu\u017cycia sieci w regionach si\u0119ga od 40 do nawet 80 proc., a tempo modernizacji jest \u2014 jak przyznaj\u0105 sami urz\u0119dnicy \u2014 nawet dwukrotnie ni\u017csze od potrzeb.<\/p>\n","protected":false},"excerpt":{"rendered":"Wed\u0142ug mieszka\u0144c\u00f3w zarz\u0105dca budynk\u00f3w t\u0142umaczy problemy spadkiem ci\u015bnienia w elektrociep\u0142owni T\u042d\u0426-5, natomiast miejskie w\u0142adze maj\u0105 ignorowa\u0107 zg\u0142aszane skargi.&hellip;\n","protected":false},"author":2,"featured_media":226364,"comment_status":"","ping_status":"","sticky":false,"template":"","format":"standard","meta":{"footnotes":""},"categories":[14],"tags":[32,33,27,34,35,812,28,31,48,25,9315,46,40,41,87,47,41669,80,29,30,26,408,5203,82,83,84],"class_list":{"0":"post-226363","1":"post","2":"type-post","3":"status-publish","4":"format-standard","5":"has-post-thumbnail","7":"category-swiat","8":"tag-breaking-news","9":"tag-breakingnews","10":"tag-headlines","11":"tag-latest-news","12":"tag-latestnews","13":"tag-moskwa","14":"tag-naglowki","15":"tag-najwazniejsze-artykuly","16":"tag-nat_styl","17":"tag-news","18":"tag-ogrzewanie","19":"tag-omp","20":"tag-polish","21":"tag-polski","22":"tag-rosja","23":"tag-screening_general","24":"tag-skala_celsjusza","25":"tag-swiat","26":"tag-top-stories","27":"tag-topstories","28":"tag-wiadomosci","29":"tag-wladimir_putin","30":"tag-woda","31":"tag-world","32":"tag-world-news","33":"tag-worldnews"},"share_on_mastodon":{"url":"https:\/\/pubeurope.com\/@pl\/115962925827635387","error":""},"_links":{"self":[{"href":"https:\/\/www.europesays.com\/pl\/wp-json\/wp\/v2\/posts\/226363","targetHints":{"allow":["GET"]}}],"collection":[{"href":"https:\/\/www.europesays.com\/pl\/wp-json\/wp\/v2\/posts"}],"about":[{"href":"https:\/\/www.europesays.com\/pl\/wp-json\/wp\/v2\/types\/post"}],"author":[{"embeddable":true,"href":"https:\/\/www.europesays.com\/pl\/wp-json\/wp\/v2\/users\/2"}],"replies":[{"embeddable":true,"href":"https:\/\/www.europesays.com\/pl\/wp-json\/wp\/v2\/comments?post=226363"}],"version-history":[{"count":0,"href":"https:\/\/www.europesays.com\/pl\/wp-json\/wp\/v2\/posts\/226363\/revisions"}],"wp:featuredmedia":[{"embeddable":true,"href":"https:\/\/www.europesays.com\/pl\/wp-json\/wp\/v2\/media\/226364"}],"wp:attachment":[{"href":"https:\/\/www.europesays.com\/pl\/wp-json\/wp\/v2\/media?parent=226363"}],"wp:term":[{"taxonomy":"category","embeddable":true,"href":"https:\/\/www.europesays.com\/pl\/wp-json\/wp\/v2\/categories?post=226363"},{"taxonomy":"post_tag","embeddable":true,"href":"https:\/\/www.europesays.com\/pl\/wp-json\/wp\/v2\/tags?post=226363"}],"curies":[{"name":"wp","href":"https:\/\/api.w.org\/{rel}","templated":true}]}}