{"id":226383,"date":"2026-01-26T19:06:11","date_gmt":"2026-01-26T19:06:11","guid":{"rendered":"https:\/\/www.europesays.com\/pl\/226383\/"},"modified":"2026-01-26T19:06:11","modified_gmt":"2026-01-26T19:06:11","slug":"kristen-stewart-ma-dosc-usa-nie-moge-tam-swobodnie-pracowac","status":"publish","type":"post","link":"https:\/\/www.europesays.com\/pl\/226383\/","title":{"rendered":"Kristen Stewart ma do\u015b\u0107 USA. &#8222;Nie mog\u0119 tam swobodnie pracowa\u0107&#8221;"},"content":{"rendered":"<p class=\"ods-c-paragraph \">Stewart nie ukrywa rozczarowania kierunkiem, w jakim zmierza ameryka\u0144skie kino. W rozmowie z &#8222;The Sunday Times&#8221; przyznaje wprost, \u017ce planuje emigracj\u0119. \u2014 Raczej nie zostan\u0119. Nie mog\u0119 tam swobodnie pracowa\u0107 \u2014 m\u00f3wi 35-latka, kt\u00f3ra obecnie dzieli czas mi\u0119dzy Los Angeles a Nowy Jorkiem.<\/p>\n<p> Dalszy ci\u0105g artyku\u0142u pod materia\u0142em wideo    <\/p>\n<p> Dlaczego Kristen Stewart chce wyjecha\u0107 z USA? <\/p>\n<p> Jakie s\u0105 powody rozczarowania Stewart ameryka\u0144skim kinem? <\/p>\n<p> Co Kristen Stewart s\u0105dzi o planowanych c\u0142ach na zagraniczne produkcje? <\/p>\n<p> Jakie filmy chcia\u0142aby kr\u0119ci\u0107 Kristen Stewart w Europie? <\/p>\n<p class=\"ods-c-paragraph \">Jej osobista historia z Donaldem Trumpem si\u0119ga 2012 r., gdy publikowa\u0142 na platformie X (dawniej Twitter) seri\u0119 krytycznych wpis\u00f3w pod adresem Stewart. By\u0142 to czas, gdy media \u017cy\u0142y romansem aktorki z re\u017cyserem Rupertem Sandersem. Biznesmen nie szcz\u0119dzi\u0142 wtedy m\u0142odej gwie\u017adzie ostrych s\u0142\u00f3w, publicznie nawo\u0142uj\u0105c Roberta Pattinsona do zerwania: &#8222;Zdradzi\u0142a go jak pies i zrobi to znowu \u2014 zobaczycie. Sta\u0107 go na wi\u0119cej!&#8221;. \u2014 By\u0142 na mnie w\u015bciek\u0142y kilka lat temu, naprawd\u0119 mia\u0142 na moim punkcie obsesj\u0119. To po prostu chore \u2014 komentowa\u0142a w rozmowie z &#8222;Variety&#8221; podczas Festiwalu Filmowego Sundance, w dniu zaprzysi\u0119\u017cenia miliardera na prezydenta.<\/p>\n<p class=\"ods-c-paragraph \">Obecna sytuacja polityczna w USA nie napawa artystki optymizmem. W zesz\u0142ym roku Donald Trump zapowiedzia\u0142 na\u0142o\u017cenie 100-procentowego c\u0142a na ka\u017cdy film realizowany poza Stanami, okre\u015blaj\u0105c zagraniczne produkcje jako &#8222;zagro\u017cenie dla bezpiecze\u0144stwa narodowego&#8221;. To propozycja, kt\u00f3r\u0105 Stewart okre\u015bla jako &#8222;przera\u017caj\u0105c\u0105&#8221; dla bran\u017cy kreatywnej.<\/p>\n<blockquote class=\"ods-o-quota\">\n<p class=\"ods-o-quota__paragraph\">Przewiduj\u0119, \u017ce b\u0119d\u0119 zmuszona wyjecha\u0107 za granic\u0119, by tworzy\u0107 <\/p>\n<\/blockquote>\n<p class=\"ods-c-paragraph \">\u2014 przyznaje. Nie oznacza to jednak ca\u0142kowitego odci\u0119cia si\u0119 od rodzimej publiczno\u015bci. \u2014 Nie chc\u0119 ca\u0142kowicie si\u0119 wycofa\u0107. Chcia\u0142abym kr\u0119ci\u0107 filmy w Europie i potem wciska\u0107 je Amerykanom na si\u0142\u0119 \u2014 deklaruje, nie kryj\u0105c, \u017ce dzia\u0142ania Trumpa motywuj\u0105 j\u0105 do dzia\u0142ania. \u2014 Pod jego rz\u0105dami wszystko ca\u0142kowicie si\u0119 rozpada. Ale powinni\u015bmy wzi\u0105\u0107 z niego przyk\u0142ad i tworzy\u0107 tak\u0105 rzeczywisto\u015b\u0107, w jakiej chcieliby\u015bmy \u017cy\u0107 \u2014 podsumowuje.<\/p>\n","protected":false},"excerpt":{"rendered":"Stewart nie ukrywa rozczarowania kierunkiem, w jakim zmierza ameryka\u0144skie kino. W rozmowie z &#8222;The Sunday Times&#8221; przyznaje wprost,&hellip;\n","protected":false},"author":2,"featured_media":226384,"comment_status":"","ping_status":"","sticky":false,"template":"","format":"standard","meta":{"footnotes":""},"categories":[22],"tags":[1942,44,122,816,24859,48,46,42,38,40,39,41,123,47],"class_list":{"0":"post-226383","1":"post","2":"type-post","3":"status-publish","4":"format-standard","5":"has-post-thumbnail","7":"category-rozrywka","8":"tag-celebryci","9":"tag-donald_trump","10":"tag-entertainment","11":"tag-film","12":"tag-kristen_stewart","13":"tag-nat_styl","14":"tag-omp","15":"tag-pl","16":"tag-poland","17":"tag-polish","18":"tag-polska","19":"tag-polski","20":"tag-rozrywka","21":"tag-screening_general"},"share_on_mastodon":{"url":"https:\/\/pubeurope.com\/@pl\/115962968950887838","error":""},"_links":{"self":[{"href":"https:\/\/www.europesays.com\/pl\/wp-json\/wp\/v2\/posts\/226383","targetHints":{"allow":["GET"]}}],"collection":[{"href":"https:\/\/www.europesays.com\/pl\/wp-json\/wp\/v2\/posts"}],"about":[{"href":"https:\/\/www.europesays.com\/pl\/wp-json\/wp\/v2\/types\/post"}],"author":[{"embeddable":true,"href":"https:\/\/www.europesays.com\/pl\/wp-json\/wp\/v2\/users\/2"}],"replies":[{"embeddable":true,"href":"https:\/\/www.europesays.com\/pl\/wp-json\/wp\/v2\/comments?post=226383"}],"version-history":[{"count":0,"href":"https:\/\/www.europesays.com\/pl\/wp-json\/wp\/v2\/posts\/226383\/revisions"}],"wp:featuredmedia":[{"embeddable":true,"href":"https:\/\/www.europesays.com\/pl\/wp-json\/wp\/v2\/media\/226384"}],"wp:attachment":[{"href":"https:\/\/www.europesays.com\/pl\/wp-json\/wp\/v2\/media?parent=226383"}],"wp:term":[{"taxonomy":"category","embeddable":true,"href":"https:\/\/www.europesays.com\/pl\/wp-json\/wp\/v2\/categories?post=226383"},{"taxonomy":"post_tag","embeddable":true,"href":"https:\/\/www.europesays.com\/pl\/wp-json\/wp\/v2\/tags?post=226383"}],"curies":[{"name":"wp","href":"https:\/\/api.w.org\/{rel}","templated":true}]}}