{"id":226682,"date":"2026-01-26T21:57:08","date_gmt":"2026-01-26T21:57:08","guid":{"rendered":"https:\/\/www.europesays.com\/pl\/226682\/"},"modified":"2026-01-26T21:57:08","modified_gmt":"2026-01-26T21:57:08","slug":"lotniskowiec-usa-juz-na-bliskim-wschodzie-izrael-przygotowuje-sie-na-mozliwy-konflikt","status":"publish","type":"post","link":"https:\/\/www.europesays.com\/pl\/226682\/","title":{"rendered":"Lotniskowiec USA ju\u017c na Bliskim Wschodzie. Izrael przygotowuje si\u0119 na mo\u017cliwy konflikt"},"content":{"rendered":"<ul class=\"UnorderedList_container__nmfSl\">\n<li class=\"UnorderedList_listElement__Py7xi\" data-id=\"ai-summary-link\">Du\u017co czytania, a ma\u0142o czasu? Sprawd\u017a\u00a0skr\u00f3t\u00a0artyku\u0142u<\/li>\n<\/ul>\n<p class=\"Paragraph_desktopParagraph__U31Gm\"><a href=\"https:\/\/wiadomosci.onet.pl\/swiat\/usa-przemieszczaja-wojsko-w-kierunku-iranu-plynie-tam-potezny-lotniskowiec\/tqv9x31\" id=\"59d98290-4a39-432e-9422-92561c708e61\" rel=\"nofollow noopener\" target=\"_blank\">Grupa lotniskowca USS Abraham Lincoln jest rozmieszczana na Bliskim Wschodzie<\/a>, by wspiera\u0107 regionalne bezpiecze\u0144stwo i stabilno\u015b\u0107 \u2014 przekaza\u0142o Dow\u00f3dztwo Centralne (CENTCOM), odpowiedzialne za ameryka\u0144skie si\u0142y w regionie.<\/p>\n<p class=\"Paragraph_desktopParagraph__U31Gm\">Zesp\u00f3\u0142, w sk\u0142ad kt\u00f3rego opr\u00f3cz lotniskowca wchodz\u0105 te\u017c trzy niszczyciele rakietowe, nie zaj\u0105\u0142 jeszcze ostatecznej pozycji, do przeprowadzenia operacji \u2014 doda\u0142a stacja CBS.<\/p>\n<p class=\"VideoPlayerText_videoPlayerText__iDwyz\">Dalszy ci\u0105g materia\u0142u pod wideo<\/p>\n<ul class=\"OchatFollowUps_wrapper__1ry7X\">\n<li class=\"OchatFollowUps_item__Dhyly OchatFollowUps_itemDesktop__R6aBv\">Dlaczego lotniskowiec USS Abraham Lincoln przyby\u0142 na Bliski Wsch\u00f3d?<\/li>\n<li class=\"OchatFollowUps_item__Dhyly OchatFollowUps_itemDesktop__R6aBv\">Ilu turyst\u00f3w planuje ewakuowa\u0107 Izrael?<\/li>\n<li class=\"OchatFollowUps_item__Dhyly OchatFollowUps_itemDesktop__R6aBv\">Jakie \u015brodki bezpiecze\u0144stwa podj\u0119\u0142o CENTCOM w regionie?<\/li>\n<li class=\"OchatFollowUps_item__Dhyly OchatFollowUps_itemDesktop__R6aBv\">Co grozi Iranowi w przypadku interwencji USA?<\/li>\n<\/ul>\n<p>Donald Trump reaguje na protesty w Iranie. Ameryka\u0144ski lotniskowiec p\u0142ynie na Bliski Wsch\u00f3d <\/p>\n<p class=\"Paragraph_desktopParagraph__U31Gm\">Prezydent USA Donald Trump w ostatnim czasie wielokrotnie grozi\u0142 re\u017cimowi w Teheranie interwencj\u0105 w odpowiedzi na <a href=\"https:\/\/wiadomosci.onet.pl\/swiat\/wstrzasajace-doniesienia-o-liczbie-ofiar-rezimu-w-iranie\/30k9rrg\" id=\"30b0d990-543a-4ef8-b815-a20d2996609c\" rel=\"nofollow noopener\" target=\"_blank\">krwawe t\u0142umienie protest\u00f3w, kt\u00f3re na prze\u0142omie roku wybuch\u0142y w Iranie.<\/a> Ameryka\u0144ski przyw\u00f3dca p\u00f3\u017aniej z\u0142agodzi\u0142 swoje zapowiedzi, utrzymuj\u0105c, \u017ce otrzyma\u0142 zapewnienia, \u017ce Iran nie b\u0119dzie przeprowadza\u0142 egzekucji schwytanych demonstrant\u00f3w.<\/p>\n<p class=\"Paragraph_desktopParagraph__U31Gm\">W czwartek Trump og\u0142osi\u0142, \u017ce w stron\u0119 Iranu &#8222;na wszelki wypadek&#8221; zmierza pot\u0119\u017cna ameryka\u0144ska armada, ale wola\u0142by, gdyby nie musia\u0142a zosta\u0107 u\u017cyta. Nic nie wskazuje na to, by w sprawie ewentualnej interwencji zosta\u0142y ju\u017c podj\u0119te jakiekolwiek decyzje \u2014 przekaza\u0142a w poniedzia\u0142ek telewizja CNN.<\/p>\n<p class=\"Paragraph_desktopParagraph__U31Gm\">CENTCOM ju\u017c wcze\u015bniej informowa\u0142 o wzmacnianiu si\u0142 na Bliskim Wschodzie, w tym o wys\u0142aniu dodatkowych my\u015bliwc\u00f3w F-15E. Te maszyny maj\u0105 pom\u00f3c w obronie ameryka\u0144skich baz w regionie i Izraela. <a href=\"https:\/\/wiadomosci.onet.pl\/swiat\/donald-trump-grozil-atakiem-na-iran-jest-odpowiedz\/ze0nmpl\" id=\"655e1308-98cd-4ffc-8f6d-c44fb7d28109\" rel=\"nofollow noopener\" target=\"_blank\">Iran ju\u017c zapowiedzia\u0142, \u017ce w wypadku interwencji USA zaatakuje ameryka\u0144skie instalacje na Bliskim Wschodzie.<\/a><\/p>\n<p>Izrael przygotowuje si\u0119 na mo\u017cliwy konflikt. Opracowuje plan  <\/p>\n<p class=\"Paragraph_desktopParagraph__U31Gm\">Izraelskie ministerstwo turystyki poinformowa\u0142o w poniedzia\u0142ek, \u017ce opracowuje na wypadek konfliktu z Iranem plan ewakuacji z kraju oko\u0142o 42 tys. turyst\u00f3w. Z powodu mo\u017cliwego zamkni\u0119cia przestrzeni powietrznej zagraniczni tury\u015bci mieliby zosta\u0107 wywiezieni z Izraela przez przej\u015bcia l\u0105dowe.<\/p>\n<p class=\"Paragraph_desktopParagraph__U31Gm\">Wed\u0142ug medi\u00f3w szef izraelskiego urz\u0119du lotnictwa cywilnego ostrzeg\u0142 zagraniczne linie, \u017ce Bliski Wsch\u00f3d mo\u017ce wej\u015b\u0107 w ko\u0144cu tygodnia we &#8222;wra\u017cliwszy okres&#8221;. Kilka zachodnich linii ju\u017c wcze\u015bniej czasowo ograniczy\u0142o loty z powodu napi\u0119\u0107 wok\u00f3\u0142 Iranu.<\/p>\n<p class=\"Paragraph_desktopParagraph__U31Gm\">R\u00f3wnie\u017c sprzymierzeni z Iranem jeme\u0144scy rebelianci Huti zagrozili w poniedzia\u0142ek nowymi atakami. Podczas wojny Izraela z palesty\u0144skim Hamasem w Strefie Gazy Huti atakowali statki na Morzu Czerwonym, powa\u017cnie zak\u0142\u00f3caj\u0105c ruch na jednym z najwa\u017cniejszych szlak\u00f3w transportowych \u015bwiata.<\/p>\n","protected":false},"excerpt":{"rendered":"Du\u017co czytania, a ma\u0142o czasu? Sprawd\u017a\u00a0skr\u00f3t\u00a0artyku\u0142u Grupa lotniskowca USS Abraham Lincoln jest rozmieszczana na Bliskim Wschodzie, by wspiera\u0107&hellip;\n","protected":false},"author":2,"featured_media":226683,"comment_status":"","ping_status":"","sticky":false,"template":"","format":"standard","meta":{"footnotes":""},"categories":[14],"tags":[32,33,58,26267,27,67,307,234,34,35,28,31,53,25,8244,52,68,51,55,40,41,47,59,80,29,30,65,50,26,82,83,84],"class_list":{"0":"post-226682","1":"post","2":"type-post","3":"status-publish","4":"format-standard","5":"has-post-thumbnail","7":"category-swiat","8":"tag-breaking-news","9":"tag-breakingnews","10":"tag-donald_trump_prezydent_usa","11":"tag-ewakuacje","12":"tag-headlines","13":"tag-intextvideo_splayer","14":"tag-iran_kraj","15":"tag-izrael_izraelczyk_izraelka_izraelczycy","16":"tag-latest-news","17":"tag-latestnews","18":"tag-naglowki","19":"tag-najwazniejsze-artykuly","20":"tag-new_header","21":"tag-news","22":"tag-okret_okrety_okret_podwodny_marynarka_wojenna","23":"tag-onet3","24":"tag-onet3d","25":"tag-onet3d_2i","26":"tag-phx","27":"tag-polish","28":"tag-polski","29":"tag-screening_general","30":"tag-stany_zjednoczone_usa","31":"tag-swiat","32":"tag-top-stories","33":"tag-topstories","34":"tag-update_me","35":"tag-v2021","36":"tag-wiadomosci","37":"tag-world","38":"tag-world-news","39":"tag-worldnews"},"share_on_mastodon":{"url":"","error":"Validation failed: Text character limit of 500 exceeded"},"_links":{"self":[{"href":"https:\/\/www.europesays.com\/pl\/wp-json\/wp\/v2\/posts\/226682","targetHints":{"allow":["GET"]}}],"collection":[{"href":"https:\/\/www.europesays.com\/pl\/wp-json\/wp\/v2\/posts"}],"about":[{"href":"https:\/\/www.europesays.com\/pl\/wp-json\/wp\/v2\/types\/post"}],"author":[{"embeddable":true,"href":"https:\/\/www.europesays.com\/pl\/wp-json\/wp\/v2\/users\/2"}],"replies":[{"embeddable":true,"href":"https:\/\/www.europesays.com\/pl\/wp-json\/wp\/v2\/comments?post=226682"}],"version-history":[{"count":0,"href":"https:\/\/www.europesays.com\/pl\/wp-json\/wp\/v2\/posts\/226682\/revisions"}],"wp:featuredmedia":[{"embeddable":true,"href":"https:\/\/www.europesays.com\/pl\/wp-json\/wp\/v2\/media\/226683"}],"wp:attachment":[{"href":"https:\/\/www.europesays.com\/pl\/wp-json\/wp\/v2\/media?parent=226682"}],"wp:term":[{"taxonomy":"category","embeddable":true,"href":"https:\/\/www.europesays.com\/pl\/wp-json\/wp\/v2\/categories?post=226682"},{"taxonomy":"post_tag","embeddable":true,"href":"https:\/\/www.europesays.com\/pl\/wp-json\/wp\/v2\/tags?post=226682"}],"curies":[{"name":"wp","href":"https:\/\/api.w.org\/{rel}","templated":true}]}}