{"id":226684,"date":"2026-01-26T21:58:09","date_gmt":"2026-01-26T21:58:09","guid":{"rendered":"https:\/\/www.europesays.com\/pl\/226684\/"},"modified":"2026-01-26T21:58:09","modified_gmt":"2026-01-26T21:58:09","slug":"slisko-na-drogach-przez-marznacy-deszcz-imgw-przedluza-alerty-pogodowe","status":"publish","type":"post","link":"https:\/\/www.europesays.com\/pl\/226684\/","title":{"rendered":"\u015alisko na drogach przez marzn\u0105cy deszcz. IMGW przed\u0142u\u017ca alerty pogodowe"},"content":{"rendered":"<p class=\"Paragraph_desktopParagraph__U31Gm\">Ostrze\u017ceniami <a href=\"https:\/\/www.onet.pl\/informacje\/onetwiadomosci\/mrozna-pogoda-szykuje-silny-atak-na-polske-mamy-prognoze-na-14-dni\/lnkp7fx,79cfc278\" id=\"3de70135-5d34-4e39-a0fb-ad68dfed646b\" rel=\"nofollow noopener\" target=\"_blank\">II stopnia obj\u0119to wojew\u00f3dztwo podlaskie, wschodni\u0105 cz\u0119\u015b\u0107 woj. warmi\u0144sko-mazurskiego oraz p\u00f3\u0142nocne powiaty woj. mazowieckiego<\/a>. Z kolei alerty I stopnia wydano dla woj. lubelskiego oraz wschodniej cz\u0119\u015bci Mazowsza.<\/p>\n<p class=\"VideoPlayerText_videoPlayerText__iDwyz\">Dalszy ci\u0105g materia\u0142u pod wideo<\/p>\n<p class=\"Paragraph_desktopParagraph__U31Gm\">W tych obszarach IMGW prognozuje s\u0142abe, miejscami umiarkowane opady marzn\u0105cego deszczu i m\u017cawki, kt\u00f3re mog\u0105 powodowa\u0107 powstawanie niebezpiecznej go\u0142oledzi. Ostrze\u017cenia maj\u0105 obowi\u0105zywa\u0107 do godziny 12 we wtorek.<\/p>\n<ul class=\"OchatFollowUps_wrapper__1ry7X\">\n<li class=\"OchatFollowUps_item__Dhyly OchatFollowUps_itemDesktop__R6aBv\">Jakie ostrze\u017cenia zosta\u0142y wydane przez IMGW?<\/li>\n<li class=\"OchatFollowUps_item__Dhyly OchatFollowUps_itemDesktop__R6aBv\">W kt\u00f3rych wojew\u00f3dztwach wyst\u0119puj\u0105 oblodzenia?<\/li>\n<li class=\"OchatFollowUps_item__Dhyly OchatFollowUps_itemDesktop__R6aBv\">Jak d\u0142ugo b\u0119d\u0105 obowi\u0105zywa\u0107 ostrze\u017cenia pogodowe?<\/li>\n<li class=\"OchatFollowUps_item__Dhyly OchatFollowUps_itemDesktop__R6aBv\">Jakie s\u0105 prognozy dotycz\u0105ce mg\u0142y w Polsce?<\/li>\n<\/ul>\n<p>IMGW ostrzega: mog\u0105 wyst\u0105pi\u0107 mg\u0142y ograniczaj\u0105ce widzialno\u015b\u0107 <\/p>\n<p class=\"Paragraph_desktopParagraph__U31Gm\">W poniedzia\u0142kowy wiecz\u00f3r na du\u017cej cz\u0119\u015bci centralnej Polski zacz\u0119\u0142y obowi\u0105zywa\u0107 r\u00f3wnie\u017c ostrze\u017cenia I stopnia przed g\u0119st\u0105 mg\u0142\u0105. Widzialno\u015b\u0107 mo\u017ce lokalnie spa\u015b\u0107 poni\u017cej 200 m, a w niekt\u00f3rych miejscach mo\u017cliwe jest tak\u017ce osadzanie si\u0119 szadzi.<\/p>\n<p class=\"Paragraph_desktopParagraph__U31Gm\">Alerty dotycz\u0105 wojew\u00f3dztwa kujawsko-pomorskiego, wi\u0119kszo\u015bci obszaru woj. pomorskiego, lubelskiego, \u015bwi\u0119tokrzyskiego i mazowieckiego, wschodniej po\u0142owy warmi\u0144sko-mazurskiego, p\u00f3\u0142nocnej cz\u0119\u015bci \u0142\u00f3dzkiego i podkarpackiego oraz wybranych powiat\u00f3w na wschodzie wielkopolskiego i zachodniopomorskiego. Prognozy wskazuj\u0105, \u017ce utrzymaj\u0105 si\u0119 one do godz. 9 we wtorek.<\/p>\n<p>Oblodzenia najwi\u0119ksze na po\u0142udniu i zachodzie Polski <\/p>\n<p class=\"Paragraph_desktopParagraph__U31Gm\">Na zachodzie kraju \u2014 w wi\u0119kszo\u015bci wojew\u00f3dztw lubuskiego i dolno\u015bl\u0105skiego oraz w zachodniej cz\u0119\u015bci wielkopolskiego \u2014 a tak\u017ce na du\u017cym obszarze Podkarpacia IMGW ostrzega przed oblodzeniem. Mo\u017ce dochodzi\u0107 do zamarzania mokrej nawierzchni dr\u00f3g i chodnik\u00f3w po opadach deszczu ze \u015bniegiem lub podczas opad\u00f3w mokrego \u015bniegu. Te ostrze\u017cenia r\u00f3wnie\u017c b\u0119d\u0105 obowi\u0105zywa\u0107 do wtorkowego poranka.<\/p>\n<p class=\"Paragraph_desktopParagraph__U31Gm\">Dodatkowo na Podkarpaciu wydano alerty I stopnia przed roztopami, wa\u017cne do godziny 17 we wtorek. Synoptycy prognozuj\u0105 tam odwil\u017c i topnienie pokrywy \u015bnie\u017cnej, przy temperaturach od 0 do 2 stopni Celsjusza w nocy i od 3 do 7 stopni w dzie\u0144.<\/p>\n<p>RCB apeluje o ostro\u017cno\u015b\u0107 <\/p>\n<p class=\"Paragraph_desktopParagraph__U31Gm\">IMGW podkre\u015bla, \u017ce ostrze\u017cenia I i II stopnia oznaczaj\u0105 realne zagro\u017cenie, kt\u00f3re mo\u017ce prowadzi\u0107 do strat materialnych oraz stwarza\u0107 niebezpiecze\u0144stwo dla zdrowia i \u017cycia. W zwi\u0105zku z tym r\u00f3wnie\u017c Rz\u0105dowe Centrum Bezpiecze\u0144stwa wyda\u0142o alert przed marzn\u0105cym deszczem i go\u0142oledzi\u0105 dla dziewi\u0119ciu wojew\u00f3dztw.<\/p>\n<p class=\"Paragraph_desktopParagraph__U31Gm\">RCB apeluje do mieszka\u0144c\u00f3w o ograniczenie podr\u00f3\u017cy oraz zachowanie szczeg\u00f3lnej ostro\u017cno\u015bci na drogach i chodnikach.<\/p>\n","protected":false},"excerpt":{"rendered":"Ostrze\u017ceniami II stopnia obj\u0119to wojew\u00f3dztwo podlaskie, wschodni\u0105 cz\u0119\u015b\u0107 woj. warmi\u0144sko-mazurskiego oraz p\u00f3\u0142nocne powiaty woj. mazowieckiego. Z kolei alerty&hellip;\n","protected":false},"author":2,"featured_media":226685,"comment_status":"","ping_status":"","sticky":false,"template":"","format":"standard","meta":{"footnotes":""},"categories":[12],"tags":[37311,13741,32,33,169,36,37,27,167,67,34,35,10372,28,31,53,25,52,68,51,55,42,78,38,40,39,2847,41,47,29,30,65,50,26],"class_list":{"0":"post-226684","1":"post","2":"type-post","3":"status-publish","4":"format-standard","5":"has-post-thumbnail","7":"category-polska","8":"tag-alert","9":"tag-alerty_rcb","10":"tag-breaking-news","11":"tag-breakingnews","12":"tag-deszcz","13":"tag-featured-news","14":"tag-featurednews","15":"tag-headlines","16":"tag-imgw","17":"tag-intextvideo_splayer","18":"tag-latest-news","19":"tag-latestnews","20":"tag-mgla","21":"tag-naglowki","22":"tag-najwazniejsze-artykuly","23":"tag-new_header","24":"tag-news","25":"tag-onet3","26":"tag-onet3d","27":"tag-onet3d_2i","28":"tag-phx","29":"tag-pl","30":"tag-pogoda","31":"tag-poland","32":"tag-polish","33":"tag-polska","34":"tag-polska_polak_polka_polacy_polki","35":"tag-polski","36":"tag-screening_general","37":"tag-top-stories","38":"tag-topstories","39":"tag-update_me","40":"tag-v2021","41":"tag-wiadomosci"},"share_on_mastodon":{"url":"https:\/\/pubeurope.com\/@pl\/115963645736889132","error":""},"_links":{"self":[{"href":"https:\/\/www.europesays.com\/pl\/wp-json\/wp\/v2\/posts\/226684","targetHints":{"allow":["GET"]}}],"collection":[{"href":"https:\/\/www.europesays.com\/pl\/wp-json\/wp\/v2\/posts"}],"about":[{"href":"https:\/\/www.europesays.com\/pl\/wp-json\/wp\/v2\/types\/post"}],"author":[{"embeddable":true,"href":"https:\/\/www.europesays.com\/pl\/wp-json\/wp\/v2\/users\/2"}],"replies":[{"embeddable":true,"href":"https:\/\/www.europesays.com\/pl\/wp-json\/wp\/v2\/comments?post=226684"}],"version-history":[{"count":0,"href":"https:\/\/www.europesays.com\/pl\/wp-json\/wp\/v2\/posts\/226684\/revisions"}],"wp:featuredmedia":[{"embeddable":true,"href":"https:\/\/www.europesays.com\/pl\/wp-json\/wp\/v2\/media\/226685"}],"wp:attachment":[{"href":"https:\/\/www.europesays.com\/pl\/wp-json\/wp\/v2\/media?parent=226684"}],"wp:term":[{"taxonomy":"category","embeddable":true,"href":"https:\/\/www.europesays.com\/pl\/wp-json\/wp\/v2\/categories?post=226684"},{"taxonomy":"post_tag","embeddable":true,"href":"https:\/\/www.europesays.com\/pl\/wp-json\/wp\/v2\/tags?post=226684"}],"curies":[{"name":"wp","href":"https:\/\/api.w.org\/{rel}","templated":true}]}}