{"id":226692,"date":"2026-01-26T22:02:12","date_gmt":"2026-01-26T22:02:12","guid":{"rendered":"https:\/\/www.europesays.com\/pl\/226692\/"},"modified":"2026-01-26T22:02:12","modified_gmt":"2026-01-26T22:02:12","slug":"iphone-17-pro-max-w-polskiej-promocji-za-5859-zlotych","status":"publish","type":"post","link":"https:\/\/www.europesays.com\/pl\/226692\/","title":{"rendered":"iPhone 17 Pro Max w polskiej promocji za 5859 z\u0142otych"},"content":{"rendered":"<p class=\"lead\">iPhone 17 Pro Max moim zdaniem nie jest wcale najlepszym telefonem na rynku, ale to nie znaczy, \u017ce w promocji nie warto go kupi\u0107. Dzisiaj mo\u017cesz zrobi\u0107 to w Polsce najtaniej w historii. Warto si\u0119 skusi\u0107?<\/p>\n<p>Mimo tego, \u017ce sam zdecydowanie preferuj\u0119 Androida, to iPhone 17 Pro Max bez dw\u00f3ch zda\u0144 nadal jest najlepszym telefonem Apple w historii. Teraz, gdy jego cena spada znacznie w d\u00f3\u0142, w polskiej promocji warto si\u0119 nim zainteresowa\u0107.<\/p>\n<p>iPhone, kt\u00f3ry poszed\u0142 w innym kierunku ni\u017c wszyscy<\/p>\n<p>Flagowce maj\u0105 tendencj\u0119 do \u015bcinania grubo\u015bci, zw\u0142aszcza w przypadku Samsunga i Pixeli. iPhone 17 Pro Max jest inny \u2013 to kawa\u0142 grubego kloca z kolosaln\u0105 wysp\u0105 aparat\u00f3w, pod kt\u00f3r\u0105 mie\u015bci si\u0119 szkaradny kawa\u0142ek cermaicznego szk\u0142a \u2013 reszta na szcz\u0119\u015bcie jest metalowa. To jednak bardziej w\u00f3\u0142 roboczy ni\u017c zabawka, bo faktycznie bateria jest najwi\u0119ksza w historii Apple.<\/p>\n<p><a href=\"https:\/\/www.gsmmaniak.pl\/wp-content\/uploads\/gsmmaniak\/2025\/10\/IMG_20251015_1439402-scaled.jpg\" rel=\"lightbox-post4 nofollow noopener\" title=\"Galeria dla IMG_20251015_143940~2\" target=\"_blank\"><img loading=\"lazy\" decoding=\"async\" aria-describedby=\"caption-attachment-1607167\" class=\"size-medium wp-image-1607167\" src=\"https:\/\/www.europesays.com\/pl\/wp-content\/uploads\/2026\/01\/IMG_20251015_1439402-scaled-medium.jpg\" alt=\"iPhone 17 Pro Max\" width=\"500\" height=\"522\"   itemprop=\"image\" \/><\/a><\/p>\n<p id=\"caption-attachment-1607167\" class=\"wp-caption-text\">iPhone 17 Pro Max \/ fot. Konrad Bartnik, gsmManiaK.pl<\/p>\n<p>Czy przek\u0142ada si\u0119 to na najlepszy czas pracy na rynku? Nie, praktycznie ka\u017cdy chi\u0144ski flagowiec z ostatnich 6 miesi\u0119cy oferuje du\u017co lepsze baterie, a do tego szybciej si\u0119 \u0142aduje. Faktem jest jednak, \u017ce przetrwanie od rana do wieczora jest ju\u017c ca\u0142kiem mo\u017cliwe, czego o wi\u0119kszo\u015bci poprzednik\u00f3w powiedzie\u0107 si\u0119 nie da\u0142o.<\/p>\n<p>Jedno iPhonowi 17 Pro Max odda\u0107 musz\u0119 \u2013 ma naprawd\u0119 bardzo dobry aparat. Moim zdaniem tylko <a href=\"https:\/\/www.gsmmaniak.pl\/1609746\/vivo-x300-pro-test-recenzja-opinia\/\" rel=\"nofollow noopener\" target=\"_blank\">vivo X300 Pro<\/a> z ostatnio testowanego przeze mnie sprz\u0119tu robi znacz\u0105co lepsze zdj\u0119cia. Nagrywanie wideo to nadal klasa sama dla siebie, a mnogo\u015b\u0107 wsp\u00f3\u0142pracuj\u0105cego z iOS softu do edycji wideo przyt\u0142acza. Tutaj Apple nadal nie ma konkurencji.<\/p>\n<p>iPhone 17 Pro Max w promocji za 5859 z\u0142otych<\/p>\n<p>Teraz kilka s\u0142\u00f3w na temat samej promocji. Na Allegro iPhone\u2019a 17 Pro Max najtaniej sprzedaje obecnie Allegro, a cena spad\u0142a do poziomu <a href=\"https:\/\/clk.tradedoubler.com\/click?p=288386&amp;a=1519650&amp;g=25249660&amp;epi=link&amp;url=https%3A%2F%2Fallegro.pl%2Foferta%2Fiphone-17-pro-max-12-gb-256-gb-5g-srebrny-apple-18090396337%3Futm_campaign%3Duv-tdb\" rel=\"nofollow noopener\" target=\"_blank\">5859 z\u0142otych<\/a> za wersj\u0119 12\/256 GB. Je\u017celi mnie pami\u0119\u0107 nie myli, nigdy wcze\u015bniej nie da\u0142\u0142o si\u0119 go kupi\u0107 tak tanio w Polsce.<\/p>\n<p><a href=\"https:\/\/www.ceneo.pl\/187908780#pid=525\" rel=\"nofollow noopener\" target=\"_blank\"><img loading=\"lazy\" decoding=\"async\" aria-describedby=\"caption-attachment-1631060\" class=\"size-medium wp-image-1631060\" src=\"https:\/\/www.europesays.com\/pl\/wp-content\/uploads\/2026\/01\/Zrzut-ekranu-2026-01-26-093356-medium.jpg\" alt=\"iPhone 17 Pro Max\" width=\"500\" height=\"242\"   \/><\/a><\/p>\n<p id=\"caption-attachment-1631060\" class=\"wp-caption-text\">Promocja na iPhone 17 Pro Max \/ fot. Ceneo<\/p>\n<p>Ile zaoszcz\u0119dzisz wzgl\u0119dem regularnej ceny w polskiej dystrybucji? Wed\u0142ug Ceneo to <a href=\"https:\/\/www.ceneo.pl\/187908780#pid=525\" rel=\"nofollow noopener\" target=\"_blank\">6299 z\u0142otych<\/a> w du\u017cych elektromarketach, wi\u0119c w kieszeni zostan\u0105 Ci ponad 4 st\u00f3wy.<\/p>\n<p>Na koniec nie pozostaje mi nic innego, jak tylko zach\u0119ci\u0107 Ci\u0119 do lektury naszego<a href=\"https:\/\/www.gsmmaniak.pl\/1606399\/iphone-17-pro-max-test-recenzja-opinia-czy-warto\/\" rel=\"nofollow noopener\" target=\"_blank\"> testu iPhone\u2019a 17 Pro Max<\/a>. Zaprezentowa\u0142em tam trze\u017awe spojrzenie ze strony kogo\u015b, kto od lat u\u017cywa od Androida i nie por\u00f3wnuje go do poprzednik\u00f3w, ale do faktycznie najlepszych telefon\u00f3w na rynku.<\/p>\n<blockquote class=\"wp-embedded-content\" data-secret=\"kHSOheflJB\">\n<p><a href=\"https:\/\/www.gsmmaniak.pl\/1606399\/iphone-17-pro-max-test-recenzja-opinia-czy-warto\/\" rel=\"nofollow noopener\" target=\"_blank\">TEST po miesi\u0105cu | iPhone 17 Pro Max jest dobry, ale za takie pieni\u0105dze znam du\u017co lepsze telefony<\/a><\/p>\n<\/blockquote>\n<p>\u0179r\u00f3d\u0142o: Allegro, opracowanie w\u0142asne<\/p>\n<p>Nie przegap kolejnej promocji<\/p>\n<p><a href=\"https:\/\/www.facebook.com\/Lowcy.Promocji\" target=\"_blank\" rel=\"nofollow noopener\"><img decoding=\"async\" class=\"aligncenter size-medium wp-image-592466\" src=\"https:\/\/www.europesays.com\/pl\/wp-content\/uploads\/2025\/12\/pasek-fb-lowcy-promocji.png\" alt=\"\u0141owcy Promocji techManiaK.PL\" \/><\/a><\/p>\n<p>Je\u017celi szukasz przecen i promocji i nie chcesz przegapi\u0107 dobrych okazji, zach\u0119cam do \u015bledzenia naszego maniaKalnego profilu <a href=\"https:\/\/www.facebook.com\/Lowcy.Promocji\" target=\"_self\" rel=\"nofollow noopener\">\u0141owcy Promocji na facebooku<\/a>. Codziennie sprawdzamy co ciekawego mo\u017cna znale\u017a\u0107 w Sieci.<\/p>\n","protected":false},"excerpt":{"rendered":"iPhone 17 Pro Max moim zdaniem nie jest wcale najlepszym telefonem na rynku, ale to nie znaczy, \u017ce&hellip;\n","protected":false},"author":2,"featured_media":54567,"comment_status":"","ping_status":"","sticky":false,"template":"","format":"standard","meta":{"footnotes":""},"categories":[20],"tags":[3668,41715,22094,41714,120,118,119,42,38,40,39,41,116,114,115,121,117],"class_list":{"0":"post-226692","1":"post","2":"type-post","3":"status-publish","4":"format-standard","5":"has-post-thumbnail","7":"category-nauka-i-technika","8":"tag-iphone-17-pro-max","9":"tag-iphone-17-pro-max-najtaniej","10":"tag-iphone-17-pro-max-promocja","11":"tag-iphone-17-pro-max-taniej","12":"tag-nauka","13":"tag-nauka-i-technika","14":"tag-naukatechnika","15":"tag-pl","16":"tag-poland","17":"tag-polish","18":"tag-polska","19":"tag-polski","20":"tag-science","21":"tag-science-and-technology","22":"tag-sciencetechnology","23":"tag-technika","24":"tag-technology"},"share_on_mastodon":{"url":"https:\/\/pubeurope.com\/@pl\/115963661350139268","error":""},"_links":{"self":[{"href":"https:\/\/www.europesays.com\/pl\/wp-json\/wp\/v2\/posts\/226692","targetHints":{"allow":["GET"]}}],"collection":[{"href":"https:\/\/www.europesays.com\/pl\/wp-json\/wp\/v2\/posts"}],"about":[{"href":"https:\/\/www.europesays.com\/pl\/wp-json\/wp\/v2\/types\/post"}],"author":[{"embeddable":true,"href":"https:\/\/www.europesays.com\/pl\/wp-json\/wp\/v2\/users\/2"}],"replies":[{"embeddable":true,"href":"https:\/\/www.europesays.com\/pl\/wp-json\/wp\/v2\/comments?post=226692"}],"version-history":[{"count":0,"href":"https:\/\/www.europesays.com\/pl\/wp-json\/wp\/v2\/posts\/226692\/revisions"}],"wp:featuredmedia":[{"embeddable":true,"href":"https:\/\/www.europesays.com\/pl\/wp-json\/wp\/v2\/media\/54567"}],"wp:attachment":[{"href":"https:\/\/www.europesays.com\/pl\/wp-json\/wp\/v2\/media?parent=226692"}],"wp:term":[{"taxonomy":"category","embeddable":true,"href":"https:\/\/www.europesays.com\/pl\/wp-json\/wp\/v2\/categories?post=226692"},{"taxonomy":"post_tag","embeddable":true,"href":"https:\/\/www.europesays.com\/pl\/wp-json\/wp\/v2\/tags?post=226692"}],"curies":[{"name":"wp","href":"https:\/\/api.w.org\/{rel}","templated":true}]}}