{"id":226806,"date":"2026-01-26T23:14:14","date_gmt":"2026-01-26T23:14:14","guid":{"rendered":"https:\/\/www.europesays.com\/pl\/226806\/"},"modified":"2026-01-26T23:14:14","modified_gmt":"2026-01-26T23:14:14","slug":"co-z-tarcza-wschod-w-2026-wojsko-przedstawia-plan","status":"publish","type":"post","link":"https:\/\/www.europesays.com\/pl\/226806\/","title":{"rendered":"Co z Tarcz\u0105 Wsch\u00f3d w 2026? Wojsko przedstawia plan"},"content":{"rendered":"<p>   <a href=\"https:\/\/defence24.pl\/strona-autora\/wojciech-koziol\" target=\"_self\" class=\"article-author__wrap\" rel=\"nofollow noopener\"><img loading=\"lazy\" decoding=\"async\" src=\"https:\/\/www.europesays.com\/pl\/wp-content\/uploads\/2025\/09\/8QEoofg0C2O1R6JMTSUEkikQs55GL0w3pR2wRV5S.auyp.jpg\" alt=\"\"  width=\"100\" height=\"100\" author=\"Defence24.pl\" caption=\"\" fullscreen=\"https:\/\/cdn.defence24.pl\/2023\/12\/11\/1920xpx\/8QEoofg0C2O1R6JMTSUEkikQs55GL0w3pR2wRV5S.mhx4.jpg\" class=\"img article-author__avatar img-avatar\"\/><br \/>\n          Wojciech Kozio\u0142<br \/>\n        <\/a><br \/>\n      26 stycznia 2026, 15:28<\/p>\n<p>\n      6 min.\n    <\/p>\n<p>Wojsko Polskie podsumowuje dokonane do ko\u0144ca 2025 roku prace nad Tarcz\u0105 Wsch\u00f3d oraz wskazuje kolejne cele do realizacji na bie\u017c\u0105cy rok. Co uda\u0142o si\u0119 osi\u0105gn\u0105\u0107?<\/p>\n<p>  <img decoding=\"async\" src=\"https:\/\/www.europesays.com\/pl\/wp-content\/uploads\/2026\/01\/tvdsqMrTfnHLNFnqlO9JI0kLVv00CQFsVHIbSI5E.sfv6.jpg\" alt=\"Tarcza Wsch\u00f3d\"  width=\"800\" height=\"450\" author=\"p\u0142k Marek Pietrzak\/Wojsko Polskie\" fetchpriority=\"high\" class=\"img image-with-caption__image\"\/><br \/>\n        Wojsko podsumowuje prace nad Tarcz\u0105 Wsch\u00f3d w 2025 roku i przedstawia cele na 2026.<br \/>\n       <br \/>Autor. p\u0142k Marek Pietrzak\/Wojsko Polskie<\/p>\n<p class=\"paragraph-module\"><a href=\"https:\/\/www.wojsko-polskie.pl\/sgwp\/articles\/aktualnosci-w\/tarcza-wschod-realne-wzmocnienie-bezpieczenstwa-podsumowanie-efektow-i-plany-na-2026-rok\/\" rel=\"nofollow noopener\" target=\"_blank\">Jak czytamy na oficjalnej witrynie Wojska Polskiego<\/a>, w 2025 roku, w ramach realizacji programu Tarcza Wsch\u00f3d, przeprowadzono in\u017cynieryjne zabezpieczenie \u0142\u0105cznie 60 km granicy pa\u0144stwowej. Dzia\u0142ania te obj\u0119\u0142y zar\u00f3wno rozbudow\u0119 element\u00f3w linearnych na odcinku ok. 10 km, jak i wykorzystanie asortymentu in\u017cynieryjnego przeznaczonego do blokowania granicy na d\u0142ugo\u015bci 50 km, kt\u00f3ry zgromadzono w wybudowanych 13 sk\u0142adach materia\u0142owych.<\/p>\n<p class=\"paragraph-module\">W 2026 roku planowana jest istotna intensyfikacja prac in\u017cynieryjnych. Zak\u0142ada si\u0119 zabezpieczenie ponad 200 km granicy, w tym blisko 20 km w ramach dalszej rozbudowy linearnej. Pozosta\u0142a cz\u0119\u015b\u0107, obejmuj\u0105ca oko\u0142o 180 km, zostanie zabezpieczona przy u\u017cyciu asortymentu in\u017cynieryjnego zgromadzonego w sk\u0142adach materia\u0142owych, przeznaczonego do szybkiego zablokowania granicy.<\/p>\n<p class=\"paragraph-module\">\u0141\u0105cznie, do ko\u0144ca 2026 roku, planowane jest in\u017cynieryjne zabezpieczenie blisko 260 km granicy pa\u0144stwowej. Obejmie ono niemal 30 km rozbudowy linearnej oraz oko\u0142o 230 km zabezpieczonych z wykorzystaniem asortymentu in\u017cynieryjnego zgromadzonego w 37 sk\u0142adach materia\u0142owych. Zakres ten b\u0119dzie stanowi\u0142 ponad 38% d\u0142ugo\u015bci granicy na kierunku realizacji programu Tarcza Wsch\u00f3d.<\/p>\n<p class=\"paragraph-module\">R\u00f3wnolegle, w 2025 roku zako\u0144czono kluczowe zadania zwi\u0105zane ze wzmocnieniem przej\u015b\u0107 granicznych. Zablokowano 5 przej\u015b\u0107 granicznych oraz przygotowano do zablokowania kolejnych 12, w tym 10 przej\u015b\u0107 drogowych i 7 kolejowych.<\/p>\n<p>    Kolejne nieruchomo\u015bci na rzecz realizacji projektu  <\/p>\n<p class=\"paragraph-module\">Realizacja rozbudowy infrastruktury in\u017cynieryjnej wymaga\u0142a intensywnych dzia\u0142a\u0144 w zakresie pozyskiwania nieruchomo\u015bci. W 2025 r. na potrzeby linearnej rozbudowy in\u017cynieryjnej pozyskano 38 nieruchomo\u015bci, co umo\u017cliwi\u0142o rozpocz\u0119cie prac na kluczowych odcinkach granicy. Jednocze\u015bnie przygotowano znacznie ambitniejsze plany na kolejne lata.<\/p>\n<p class=\"paragraph-module\">W bie\u017c\u0105cym roku plany te s\u0105 ponad trzykrotnie wi\u0119ksze \u2013 planuje si\u0119 pozyskanie 150 nieruchomo\u015bci w 52 lokalizacjach. W 2026 r. planuje si\u0119 te\u017c pozyska\u0107 z zasob\u00f3w KOWR (Krajowy O\u015brodek Wsparcia Rolnictwa) 45 dzia\u0142ek pod rozbudow\u0119 19 miejsc sk\u0142adowania (MS), pozosta\u0142e MS planowane do budowy w tym roku b\u0119d\u0105 tworzone na terenach jednostek wojskowych wzd\u0142u\u017c granicy.<\/p>\n<p class=\"paragraph-module\">Szczeg\u00f3ln\u0105 rol\u0119 w tym procesie odgrywa wsp\u00f3\u0142praca z Krajowym O\u015brodkiem Wsparcia Rolnictwa, kt\u00f3ry przekazuje Ministerstwu Obrony Narodowej wykazy dzia\u0142ek mo\u017cliwych do wykorzystania na potrzeby programu. R\u00f3wnolegle analizowane s\u0105 propozycje zg\u0142aszane przez samorz\u0105dy oraz Lasy Pa\u0144stwowe, obejmuj\u0105ce tereny po\u0142o\u017cone w pasie do 15 km od granicy.<\/p>\n<p>      Wykorzystanie UBM  <\/p>\n<p class=\"paragraph-module\">Istotnym elementem programu Tarcza Wsch\u00f3d jest wdra\u017canie nowoczesnych technologii budowlanych. W 2025 r. wojsko pozyska\u0142o dwa zestawy Ultimate Building Machine (UBM) \u2013 mobilne urz\u0105dzenia, kt\u00f3re wytwarzaj\u0105 gotowe stalowe elementy budynk\u00f3w. Zestawy UBM wesz\u0142y na wyposa\u017cenie 2. pu\u0142ku in\u017cynieryjnego w Inowroc\u0142awiu oraz 16. batalionu remontu lotnisk w Jarocinie. W wyniku tych zmian jednostki te powi\u0119kszy\u0142y swoje struktury o kompanie in\u017cynieryjne. Po odbiorze sprz\u0119tu od producenta w 2025 r. przeprowadzono szkolenia praktyczne \u017co\u0142nierzy w ramach tych szkole\u0144 zosta\u0142y wybudowane dwa gara\u017ce. W 2026 roku planuje si\u0119 budow\u0119 kolejnych obiekt\u00f3w szkoleniowych w Inowroc\u0142awiu i Jarocinie, a nast\u0119pnie budow\u0119 pierwszych gara\u017cy w technologii UBM na terenie jednostek wojsk operacyjnych.<\/p>\n<p class=\"paragraph-module\">Technologia UBM jest na tyle obiecuj\u0105ca, \u017ce Szef Sztabu Generalnego WP przes\u0142a\u0142 do MON wniosek o wyra\u017cenie zgody na prowadzenie prac nad projektem decyzji MON w sprawie dalszego rozwoju zdolno\u015bci Wojsk In\u017cynieryjnych do szybkiej budowy infrastruktury wojskowej w Si\u0142ach Zbrojnych RP oraz wniosek o wyra\u017cenie zgody na rozpocz\u0119cie procedury pozyskania dw\u00f3ch kolejnych zestaw\u00f3w UBM. Akceptacja wniosku SG WP pozwoli na znacz\u0105ce przyspieszenie zabezpieczenia potrzeb budowy infrastruktury wojskowej w ramach za\u0142o\u017conych cel\u00f3w Tarczy Wsch\u00f3d oraz\u00a0 generowanych przez rozwijaj\u0105ce si\u0119 zwi\u0105zki taktyczne i oddzia\u0142y, w tym b\u0119dzie skutkowa\u0107 znacz\u0105cymi oszcz\u0119dno\u015bciami w ramach zaplanowanych ju\u017c nak\u0142ad\u00f3w finansowych.<\/p>\n<p class=\"paragraph-module\">R\u00f3wnolegle Wojskowa Akademia Techniczna opracowa\u0142a ulepszon\u0105 wersj\u0119 systemu \u2013 konstrukcje o wi\u0119kszych rozpi\u0119to\u015bciach oraz tzw. pow\u0142oki gruntowe. Przeprowadzone testy wykaza\u0142y, \u017ce nowe rozwi\u0105zania daj\u0105 realn\u0105 ochron\u0119 przed lekkimi dronami-kamikadze i pociskami mo\u017adzierzowymi kal. 120 mm. Gotowe wzorce maj\u0105 wkr\u00f3tce trafi\u0107 do oficjalnego katalogu powtarzalnych obiekt\u00f3w UBM.<\/p>\n<p>  Sie\u0107, \u0142\u0105czno\u015b\u0107 i nowy sprz\u0119t  <\/p>\n<p class=\"paragraph-module\">W 2025 roku w pasie przygranicznym uruchomiono siedem nowych stacji bazowych we wsp\u00f3\u0142pracy z najwi\u0119kszymi operatorami kom\u00f3rkowymi i Ministerstwem Cyfryzacji. Poprawie uleg\u0142a nie tylko \u0142\u0105czno\u015b\u0107 wojskowa, ale i cywilna \u2013 mieszka\u0144cy zyskali zauwa\u017calnie lepszy zasi\u0119g. Do ko\u0144ca 2026 roku pokrycie sieci ma wzrosn\u0105\u0107 z obecnych oko\u0142o 89% do 95%. W planach jest budowa kilkunastu kolejnych maszt\u00f3w \u2013 cz\u0119\u015b\u0107 sfinansuje MON, cz\u0119\u015b\u0107 operatorzy. Tylko w 2025 r. uruchomionych zosta\u0142o siedem nowych stacji bazowych nadawczo-odbiorczych (BTS).<\/p>\n<p class=\"paragraph-module\">Agencja Uzbrojenia kontynuuje intensywne zakupy. W realizacji s\u0105 m.in. system przeciwlotniczy kryptonim SAN zdolny zwalcza\u0107 drony, miotacze min BAOBAB w wersjach g\u0105sienicowej i ko\u0142owej, kolejne zestawy FlyEye i Gladius, a tak\u017ce szeroki wachlarz pojazd\u00f3w, \u015brodk\u00f3w \u0142\u0105czno\u015bci i wyposa\u017cenia osobistego.<\/p>\n<p class=\"paragraph-module\">W 2025 roku odby\u0142o si\u0119 kilkadziesi\u0105t wizyt delegacji z Litwy, \u0141otwy, Estonii, Finlandii, Wielkiej Brytanii, Niemiec i Stan\u00f3w Zjednoczonych. Szczeg\u00f3lnie intensywna jest wsp\u00f3\u0142praca w ramach Baltic Defense Line. Od drugiej po\u0142owy 2026 roku planowane jest ju\u017c praktyczne w\u0142\u0105czenie jednostek sojuszniczych do prac in\u017cynieryjnych na polskim odcinku wschodniej flanki.<\/p>\n<p>    Finanse  <\/p>\n<p class=\"paragraph-module\">W samym 2025 roku MON podpisa\u0142 umowy na ponad 870 mln z\u0142 w ramach Tarczy Wsch\u00f3d (bez \u015brodk\u00f3w unijnych). Kluczowe u\u0142atwienie przynios\u0142a specustawa o inwestycjach obronnych, kt\u00f3ra wesz\u0142a w \u017cycie w ubieg\u0142ym roku i radykalnie skr\u00f3ci\u0142a procedury. W 2026 roku ma powsta\u0107 pierwszy oficjalny wykaz \u201ekluczowych inwestycji obronnych\u201d, w kt\u00f3rym Tarcza Wsch\u00f3d zajmie jedno z centralnych miejsc.<\/p>\n<p class=\"paragraph-module\">Kluczowym momentem dla realizacji programu by\u0142o wej\u015bcie w \u017cycie w 2025 roku specustawy o inwestycjach w obronno\u015b\u0107. Nowe przepisy znacz\u0105co usprawni\u0142y proces przygotowania i realizacji inwestycji wojskowych. W 2026 roku planowane jest pe\u0142ne wdro\u017cenie rozwi\u0105za\u0144 ustawowych, w tym opracowanie pierwszego wykazu kluczowych inwestycji obronnych, obejmuj\u0105cego r\u00f3wnie\u017c zadania realizowane w ramach programu Tarcza Wsch\u00f3d.<\/p>\n<p>    Ochrona ludno\u015bci w Tarczy Wsch\u00f3d  <\/p>\n<p class=\"paragraph-module\">Zgodnie z ustaw\u0105 o ochronie ludno\u015bci i obronie cywilnej, Minister Obrony Narodowej przeznacza corocznie \u015brodki w wysoko\u015bci 0,15% PKB \u2013 ponad 5 mld z\u0142 \u2013 na zadania z zakresu ochrony ludno\u015bci i obrony cywilnej, w tym na zadania o charakterze obronnym, uj\u0119te w Programie Ochrony Ludno\u015bci i Obrony Cywilnej.<\/p>\n<p class=\"paragraph-module\">W ramach \u201eTarczy Wsch\u00f3d\u201d przewidziano r\u00f3wnie\u017c rozw\u00f3j zabezpieczenia medycznego, obejmuj\u0105cy m.in. szpitale polowe i rozwi\u0105zania modu\u0142owe, zintegrowane z systemem ochrony i obrony ludno\u015bci cywilnej.<\/p>\n<p class=\"paragraph-module\">Integralnym elementem programu jest tzw. Zielona Tarcza Wsch\u00f3d, kt\u00f3ra zak\u0142ada wykorzystanie \u015brodowiska naturalnego jako wsparcia zdolno\u015bci obronnych pa\u0144stwa. We wsp\u00f3\u0142pracy z resortem klimatu realizowane s\u0105 projekty odtwarzania torfowisk, bagien i mokrade\u0142 w obszarach o kluczowym znaczeniu operacyjnym. Dzia\u0142ania te \u0142\u0105cz\u0105 cele obronne i \u015brodowiskowe, wzmacniaj\u0105c odporno\u015b\u0107 pa\u0144stwa przy jednoczesnym poszanowaniu przyrody. Na realizacj\u0119 tych projekt\u00f3w w najbli\u017cszych latach planowane jest przeznaczenie ok. 120 mln z\u0142. Dzia\u0142ania te stanowi\u0105 przyk\u0142ad skoordynowanego dzia\u0142ania resort\u00f3w obrony i klimatu, wzmacniaj\u0105cego odporno\u015b\u0107 pa\u0144stwa przy wykorzystaniu potencja\u0142u \u015brodowiska naturalnego.<\/p>\n","protected":false},"excerpt":{"rendered":"Wojciech Kozio\u0142 26 stycznia 2026, 15:28 6 min. Wojsko Polskie podsumowuje dokonane do ko\u0144ca 2025 roku prace nad&hellip;\n","protected":false},"author":2,"featured_media":226807,"comment_status":"","ping_status":"","sticky":false,"template":"","format":"standard","meta":{"footnotes":""},"categories":[14],"tags":[41730,425,699,32,33,27,34,35,28,31,160,25,40,39,41,87,80,41729,29,30,26,5041,82,83,84,9952,41728],"class_list":{"0":"post-226806","1":"post","2":"type-post","3":"status-publish","4":"format-standard","5":"has-post-thumbnail","7":"category-swiat","8":"tag-baltycka-linia-obrony","9":"tag-bezpieczenstwo","10":"tag-bialorus","11":"tag-breaking-news","12":"tag-breakingnews","13":"tag-headlines","14":"tag-latest-news","15":"tag-latestnews","16":"tag-naglowki","17":"tag-najwazniejsze-artykuly","18":"tag-nato","19":"tag-news","20":"tag-polish","21":"tag-polska","22":"tag-polski","23":"tag-rosja","24":"tag-swiat","25":"tag-tarcza-wschod","26":"tag-top-stories","27":"tag-topstories","28":"tag-wiadomosci","29":"tag-wojsko-polskie","30":"tag-world","31":"tag-world-news","32":"tag-worldnews","33":"tag-wschodnia-flanka-nato","34":"tag-wschodnia-granica"},"share_on_mastodon":{"url":"https:\/\/pubeurope.com\/@pl\/115963944227293766","error":""},"_links":{"self":[{"href":"https:\/\/www.europesays.com\/pl\/wp-json\/wp\/v2\/posts\/226806","targetHints":{"allow":["GET"]}}],"collection":[{"href":"https:\/\/www.europesays.com\/pl\/wp-json\/wp\/v2\/posts"}],"about":[{"href":"https:\/\/www.europesays.com\/pl\/wp-json\/wp\/v2\/types\/post"}],"author":[{"embeddable":true,"href":"https:\/\/www.europesays.com\/pl\/wp-json\/wp\/v2\/users\/2"}],"replies":[{"embeddable":true,"href":"https:\/\/www.europesays.com\/pl\/wp-json\/wp\/v2\/comments?post=226806"}],"version-history":[{"count":0,"href":"https:\/\/www.europesays.com\/pl\/wp-json\/wp\/v2\/posts\/226806\/revisions"}],"wp:featuredmedia":[{"embeddable":true,"href":"https:\/\/www.europesays.com\/pl\/wp-json\/wp\/v2\/media\/226807"}],"wp:attachment":[{"href":"https:\/\/www.europesays.com\/pl\/wp-json\/wp\/v2\/media?parent=226806"}],"wp:term":[{"taxonomy":"category","embeddable":true,"href":"https:\/\/www.europesays.com\/pl\/wp-json\/wp\/v2\/categories?post=226806"},{"taxonomy":"post_tag","embeddable":true,"href":"https:\/\/www.europesays.com\/pl\/wp-json\/wp\/v2\/tags?post=226806"}],"curies":[{"name":"wp","href":"https:\/\/api.w.org\/{rel}","templated":true}]}}