{"id":226976,"date":"2026-01-27T02:47:08","date_gmt":"2026-01-27T02:47:08","guid":{"rendered":"https:\/\/www.europesays.com\/pl\/226976\/"},"modified":"2026-01-27T02:47:08","modified_gmt":"2026-01-27T02:47:08","slug":"60-demolka-w-meczu-aryny-sabalenki-w-australian-open-wazne-wiesci-dla-igi-swiatek","status":"publish","type":"post","link":"https:\/\/www.europesays.com\/pl\/226976\/","title":{"rendered":"6:0! Demolka w meczu Aryny Sabalenki w Australian Open. Wa\u017cne wie\u015bci dla Igi \u015awi\u0105tek"},"content":{"rendered":"<p class=\"Paragraph_desktopParagraph__Fd2e9\">Kibice w Melbourne ostrzyli sobie z\u0119by na pierwszy z \u0107wier\u0107fina\u0142\u00f3w Australian Open. Nie by\u0142o \u017cadnych w\u0105tpliwo\u015bci, \u017ce to Aryna Sabalenka jest zdecydowan\u0105 faworytk\u0105 do awansu do p\u00f3\u0142fina\u0142u turnieju, w kt\u00f3rym od lat idzie jej fantastycznie. Ale teraz na jej drodze stan\u0119\u0142a zawodniczka, kt\u00f3ra dla wielu jest nadziej\u0105 kobiecego tenisa.<\/p>\n<p class=\"VideoPlayerText_videoPlayerText__zrtJk\">Dalszy ci\u0105g materia\u0142u pod wideo<\/p>\n<p class=\"Paragraph_desktopParagraph__Fd2e9\">Dla Ivy Jovic tegoroczne Australian Open to pierwszy tak wielki turniej, w kt\u00f3rym osi\u0105ga du\u017cy sukces. 18-latka ze Stan\u00f3w Zjednoczonych wygra\u0142a ju\u017c imprez\u0119 WTA rangi 500, a poprzez dotarcie do \u0107wier\u0107fina\u0142u w Australii najpewniej zamelduje si\u0119 w czo\u0142owej dwudziestce rankingu, co oznacza \u017cyciowy sukces. Teraz mog\u0142a walczy\u0107 ju\u017c tylko o spe\u0142nienie marze\u0144 i o sprawienie sensacji w meczu z murowan\u0105 faworytk\u0105.<\/p>\n<p>Upa\u0142y nie przeszkadza\u0142y Arynie Sabalence. Co za mecz!<\/p>\n<p class=\"Paragraph_desktopParagraph__Fd2e9\">Zagadk\u0105 pozostawa\u0142o to, jak panie poradz\u0105 sobie z warunkami panuj\u0105cymi we wtorek w Melbourne. Temperatura przekracza\u0142a 30 stopni ju\u017c w okolicach 11.30 czasu lokalnego, gdy rozpoczyna\u0142 si\u0119 mecz. Robi\u0142o si\u0119 tylko cieplej, a organizatorzy nie zdecydowali si\u0119 zasun\u0105\u0107 dachu nad Rod Laver Arena. Wiele zale\u017ca\u0142o od tego, jak ka\u017cda z zawodniczek zareaguje na te szczeg\u00f3lnie nie\u0142atwe okoliczno\u015bci.<\/p>\n<p class=\"Paragraph_desktopParagraph__Fd2e9\">To do\u015bwiadczenie okaza\u0142o si\u0119 kluczowe na pocz\u0105tku spotkania. Aryna Sabalenka b\u0142yskawicznie przesz\u0142a do ofensywy, zmuszaj\u0105c 18-letni\u0105 rywalk\u0119 do biegania po ca\u0142ej szeroko\u015bci kortu. Jovic zdecydowanie brakowa\u0142o aspektu gry, kt\u00f3rym mog\u0142aby zaskoczy\u0107 liderk\u0119 rankingu. Ta stara\u0142a si\u0119 robi\u0107 wszystko, by nie powt\u00f3rzy\u0107 b\u0142\u0119d\u00f3w z mecz\u00f3w z Anastazj\u0105 Potapow\u0105 i Victori\u0105 Mboko.<\/p>\n<p class=\"Paragraph_desktopParagraph__Fd2e9\">Amerykanka w ko\u0144cu odzyska\u0142a pewno\u015b\u0107 siebie i w ko\u0144c\u00f3wce seta zmusi\u0142a Sabalenk\u0119 do nieco wi\u0119kszego wysi\u0142ku. Szuka\u0142a ryzykownych zagra\u0144, kt\u00f3re w pewnym momencie zacz\u0119\u0142y przynosi\u0107 po\u017c\u0105dane skutki, przez co liderka rankingu musia\u0142a broni\u0107 dw\u00f3ch break point\u00f3w. I cho\u0107 pierwszy serwis nie pomaga\u0142, ostatecznie to Aryna Sabalenka prowadzi\u0142a 6:3 i by\u0142a o jednego seta od awansu do p\u00f3\u0142fina\u0142u.<\/p>\n<p>Druga partia to nokaut. B\u0119dzie wielki hit!<\/p>\n<p class=\"Paragraph_desktopParagraph__Fd2e9\">W meczach z Potapow\u0105 i Mboko Sabalence zdarza\u0142y si\u0119 przestoje, przez kt\u00f3re na chwil\u0119 traci\u0142a kontrol\u0119 nad spotkaniem w drugim secie. Przeciwko Jovic nic nie wskazywa\u0142o jednak na to, by ten scenariusz mia\u0142 si\u0119 powt\u00f3rzy\u0107. Zn\u00f3w to pierwsza rakieta \u015bwiata wysz\u0142a na prowadzenie 4:0 i nieustannie nak\u0142ada\u0142a presj\u0119 na m\u0142odsz\u0105 przeciwniczk\u0119, zbli\u017caj\u0105c si\u0119 do kolejnego du\u017cego sukcesu.<\/p>\n<p class=\"Paragraph_desktopParagraph__Fd2e9\">18-latce nie pomaga\u0142y niewymuszone b\u0142\u0119dy, a tak\u017ce podw\u00f3jne serwisowe, przez kt\u00f3re straci\u0142a pi\u0105tego gema w drugim secie. Aryna Sabalenka mog\u0142a ju\u017c serwowa\u0107 po wygran\u0105 i awans i nie zmarnowa\u0142a tej szansy. Wygrana 6:3, 6:0 oznacza, \u017ce liderka rankingu jest ju\u017c w p\u00f3\u0142finale Australian Open.<\/p>\n<p class=\"Paragraph_desktopParagraph__Fd2e9\">I tu czeka nas wielki hit, niezale\u017cnie od tego, kto wygra drugi \u0107wier\u0107fina\u0142. O mecz p\u00f3\u0142fina\u0142owy z Sabalenk\u0105 zagraj\u0105 ze sob\u0105 Coco Gauff i Elina Switolina. Ka\u017cda z nich jest w stanie rzuci\u0107 wyzwanie pierwszej rakiecie \u015bwiata, dlatego mo\u017cemy spodziewa\u0107 si\u0119 gigantycznych emocji. Na to starcie b\u0119dzie czeka\u0107 ca\u0142y \u015bwiat, w tym polscy kibice, kt\u00f3rzy licz\u0105 na awans Igi \u015awi\u0105tek do fina\u0142u.<\/p>\n<p class=\"Paragraph_desktopParagraph__Fd2e9\">Aryna Sabalenka \u2014 Iva Jovic 6:3, 6:0<\/p>\n","protected":false},"excerpt":{"rendered":"Kibice w Melbourne ostrzyli sobie z\u0119by na pierwszy z \u0107wier\u0107fina\u0142\u00f3w Australian Open. Nie by\u0142o \u017cadnych w\u0105tpliwo\u015bci, \u017ce to&hellip;\n","protected":false},"author":2,"featured_media":226977,"comment_status":"","ping_status":"","sticky":false,"template":"","format":"standard","meta":{"footnotes":""},"categories":[24],"tags":[1352,12889,67,39433,549,42,38,40,39,41,136,128,47,127,135,126,156,157],"class_list":{"0":"post-226976","1":"post","2":"type-post","3":"status-publish","4":"format-standard","5":"has-post-thumbnail","7":"category-sport","8":"tag-aryna_sabalenka","9":"tag-australian_open","10":"tag-intextvideo_splayer","11":"tag-iva_jovic","12":"tag-pber","13":"tag-pl","14":"tag-poland","15":"tag-polish","16":"tag-polska","17":"tag-polski","18":"tag-ps_detal_new","19":"tag-psv2","20":"tag-screening_general","21":"tag-sport","22":"tag-sport_sport","23":"tag-sports","24":"tag-tenis","25":"tag-wta"},"share_on_mastodon":{"url":"https:\/\/pubeurope.com\/@pl\/115964782127440533","error":""},"_links":{"self":[{"href":"https:\/\/www.europesays.com\/pl\/wp-json\/wp\/v2\/posts\/226976","targetHints":{"allow":["GET"]}}],"collection":[{"href":"https:\/\/www.europesays.com\/pl\/wp-json\/wp\/v2\/posts"}],"about":[{"href":"https:\/\/www.europesays.com\/pl\/wp-json\/wp\/v2\/types\/post"}],"author":[{"embeddable":true,"href":"https:\/\/www.europesays.com\/pl\/wp-json\/wp\/v2\/users\/2"}],"replies":[{"embeddable":true,"href":"https:\/\/www.europesays.com\/pl\/wp-json\/wp\/v2\/comments?post=226976"}],"version-history":[{"count":0,"href":"https:\/\/www.europesays.com\/pl\/wp-json\/wp\/v2\/posts\/226976\/revisions"}],"wp:featuredmedia":[{"embeddable":true,"href":"https:\/\/www.europesays.com\/pl\/wp-json\/wp\/v2\/media\/226977"}],"wp:attachment":[{"href":"https:\/\/www.europesays.com\/pl\/wp-json\/wp\/v2\/media?parent=226976"}],"wp:term":[{"taxonomy":"category","embeddable":true,"href":"https:\/\/www.europesays.com\/pl\/wp-json\/wp\/v2\/categories?post=226976"},{"taxonomy":"post_tag","embeddable":true,"href":"https:\/\/www.europesays.com\/pl\/wp-json\/wp\/v2\/tags?post=226976"}],"curies":[{"name":"wp","href":"https:\/\/api.w.org\/{rel}","templated":true}]}}