{"id":227038,"date":"2026-01-27T05:00:04","date_gmt":"2026-01-27T05:00:04","guid":{"rendered":"https:\/\/www.europesays.com\/pl\/227038\/"},"modified":"2026-01-27T05:00:04","modified_gmt":"2026-01-27T05:00:04","slug":"robert-lewandowski-pominiety-przez-barcelone-kolejnej-szansy-nie-bedzie","status":"publish","type":"post","link":"https:\/\/www.europesays.com\/pl\/227038\/","title":{"rendered":"Robert Lewandowski pomini\u0119ty przez Barcelon\u0119! Kolejnej szansy nie b\u0119dzie"},"content":{"rendered":"<p>\u00a9 2026 Ringier Axel Springer Polska &#8211; Powered by Ring Publishing | Developed by RAS Tech<\/p>\n<p>Systematyczne pobieranie tre\u015bci, danych lub informacji z tej strony internetowej (web scraping), jak r\u00f3wnie\u017c eksploracja tekstu i danych (TDM) (w tym pobieranie i eksploracyjna analiza danych, indeksowanie stron internetowych, korzystanie z tre\u015bci lub przeszukiwanie z pobieraniem baz danych), czy to przez roboty, web crawlers, oprogramowanie, narz\u0119dzia lub dowoln\u0105 manualn\u0105 lub zautomatyzowan\u0105 metod\u0105, w celu tworzenia lub rozwoju oprogramowania, w tym m.in. szkolenia system\u00f3w uczenia maszynowego lub sztucznej inteligencji (AI), bez uprzedniej, wyra\u017anej zgody Ringier Axel Springer Polska sp. z o.o. (RASP) jest zabronione. Wyj\u0105tek stanowi\u0105 sytuacje, w kt\u00f3rych tre\u015bci, dane lub informacje s\u0105 wykorzystywane w celu u\u0142atwienia ich wyszukiwania przez wyszukiwarki internetowe.<\/p>\n","protected":false},"excerpt":{"rendered":"\u00a9 2026 Ringier Axel Springer Polska &#8211; Powered by Ring Publishing | Developed by RAS Tech Systematyczne pobieranie&hellip;\n","protected":false},"author":2,"featured_media":227039,"comment_status":"","ping_status":"","sticky":false,"template":"","format":"standard","meta":{"footnotes":"","_share_on_mastodon":"0"},"categories":[24],"tags":[1157,41760,67,2051,11744,42,38,40,39,41,136,128,300,47,127,135,126,130],"class_list":["post-227038","post","type-post","status-publish","format-standard","has-post-thumbnail","category-sport","tag-barcelona","tag-eric_garcia","tag-intextvideo_splayer","tag-laliga","tag-ogor","tag-pl","tag-poland","tag-polish","tag-polska","tag-polski","tag-ps_detal_new","tag-psv2","tag-robert_lewandowski","tag-screening_general","tag-sport","tag-sport_sport","tag-sports","tag-wiadomosci_sportowe"],"share_on_mastodon":{"url":"https:\/\/pubeurope.com\/@pl\/115965304788972929","error":""},"_links":{"self":[{"href":"https:\/\/www.europesays.com\/pl\/wp-json\/wp\/v2\/posts\/227038","targetHints":{"allow":["GET"]}}],"collection":[{"href":"https:\/\/www.europesays.com\/pl\/wp-json\/wp\/v2\/posts"}],"about":[{"href":"https:\/\/www.europesays.com\/pl\/wp-json\/wp\/v2\/types\/post"}],"author":[{"embeddable":true,"href":"https:\/\/www.europesays.com\/pl\/wp-json\/wp\/v2\/users\/2"}],"replies":[{"embeddable":true,"href":"https:\/\/www.europesays.com\/pl\/wp-json\/wp\/v2\/comments?post=227038"}],"version-history":[{"count":0,"href":"https:\/\/www.europesays.com\/pl\/wp-json\/wp\/v2\/posts\/227038\/revisions"}],"wp:featuredmedia":[{"embeddable":true,"href":"https:\/\/www.europesays.com\/pl\/wp-json\/wp\/v2\/media\/227039"}],"wp:attachment":[{"href":"https:\/\/www.europesays.com\/pl\/wp-json\/wp\/v2\/media?parent=227038"}],"wp:term":[{"taxonomy":"category","embeddable":true,"href":"https:\/\/www.europesays.com\/pl\/wp-json\/wp\/v2\/categories?post=227038"},{"taxonomy":"post_tag","embeddable":true,"href":"https:\/\/www.europesays.com\/pl\/wp-json\/wp\/v2\/tags?post=227038"}],"curies":[{"name":"wp","href":"https:\/\/api.w.org\/{rel}","templated":true}]}}