{"id":227081,"date":"2026-01-27T05:55:13","date_gmt":"2026-01-27T05:55:13","guid":{"rendered":"https:\/\/www.europesays.com\/pl\/227081\/"},"modified":"2026-01-27T05:55:13","modified_gmt":"2026-01-27T05:55:13","slug":"rosjanie-po-cichu-wycofuja-sie-z-syrii-opuszczaja-wazna-baze-onet","status":"publish","type":"post","link":"https:\/\/www.europesays.com\/pl\/227081\/","title":{"rendered":"Rosjanie po cichu wycofuj\u0105 si\u0119 z Syrii. Opuszczaj\u0105 wa\u017cn\u0105 baz\u0119 &#8211; Onet"},"content":{"rendered":"<ol>\n<li><a href=\"https:\/\/news.google.com\/rss\/articles\/CBMivAFBVV95cUxNdVRCNmxwek5pRUh4V3UwWnMyODRFeTZOYXRzYkg3Y3QtTHdVZ1VRTUpDbjl2YnA0b0kzN3l6cWFPdFZCNml2YlBIME5RMFQ1Z2NFOWxFcXUxRGNWMlR2Q2FuOVRIeVBTd1NYajlJaHczOVRISzFlWWlOLVNZcE9RVHRJVW1XQU9YV1RnWU44SVZ6S0FnSUkzWUNDUnRrVnNCLUNkZC00NnlYV1ZXQThkLW9wS19GSURvcV8xTw?oc=5\" target=\"_blank\" rel=\"nofollow noopener\">Rosjanie po cichu wycofuj\u0105 si\u0119 z Syrii. Opuszczaj\u0105 wa\u017cn\u0105 baz\u0119<\/a>&nbsp;&nbsp;Onet<\/li>\n<li><a href=\"https:\/\/news.google.com\/rss\/articles\/CBMisAFBVV95cUxPVzg5aWZVQ3p4bFNzaFJaT09pSkdnS3lUcGVZR01jQUxMeTZxZVVxcHh4b3pGUnRzNEliQ3VjMzk4T0JnakhBSU02cXNOcEx3NWcyem5mRndiYWVHN2MySlpBdTBnbmlieDZyb0JqV0hKQ0lsd0UzSk83MkZhSTl4V3gzMjJFVEExNmtYUlVDWmFRblhVcUNhMkhTejIzcVNDUVZHXzk4OTVHRk1TWWFINQ?oc=5\" target=\"_blank\" rel=\"nofollow noopener\">Zagadkowa wizyta syryjskiego przyw\u00f3dcy. Spotka si\u0119 z W\u0142adimirem Putinem<\/a>&nbsp;&nbsp;Onet Wiadomo\u015bci<\/li>\n<li><a href=\"https:\/\/news.google.com\/rss\/articles\/CBMiyAFBVV95cUxNMUtuYk1wV04zSTRMZDJUR2l4dUI2NVRXVmJzZlVJcU1kNkQ5OFRaU1dYVlJfM05rT01mend3ekRHc1M3YzduZ0c0eTVJcDZSLWRhX0ZtOGlfVG5TMVdzLVAyb1VFR0psQlZBalFyQVdqUVpWVUh5cWJoa2hUVDQ4LVFtdTRmcmJMcVhmNk9rVndkTXNMNENRMm1YUTdJRkVrMkt1aHlick52R0hCaGZzZTRqOHRXeHJQUTlkSC1SY1YxT3hnUmg1cA?oc=5\" target=\"_blank\" rel=\"nofollow noopener\">Syria: W \u015brod\u0119 prezydent Ahmed al-Szara b\u0119dzie rozmawia\u0107 w Moskwie z W\u0142adimirem Putinem<\/a>&nbsp;&nbsp;WNP.PL<\/li>\n<li><a href=\"https:\/\/news.google.com\/rss\/articles\/CBMipAFBVV95cUxNYUVqWGJjQi1fUGlKcUZRclYzQm9TNFROWm1HeVN3S3hGcFhTUllGTy1nMTltNjVwM3kxbnhFQkxSaXJuOENwM0c1NEpIUEhQS1lvU0M1WGF1RGh0WEZ4enctQ2RtSlRaNk9EWXp2MHhJeVhZblRTYmpFVlJ1RTVQQzV5M1RhWkpEVHRKTVBjelkwWGM1QUNMMDU2UVowMDlRODE3bw?oc=5\" target=\"_blank\" rel=\"nofollow noopener\">Putin wycofuje si\u0119 z Syrii? Nagrania pokazuj\u0105 powa\u017cne zmiany<\/a>&nbsp;&nbsp;WP Wiadomo\u015bci<\/li>\n<li><a href=\"https:\/\/news.google.com\/rss\/articles\/CBMilAFBVV95cUxPT2Fta2p6d2RjYnNySncwMFF5UktkbFFSTWhXcm1LQzRHMEt0NVFOODlVejdDU3pWVnBJTXR1dFVIVmptamRBM2MtWjk3dlNkbEQwTkhCZHdwOVpZamhNMzRRQklBeWFYOGhCN0ZKYTZrcllPdV9pYnZGalhwZGRVdzdVYkpSeUpwNkJqU0ZnVFZVRHJ3?oc=5\" target=\"_blank\" rel=\"nofollow noopener\">Rosyjskie wojska opuszczaj\u0105 baz\u0119 w Syrii<\/a>&nbsp;&nbsp;RMF24<\/li>\n<\/ol>\n","protected":false},"excerpt":{"rendered":"Rosjanie po cichu wycofuj\u0105 si\u0119 z Syrii. Opuszczaj\u0105 wa\u017cn\u0105 baz\u0119&nbsp;&nbsp;Onet Zagadkowa wizyta syryjskiego przyw\u00f3dcy. Spotka si\u0119 z W\u0142adimirem&hellip;\n","protected":false},"author":2,"featured_media":227082,"comment_status":"","ping_status":"","sticky":false,"template":"","format":"standard","meta":{"footnotes":""},"categories":[5],"tags":[32,33,36,37,27,67,26874,34,35,7189,28,31,53,25,52,68,51,55,42,38,40,39,41,62,47,9133,29,30,65,50,26],"class_list":{"0":"post-227081","1":"post","2":"type-post","3":"status-publish","4":"format-standard","5":"has-post-thumbnail","7":"category-naglowki","8":"tag-breaking-news","9":"tag-breakingnews","10":"tag-featured-news","11":"tag-featurednews","12":"tag-headlines","13":"tag-intextvideo_splayer","14":"tag-kurdowie","15":"tag-latest-news","16":"tag-latestnews","17":"tag-morze_srodziemne","18":"tag-naglowki","19":"tag-najwazniejsze-artykuly","20":"tag-new_header","21":"tag-news","22":"tag-onet3","23":"tag-onet3d","24":"tag-onet3d_2i","25":"tag-phx","26":"tag-pl","27":"tag-poland","28":"tag-polish","29":"tag-polska","30":"tag-polski","31":"tag-rosja_kraj_rosjanin_rosjanie_rosjanka_rosjanki","32":"tag-screening_general","33":"tag-syria_kraj","34":"tag-top-stories","35":"tag-topstories","36":"tag-update_me","37":"tag-v2021","38":"tag-wiadomosci"},"share_on_mastodon":{"url":"https:\/\/pubeurope.com\/@pl\/115965521069891593","error":""},"_links":{"self":[{"href":"https:\/\/www.europesays.com\/pl\/wp-json\/wp\/v2\/posts\/227081","targetHints":{"allow":["GET"]}}],"collection":[{"href":"https:\/\/www.europesays.com\/pl\/wp-json\/wp\/v2\/posts"}],"about":[{"href":"https:\/\/www.europesays.com\/pl\/wp-json\/wp\/v2\/types\/post"}],"author":[{"embeddable":true,"href":"https:\/\/www.europesays.com\/pl\/wp-json\/wp\/v2\/users\/2"}],"replies":[{"embeddable":true,"href":"https:\/\/www.europesays.com\/pl\/wp-json\/wp\/v2\/comments?post=227081"}],"version-history":[{"count":0,"href":"https:\/\/www.europesays.com\/pl\/wp-json\/wp\/v2\/posts\/227081\/revisions"}],"wp:featuredmedia":[{"embeddable":true,"href":"https:\/\/www.europesays.com\/pl\/wp-json\/wp\/v2\/media\/227082"}],"wp:attachment":[{"href":"https:\/\/www.europesays.com\/pl\/wp-json\/wp\/v2\/media?parent=227081"}],"wp:term":[{"taxonomy":"category","embeddable":true,"href":"https:\/\/www.europesays.com\/pl\/wp-json\/wp\/v2\/categories?post=227081"},{"taxonomy":"post_tag","embeddable":true,"href":"https:\/\/www.europesays.com\/pl\/wp-json\/wp\/v2\/tags?post=227081"}],"curies":[{"name":"wp","href":"https:\/\/api.w.org\/{rel}","templated":true}]}}