{"id":227168,"date":"2026-01-27T06:56:13","date_gmt":"2026-01-27T06:56:13","guid":{"rendered":"https:\/\/www.europesays.com\/pl\/227168\/"},"modified":"2026-01-27T06:56:13","modified_gmt":"2026-01-27T06:56:13","slug":"wjechaly-trzy-furgonetki-i-zaczela-sie-egzekucja-nie-zyje-11-osob-przeglad-sportowy-onet","status":"publish","type":"post","link":"https:\/\/www.europesays.com\/pl\/227168\/","title":{"rendered":"Wjecha\u0142y trzy furgonetki i zacz\u0119\u0142a si\u0119 egzekucja. Nie \u017cyje 11 os\u00f3b &#8211; Przegl\u0105d Sportowy Onet"},"content":{"rendered":"<ol>\n<li><a href=\"https:\/\/news.google.com\/rss\/articles\/CBMiugFBVV95cUxOSVptbGRLWkxBQ1ZReTZqdEJCYVhGNDdrQzFRZ2x4QjhuRjNvR0xBOWJSN0xkVHdPcDY4cGc2anlKR0dBTUVzTmNnMEd6d0h5VWVkYWZYN2c1dWNDNE00dVJkVl8zOTNIbWk2a1lvdlc0OXhzbGwwYWJZVmZybGFDeE15emZZVWxVRGpOWEJwWV9ubFI3TGI4Q2cxQTgyVC1BYUVPa3VyZlZxNEVQU2h5cFdkN2hDZjFFbGc?oc=5\" target=\"_blank\" rel=\"nofollow noopener\">Wjecha\u0142y trzy furgonetki i zacz\u0119\u0142a si\u0119 egzekucja. Nie \u017cyje 11 os\u00f3b<\/a>&nbsp;&nbsp;Przegl\u0105d Sportowy Onet<\/li>\n<li><a href=\"https:\/\/news.google.com\/rss\/articles\/CBMimgFBVV95cUxPTlhoMVV5RjhUNGJDcUo3OWJLeTY5VE9fcFNTcmZNdC1hbmlNclZlUTNvMzdhUUhFUjhlQXJHUXB0YTBaVXQ1ZzdnWE5TOVBpVFY4U1JwZWZOOVZVaDFEQXVDRlBZUFRfbHA5M0NFV0FVZHFOWUpqaktET2FBNW53Tkd5czZVUHpxczk1eGRMY3Znc3pNTzBVdm5B?oc=5\" target=\"_blank\" rel=\"nofollow noopener\">Krwawy atak na boisku pi\u0142karskim. 11 os\u00f3b nie \u017cyje<\/a>&nbsp;&nbsp;TVN24<\/li>\n<li><a href=\"https:\/\/news.google.com\/rss\/articles\/CBMikwFBVV95cUxOTVZELWZuMHlITXZXY1c5U2lPN1JxRjE5N0tkVnNlMThfbjdnMnN4SGJvaUwyMFF4bmtUUFU4VXlsT3VBN1FEN0Z4SnNCejNxeGhqTzNHSHF5aUEtNDBMSXQtVjJLSmhrRnB5bW81QU1JbUppSkF1WjY5OEs1c0NoYVlzdlBZQ0pJMUMwUF9wR3VndzQ?oc=5\" target=\"_blank\" rel=\"nofollow noopener\">Strzelanina na stadionie. Nie \u017cyje 11 os\u00f3b<\/a>&nbsp;&nbsp;Meczyki.pl<\/li>\n<li><a href=\"https:\/\/news.google.com\/rss\/articles\/CBMiuwFBVV95cUxOd2p4X2RFYkIwT3JMOGlpUGZpa21DYUo4djQwQWVoZHRLcnpWQjAtT0xKcHZVWmo1Ylk1RWM3NzV6Smw1ZldSZGFWbHJacTVVaVFKckR6YmRBUGhlTmdNWGF5cGJMSWFrdzBEOHdwZjk3MDhBdEh1YkZQckNYUzZtTkVPaWdTOGNsSUM0SnVyZ0JvbXM2OTFPSXVNSDFaNmlvYmVZa1IzaFBhSXBPU0dXeno2VUhnNDdYZ0U4?oc=5\" target=\"_blank\" rel=\"nofollow noopener\">Strzelanina na boisku w Meksyku. &#8222;To by\u0142o prawdziwe piek\u0142o&#8221;<\/a>&nbsp;&nbsp;Fakt<\/li>\n<li><a href=\"https:\/\/news.google.com\/rss\/articles\/CBMilwFBVV95cUxPQTlqVHpUN1h2NlJKNkNQVURPNGRHX3hndGNTa1ZXUXpIN1lueGxMMUJDR0FzWGhlbmQ1VThnWEF5Zm9ES0puUGtCemJScENYNEt6dTlvbWUtR01GYTQtWENJMEI2Y1hRMVlDeldwSDBfbGRvU1F1ekFwSDZIMDRCSTlLU0pwSE5fa0c5bHVyRjZGTUNnNVBZ?oc=5\" target=\"_blank\" rel=\"nofollow noopener\">Masakra po meczu. Otworzyli ogie\u0144 do kibic\u00f3w<\/a>&nbsp;&nbsp;Sport.pl<\/li>\n<\/ol>\n","protected":false},"excerpt":{"rendered":"Wjecha\u0142y trzy furgonetki i zacz\u0119\u0142a si\u0119 egzekucja. Nie \u017cyje 11 os\u00f3b&nbsp;&nbsp;Przegl\u0105d Sportowy Onet Krwawy atak na boisku pi\u0142karskim.&hellip;\n","protected":false},"author":2,"featured_media":227169,"comment_status":"","ping_status":"","sticky":false,"template":"","format":"standard","meta":{"footnotes":"","_share_on_mastodon":"0"},"categories":[14],"tags":[32,33,27,67,41768,34,35,194,5721,28,31,25,948,40,41,136,128,47,80,29,30,26,4329,82,83,84],"class_list":["post-227168","post","type-post","status-publish","format-standard","has-post-thumbnail","category-swiat","tag-breaking-news","tag-breakingnews","tag-headlines","tag-intextvideo_splayer","tag-kartele","tag-latest-news","tag-latestnews","tag-maja","tag-meksyk","tag-naglowki","tag-najwazniejsze-artykuly","tag-news","tag-pilka_nozna","tag-polish","tag-polski","tag-ps_detal_new","tag-psv2","tag-screening_general","tag-swiat","tag-top-stories","tag-topstories","tag-wiadomosci","tag-wiadomosci_politics__news","tag-world","tag-world-news","tag-worldnews"],"share_on_mastodon":{"url":"https:\/\/pubeurope.com\/@pl\/115965761231119828","error":""},"_links":{"self":[{"href":"https:\/\/www.europesays.com\/pl\/wp-json\/wp\/v2\/posts\/227168","targetHints":{"allow":["GET"]}}],"collection":[{"href":"https:\/\/www.europesays.com\/pl\/wp-json\/wp\/v2\/posts"}],"about":[{"href":"https:\/\/www.europesays.com\/pl\/wp-json\/wp\/v2\/types\/post"}],"author":[{"embeddable":true,"href":"https:\/\/www.europesays.com\/pl\/wp-json\/wp\/v2\/users\/2"}],"replies":[{"embeddable":true,"href":"https:\/\/www.europesays.com\/pl\/wp-json\/wp\/v2\/comments?post=227168"}],"version-history":[{"count":0,"href":"https:\/\/www.europesays.com\/pl\/wp-json\/wp\/v2\/posts\/227168\/revisions"}],"wp:featuredmedia":[{"embeddable":true,"href":"https:\/\/www.europesays.com\/pl\/wp-json\/wp\/v2\/media\/227169"}],"wp:attachment":[{"href":"https:\/\/www.europesays.com\/pl\/wp-json\/wp\/v2\/media?parent=227168"}],"wp:term":[{"taxonomy":"category","embeddable":true,"href":"https:\/\/www.europesays.com\/pl\/wp-json\/wp\/v2\/categories?post=227168"},{"taxonomy":"post_tag","embeddable":true,"href":"https:\/\/www.europesays.com\/pl\/wp-json\/wp\/v2\/tags?post=227168"}],"curies":[{"name":"wp","href":"https:\/\/api.w.org\/{rel}","templated":true}]}}