{"id":227662,"date":"2026-01-27T11:37:08","date_gmt":"2026-01-27T11:37:08","guid":{"rendered":"https:\/\/www.europesays.com\/pl\/227662\/"},"modified":"2026-01-27T11:37:08","modified_gmt":"2026-01-27T11:37:08","slug":"michal-gramatyka-ostro-o-kampanii-w-polsce-2050-to-jest-podle","status":"publish","type":"post","link":"https:\/\/www.europesays.com\/pl\/227662\/","title":{"rendered":"Micha\u0142 Gramatyka ostro o kampanii w Polsce 2050: to jest pod\u0142e"},"content":{"rendered":"<p class=\"Paragraph_desktopParagraph__U31Gm\">W ubieg\u0142ym tygodniu polska polityka rozgorza\u0142a po tym, jak <a href=\"https:\/\/www.onet.pl\/informacje\/onetwiadomosci\/chaos-w-polsce-2050-trwa-ujawniamy-tajemniczy-czat-z-holownia\/esswe4l,79cfc278\" id=\"a09c7c86-453a-4e31-bc07-46b32187659a\" rel=\"nofollow noopener\" target=\"_blank\">w mediach opublikowane zosta\u0142y wiadomo\u015bci pochodz\u0105ce z zamkni\u0119tego czatu grupy polityk\u00f3w Polski 2050<\/a>. W\u015br\u00f3d wiadomo\u015bci, kt\u00f3re zosta\u0142y upublicznione, przeczyta\u0107 mo\u017cemy m.in. o tym, jak ministra kultury Marta Cienkowska pisze o &#8222;planowanym przewrocie&#8221; i radzi, by &#8222;je**\u0107 przychylne media&#8221;, bo &#8222;przynajmniej poka\u017cemy jaja&#8221;. Ministra od spo\u0142ecze\u0144stwa obywatelskiego Adriana Porowska proponowa\u0142a z kolei, by obwo\u0142a\u0107 Szymona Ho\u0142owni\u0119 kr\u00f3lem w partii.<\/p>\n<ul class=\"OchatFollowUps_wrapper__1ry7X\">\n<li class=\"OchatFollowUps_item__Dhyly OchatFollowUps_itemDesktop__R6aBv\">Jakie metody kampanii krytykuje Micha\u0142 Gramatyka?<\/li>\n<li class=\"OchatFollowUps_item__Dhyly OchatFollowUps_itemDesktop__R6aBv\">Kto wed\u0142ug Gramatyki jest odpowiedzialny za wyciek prywatnych rozm\u00f3w?<\/li>\n<li class=\"OchatFollowUps_item__Dhyly OchatFollowUps_itemDesktop__R6aBv\">Co mia\u0142o miejsce z powodu problem\u00f3w technicznych w Polsce 2050?<\/li>\n<li class=\"OchatFollowUps_item__Dhyly OchatFollowUps_itemDesktop__R6aBv\">Jakie pomys\u0142y omawiano w zamkni\u0119tym czacie polityk\u00f3w Polski 2050?<\/li>\n<\/ul>\n<p class=\"Paragraph_desktopParagraph__U31Gm\">Tymczasem<a href=\"https:\/\/wiadomosci.onet.pl\/tylko-w-onecie\/chaos-w-polsce-2050-holownia-zabiera-glos-i-mowi-o-kompromitacji\/3bfyypt\" id=\"e9bc0aba-ec64-4a3b-bb62-76e035ce19a5\" rel=\"nofollow noopener\" target=\"_blank\"> Polska 2050 wci\u0105\u017c nie wy\u0142oni\u0142a nowego lidera<\/a>, po tym, jak II tura wybor\u00f3w na przewodnicz\u0105cego partii zako\u0144czy\u0142a si\u0119 fiaskiem z powodu &#8222;problem\u00f3w technicznych&#8221;. G\u0142osowanie z 12 stycznia uniewa\u017cniono, a Rada Krajowa partii przyj\u0119\u0142a uchwa\u0142\u0119, zgodnie z kt\u00f3r\u0105 ponowne g\u0142osowanie odb\u0119dzie si\u0119 do 31 stycznia.<\/p>\n<p class=\"Paragraph_desktopParagraph__U31Gm\">\u2014 Metody, jakie stosowane s\u0105 w tej kampanii i to, jak ona jest prowadzona, budz\u0105 we mnie g\u0142\u0119bokie obrzydzenie. Ja po prostu tego nie akceptuj\u0119. Nie akceptuj\u0119 wynoszenia zrzut\u00f3w ekranu z prywatnych rozm\u00f3w, uderzania tym w ministr\u00f3w. Nie akceptuj\u0119 m\u00f3wienia, \u017ce &#8222;je\u017celi pani X wygra, to nie b\u0119dzie dla mnie miejsca w tej partii&#8221; \u2014 komentuje spraw\u0119 Micha\u0142 Gramatyka.<\/p>\n<p class=\"Paragraph_desktopParagraph__U31Gm\">\u2014 To jest dziecinne i nieodpowiedzialne. Tak si\u0119 mo\u017cna bawi\u0107 przy wyborach do samorz\u0105du szkolnego, ale nie do partii, kt\u00f3ra bierze wsp\u00f3\u0142odpowiedzialno\u015b\u0107 za sprawowanie w\u0142adzy w Polsce \u2014 komentuje polityk. \u2014 Wynoszenie screen\u00f3w jest pod\u0142e \u2014 dodaje.<\/p>\n<p>Gramatyka uderza w Leo <\/p>\n<p class=\"Paragraph_desktopParagraph__U31Gm\">Gramatyka uwa\u017ca, \u017ce &#8222;na grupie odbywa\u0142a si\u0119 dyskusja, co zrobi\u0107 z parti\u0105&#8221;. \u2014 To byli ludzie z jednej i drugiej strony tego sporu, kt\u00f3rzy byli g\u0142\u0119boko zaniepokojeni tym, jaki obr\u00f3t przyj\u0119\u0142a kampania wyborcza. Ta dyskusja odbywa\u0142a si\u0119 jeszcze przed naszymi wyborami i rzeczywi\u015bcie pad\u0142y tam pomys\u0142y, \u017ce mo\u017ce zrobi\u0107 inaczej i w obliczu tego, co si\u0119 dzieje, odwo\u0142a\u0107 si\u0119 do ojca za\u0142o\u017cyciela, czyli do Szymona Ho\u0142owni. Mo\u017ce jego autorytet jest w stanie przewa\u017cy\u0107 \u2014 m\u00f3wi polityk, podkre\u015blaj\u0105c, \u017ce &#8222;rozmowy, kt\u00f3re si\u0119 tam toczy\u0142y, by\u0142y rozmowami prywatnymi&#8221;.<\/p>\n<p class=\"Paragraph_desktopParagraph__U31Gm\">\u2014 Nie s\u0105dz\u0119, \u017ceby by\u0142o si\u0119 czym przejmowa\u0107, aczkolwiek warto si\u0119 przejmowa\u0107 tym, co b\u0119dzie dalej z Polsk\u0105 2050, bo to, co si\u0119 dzieje, to jest jaki\u015b dramat \u2014 dodaje Gramatyka.<\/p>\n<p class=\"Paragraph_desktopParagraph__U31Gm\">Wiceminister cyfryzacji wspomina te\u017c o tocz\u0105cych si\u0119 rozmowach, w kt\u00f3rych bior\u0105 udzia\u0142 Szymon Ho\u0142ownia, Paulina Hennig-Kloska i Katarzyna Pe\u0142czy\u0144ska-Na\u0142\u0119cz. \u2014 Um\u00f3wili\u015bmy, \u017ce nie b\u0119dziemy zdradza\u0107 niepotrzebnych szczeg\u00f3\u0142\u00f3w, nawet mi\u0119dzy sob\u0105, bo s\u0105 to na tyle delikatne rozmowy, \u017ce warto je trzyma\u0107 w tajemnicy, a w tej partii bardzo niewiele rzeczy potrafi si\u0119 utrzyma\u0107 w tajemnicy m.in. dzi\u0119ki pos\u0142ance Leo, ale nie tylko \u2014 komentuje Gramatyka.<\/p>\n<p class=\"Paragraph_desktopParagraph__U31Gm\">Dopytywany, czy ma pan pewno\u015b\u0107, \u017ce to Leo odpowiedzialna jest za wyciek prywatnych partyjnych korespondencji, polityk Polski 2050 odpowiada: &#8222;widzia\u0142em, jak na radzie krajowej pani pos\u0142anka wrzuci\u0142a te screeny. Wrzucenie tych screen\u00f3w tam i na grup\u0119 parlamentarzyst\u00f3w by\u0142o jednoznaczne z tym, \u017ce za chwil\u0119 one wyciekn\u0105 do medi\u00f3w&#8221;.<\/p>\n<p class=\"Paragraph_desktopParagraph__U31Gm\">\u2014 Jakim\u015b dziwnym przypadkiem te screeny s\u0105 tak dobrane, \u017ceby niszczy\u0107 wizerunek pani minister kultury Marty Cienkowskiej \u2014 zauwa\u017ca Gramatyka.<\/p>\n","protected":false},"excerpt":{"rendered":"W ubieg\u0142ym tygodniu polska polityka rozgorza\u0142a po tym, jak w mediach opublikowane zosta\u0142y wiadomo\u015bci pochodz\u0105ce z zamkni\u0119tego czatu&hellip;\n","protected":false},"author":2,"featured_media":227663,"comment_status":"","ping_status":"","sticky":false,"template":"","format":"standard","meta":{"footnotes":""},"categories":[12],"tags":[9557,32,33,36,37,27,34,35,18183,28,31,53,25,52,68,51,55,42,38,40,39,202,41,47,201,29,30,65,50,26],"class_list":{"0":"post-227662","1":"post","2":"type-post","3":"status-publish","4":"format-standard","5":"has-post-thumbnail","7":"category-polska","8":"tag-aleksandra_leo","9":"tag-breaking-news","10":"tag-breakingnews","11":"tag-featured-news","12":"tag-featurednews","13":"tag-headlines","14":"tag-latest-news","15":"tag-latestnews","16":"tag-michal_gramatyka","17":"tag-naglowki","18":"tag-najwazniejsze-artykuly","19":"tag-new_header","20":"tag-news","21":"tag-onet3","22":"tag-onet3d","23":"tag-onet3d_2i","24":"tag-phx","25":"tag-pl","26":"tag-poland","27":"tag-polish","28":"tag-polska","29":"tag-polska_2050","30":"tag-polski","31":"tag-screening_general","32":"tag-szymon_holownia_polityk_dziennikarz","33":"tag-top-stories","34":"tag-topstories","35":"tag-update_me","36":"tag-v2021","37":"tag-wiadomosci"},"share_on_mastodon":{"url":"https:\/\/pubeurope.com\/@pl\/115966865810387869","error":""},"_links":{"self":[{"href":"https:\/\/www.europesays.com\/pl\/wp-json\/wp\/v2\/posts\/227662","targetHints":{"allow":["GET"]}}],"collection":[{"href":"https:\/\/www.europesays.com\/pl\/wp-json\/wp\/v2\/posts"}],"about":[{"href":"https:\/\/www.europesays.com\/pl\/wp-json\/wp\/v2\/types\/post"}],"author":[{"embeddable":true,"href":"https:\/\/www.europesays.com\/pl\/wp-json\/wp\/v2\/users\/2"}],"replies":[{"embeddable":true,"href":"https:\/\/www.europesays.com\/pl\/wp-json\/wp\/v2\/comments?post=227662"}],"version-history":[{"count":0,"href":"https:\/\/www.europesays.com\/pl\/wp-json\/wp\/v2\/posts\/227662\/revisions"}],"wp:featuredmedia":[{"embeddable":true,"href":"https:\/\/www.europesays.com\/pl\/wp-json\/wp\/v2\/media\/227663"}],"wp:attachment":[{"href":"https:\/\/www.europesays.com\/pl\/wp-json\/wp\/v2\/media?parent=227662"}],"wp:term":[{"taxonomy":"category","embeddable":true,"href":"https:\/\/www.europesays.com\/pl\/wp-json\/wp\/v2\/categories?post=227662"},{"taxonomy":"post_tag","embeddable":true,"href":"https:\/\/www.europesays.com\/pl\/wp-json\/wp\/v2\/tags?post=227662"}],"curies":[{"name":"wp","href":"https:\/\/api.w.org\/{rel}","templated":true}]}}