{"id":228112,"date":"2026-01-27T15:57:07","date_gmt":"2026-01-27T15:57:07","guid":{"rendered":"https:\/\/www.europesays.com\/pl\/228112\/"},"modified":"2026-01-27T15:57:07","modified_gmt":"2026-01-27T15:57:07","slug":"radoslaw-sikorski-wyglosi-w-sejmie-expose-podal-termin-2","status":"publish","type":"post","link":"https:\/\/www.europesays.com\/pl\/228112\/","title":{"rendered":"Rados\u0142aw Sikorski wyg\u0142osi w Sejmie expose. Poda\u0142 termin"},"content":{"rendered":"<p class=\"ods-c-paragraph \">Minister Sikorski zaznaczy\u0142, \u017ce dokument przyj\u0119ty przez rz\u0105d jest niejawny, w zwi\u0105zku z czym przedstawi jedynie nag\u0142\u00f3wki dokumentu.<\/p>\n<ul class=\"ods-m-bullet-list\">\n<li class=\"ods-a-bullet ods-a-bullet--normal\"> Polska bezpieczna. <\/li>\n<li class=\"ods-a-bullet ods-a-bullet--normal\"> Wp\u0142ywowa Polska w silnej UE. <\/li>\n<li class=\"ods-a-bullet ods-a-bullet--normal\"> Polityka zagraniczna w s\u0142u\u017cbie rozwoju gospodarczego. <\/li>\n<li class=\"ods-a-bullet ods-a-bullet--normal\"> Polska aktywna globalnie i solidarna. <\/li>\n<li class=\"ods-a-bullet ods-a-bullet--normal\"> Profesjonalna s\u0142u\u017cba\u00a0zagraniczna jako warunek realizacji priorytet\u00f3w pa\u0144stwa. <\/li>\n<\/ul>\n<p class=\"ods-c-paragraph \">Rados\u0142aw Sikorski zaznaczy\u0142, \u017ce dokument trafi tak\u017ce do prezydenta Karola Nawrockiego. Nast\u0119pnie na jego podstawie powstanie expose, kt\u00f3re minister wyg\u0142osi w Sejmie najpewniej 11 lutego.<\/p>\n<p> Dalszy ci\u0105g artyku\u0142u pod materia\u0142em wideo    <\/p>\n<p> Kiedy Rados\u0142aw Sikorski wyg\u0142osi swoje expose? <\/p>\n<p> Jakie tematy zostan\u0105 poruszone w expose Sikorskiego? <\/p>\n<p> Czy dokument dotycz\u0105cy polityki zagranicznej jest jawny? <\/p>\n<p> Jak premier Tusk skomentowa\u0142 wyst\u0105pienie Sikorskiego? <\/p>\n<p>  Premier: wyst\u0105pienie szefa MSZ nie b\u0119dzie rutynowe<\/p>\n<p class=\"ods-c-paragraph \">Przed rozpocz\u0119ciem wtorkowego posiedzenia rz\u0105du premier Donald Tusk powiedzia\u0142, \u017ce czeka na coroczne wyst\u0105pienie Sikorskiego na temat za\u0142o\u017ce\u0144 polityki zagranicznej w nowym roku i \u2014 jak doda\u0142 \u2014 &#8222;z ca\u0142\u0105 pewno\u015bci\u0105&#8221; nie b\u0119dzie ono rutynowe.<\/p>\n<p class=\"ods-c-paragraph \">\u2014 Sytuacja jest \u2014 nie tylko wok\u00f3\u0142 Polski, ale w wymiarze globalnym \u2014 bardzo dynamiczna i ta niepewno\u015b\u0107 strategiczna, kt\u00f3ra towarzyszy nam od wielu, wielu miesi\u0119cy, wywo\u0142ana wojn\u0105 w Ukrainie, (&#8230;) tak\u017ce innymi dramatycznymi zdarzeniami, wymaga bardzo powa\u017cnej geopolitycznej refleksji i bardzo adekwatnego do rzeczywistych wyzwa\u0144 my\u015blenia o polskiej dyplomacji \u2014 powiedzia\u0142 premier.<\/p>\n<p class=\"ods-c-paragraph \">Podkre\u015bli\u0142, \u017ce nieprzypadkowo wszyscy w Polsce s\u0105 obecnie skoncentrowani na naszych relacjach mi\u0119dzynarodowych, zar\u00f3wno z pa\u0144stwami sojuszniczymi, jak i krajami stwarzaj\u0105cymi zagro\u017cenie.<\/p>\n<p class=\"ods-c-paragraph \">\u2014 Dzisiaj kwestia godno\u015bci pa\u0144stwa polskiego, godno\u015bci polskiego munduru sta\u0142a si\u0119 powa\u017cnym wyzwaniem te\u017c dyplomatycznym. B\u0119dziemy dzia\u0142a\u0107 w spos\u00f3b bardzo przemy\u015blany i odpowiedzialny, ale te\u017c stanowczy zawsze wtedy, kiedy czy polski interes narodowy, czy honor polskiego \u017co\u0142nierza b\u0119dzie w jakikolwiek spos\u00f3b nara\u017cony na szwank \u2014 o\u015bwiadczy\u0142 Tusk, odnosz\u0105c si\u0119 najpewniej do <a href=\"https:\/\/wiadomosci.onet.pl\/swiat\/donald-trump-wywolal-burze-slowami-o-zolnierzach-nato-polscy-weterani-reaguja\/vebm4lv\" id=\"a6a1dd1b-33a1-4876-8420-95518a8c7f67\" rel=\"nofollow noopener\" target=\"_blank\">s\u0142\u00f3w Donalda Trumpa na temat misji w Afganistanie, w kt\u00f3rej prezydent USA zdecydowanie zdeprecjonowa\u0142 wk\u0142ad sojusznik\u00f3w USA w te dzia\u0142ania.<\/a><\/p>\n","protected":false},"excerpt":{"rendered":"Minister Sikorski zaznaczy\u0142, \u017ce dokument przyj\u0119ty przez rz\u0105d jest niejawny, w zwi\u0105zku z czym przedstawi jedynie nag\u0142\u00f3wki dokumentu.&hellip;\n","protected":false},"author":2,"featured_media":228113,"comment_status":"","ping_status":"","sticky":false,"template":"","format":"standard","meta":{"footnotes":""},"categories":[5],"tags":[32,33,41918,36,37,27,43,49,34,35,28,31,48,25,46,42,38,40,39,41,1118,47,5485,29,30,26],"class_list":{"0":"post-228112","1":"post","2":"type-post","3":"status-publish","4":"format-standard","5":"has-post-thumbnail","7":"category-naglowki","8":"tag-breaking-news","9":"tag-breakingnews","10":"tag-expose","11":"tag-featured-news","12":"tag-featurednews","13":"tag-headlines","14":"tag-karol_nawrocki","15":"tag-kraj","16":"tag-latest-news","17":"tag-latestnews","18":"tag-naglowki","19":"tag-najwazniejsze-artykuly","20":"tag-nat_styl","21":"tag-news","22":"tag-omp","23":"tag-pl","24":"tag-poland","25":"tag-polish","26":"tag-polska","27":"tag-polski","28":"tag-radoslaw_sikorski","29":"tag-screening_general","30":"tag-sejm_rp","31":"tag-top-stories","32":"tag-topstories","33":"tag-wiadomosci"},"share_on_mastodon":{"url":"https:\/\/pubeurope.com\/@pl\/115967888246141390","error":""},"_links":{"self":[{"href":"https:\/\/www.europesays.com\/pl\/wp-json\/wp\/v2\/posts\/228112","targetHints":{"allow":["GET"]}}],"collection":[{"href":"https:\/\/www.europesays.com\/pl\/wp-json\/wp\/v2\/posts"}],"about":[{"href":"https:\/\/www.europesays.com\/pl\/wp-json\/wp\/v2\/types\/post"}],"author":[{"embeddable":true,"href":"https:\/\/www.europesays.com\/pl\/wp-json\/wp\/v2\/users\/2"}],"replies":[{"embeddable":true,"href":"https:\/\/www.europesays.com\/pl\/wp-json\/wp\/v2\/comments?post=228112"}],"version-history":[{"count":0,"href":"https:\/\/www.europesays.com\/pl\/wp-json\/wp\/v2\/posts\/228112\/revisions"}],"wp:featuredmedia":[{"embeddable":true,"href":"https:\/\/www.europesays.com\/pl\/wp-json\/wp\/v2\/media\/228113"}],"wp:attachment":[{"href":"https:\/\/www.europesays.com\/pl\/wp-json\/wp\/v2\/media?parent=228112"}],"wp:term":[{"taxonomy":"category","embeddable":true,"href":"https:\/\/www.europesays.com\/pl\/wp-json\/wp\/v2\/categories?post=228112"},{"taxonomy":"post_tag","embeddable":true,"href":"https:\/\/www.europesays.com\/pl\/wp-json\/wp\/v2\/tags?post=228112"}],"curies":[{"name":"wp","href":"https:\/\/api.w.org\/{rel}","templated":true}]}}