{"id":228187,"date":"2026-01-27T16:54:04","date_gmt":"2026-01-27T16:54:04","guid":{"rendered":"https:\/\/www.europesays.com\/pl\/228187\/"},"modified":"2026-01-27T16:54:04","modified_gmt":"2026-01-27T16:54:04","slug":"oficjalnie-ferrari-oglosilo-decyzje-ws-kubicy","status":"publish","type":"post","link":"https:\/\/www.europesays.com\/pl\/228187\/","title":{"rendered":"Oficjalnie. Ferrari og\u0142osi\u0142o decyzj\u0119 ws. Kubicy"},"content":{"rendered":"\n<p class=\"contentpart contentpart--default contentpart--text\" data-position=\"0\">We wtorkowe popo\u0142udnie <a href=\"https:\/\/sportowefakty.wp.pl\/wyscigi-samochodowe\/scuderia-ferrari\" rel=\"nofollow noopener\" target=\"_blank\">Ferrari<\/a>\u00a0wyda\u0142o komunikat, w kt\u00f3rym potwierdzi\u0142o, \u017ce <a href=\"https:\/\/sportowefakty.wp.pl\/rajdy-samochodowe\/robert-kubica\" rel=\"nofollow noopener\" target=\"_blank\">Robert Kubica<\/a>\u00a0sp\u0119dzi kolejny sezon d\u0142ugodystansowych mistrzostw \u015bwiata <a href=\"https:\/\/sportowefakty.wp.pl\/wyscigi-samochodowe\/wec\" rel=\"nofollow noopener\" target=\"_blank\">WEC<\/a>\u00a0za kierownic\u0105 modelu 499P. Polak ponownie b\u0119dzie si\u0119 \u015bciga\u0142 dla prywatnego zespo\u0142u <a href=\"https:\/\/sportowefakty.wp.pl\/wyscigi-samochodowe\/af-corse\" rel=\"nofollow noopener\" target=\"_blank\">AF Corse<\/a>\u00a0samochodem o numerze 83. Wraz z nim za\u0142og\u0119 tworzy\u0107 b\u0119d\u0105 <a href=\"https:\/\/sportowefakty.wp.pl\/wyscigi-samochodowe\/yifei-ye\" rel=\"nofollow noopener\" target=\"_blank\">Yifei Ye<\/a>\u00a0oraz <a href=\"https:\/\/sportowefakty.wp.pl\/wyscigi-samochodowe\/phil-hanson\" rel=\"nofollow noopener\" target=\"_blank\">Phil Hanson<\/a>. Wspomniana tr\u00f3jka przed rokiem wygra\u0142a <a href=\"https:\/\/sportowefakty.wp.pl\/moto\/le-mans\" rel=\"nofollow noopener\" target=\"_blank\">24h Le Mans<\/a>, a w nadchodz\u0105cej kampanii spr\u00f3buje powt\u00f3rzy\u0107 ten sukces.<\/p>\n<p class=\"contentpart contentpart--default contentpart--text\" data-position=\"1\">&#8222;Dla Kubicy i Ye b\u0119dzie to trzeci sezon z rz\u0119du za kierownic\u0105 \u017c\u00f3\u0142tego Ferrari 499P, a Hanson, kt\u00f3ry niedawno zosta\u0142 fabrycznym kierowc\u0105 Ferrari, b\u0119dzie kontynuowa\u0142 wsp\u00f3\u0142prac\u0119 rozpocz\u0119t\u0105 w 2025 roku&#8221; &#8211; napisano w komunikacie W\u0142och\u00f3w.<\/p>\n<p>  <img decoding=\"async\" src=\"https:\/\/v.wpimg.pl\/X3dwLnN2d1IFFTpdYUl6R0ZNbgcnEHQREVV2TGEGbUtRT2MdOlZ2RBQUKABgQjQcDRotCStBd1IAAWMeIlM7VgwYIAorQAdEFFk_GCkQJQ\" alt=\"\" width=\"45\" height=\"58\" loading=\"lazy\"\/>  <\/p>\n<p class=\"contentpart contentpart--default contentpart--text\" data-position=\"2\">ZOBACZ WIDEO: Ewa Pajor wyr\u00f3\u017cniona. Nie mia\u0142a sobie r\u00f3wnych!<\/p>\n<p class=\"contentpart contentpart--default contentpart--text\" data-position=\"4\">Nie jest tajemnic\u0105, \u017ce g\u0142\u00f3wnym planem Kubicy by\u0142 awans do jednej z fabrycznych za\u0142\u00f3g Ferrari (numer 50 i 51), ale ju\u017c pod koniec sezonu 2025 ten scenariusz okaza\u0142 si\u0119 nierealny. W\u0142osi postanowili bowiem przed\u0142u\u017cy\u0107 umowy z wszystkimi sze\u015bcioma kierowcami, kt\u00f3rzy tworz\u0105 obsad\u0119 fabrycznych samochod\u00f3w.<\/p>\n<p class=\"contentpart contentpart--default contentpart--text\" data-position=\"5\">Zgodnie z regulaminem WEC, samochody fabryczne i prywatne musz\u0105 posiada\u0107 tak\u0105 sam\u0105 specyfikacj\u0119 i reprezentowanie barw za\u0142ogi AF Corse numer 83 nie przeszkadza Kubicy w walce o czo\u0142owe lokaty w mistrzostwach \u015bwiata. Jednak ubieg\u0142y sezon pokaza\u0142, \u017ce w wielu sytuacjach Ferrari nadaje priorytetowy status swoim fabrycznym za\u0142ogom, chocia\u017cby przez dob\u00f3r lepszej strategii i polecenia zespo\u0142owe.<\/p>\n<p class=\"contentpart contentpart--default contentpart--text\" data-position=\"6\">Kubica w tej chwili jest jedynym niefabrycznym kierowc\u0105 Ferrari w\u015br\u00f3d za\u0142\u00f3g 50, 51 i 83, co r\u00f3wnie\u017c jest do\u015b\u0107 nietypowe. Ma to zwi\u0105zek m.in. z konfliktem interes\u00f3w wok\u00f3\u0142 sponsor\u00f3w. Fabryczne za\u0142ogi i kierowcy sponsorowani s\u0105 przez Shella, kt\u00f3ry jest jednym z g\u0142\u00f3wnych partner\u00f3w W\u0142och\u00f3w w WEC, podczas gdy 41-latek z Polski jest zwi\u0105zany indywidualn\u0105 umow\u0105 z Orlenem.<\/p>\n<p>  <img decoding=\"async\" src=\"https:\/\/v.wpimg.pl\/X3dwLnN2d1IFFTpdYUl6R0ZNbgcnEHQREVV2TGEGbUtRT2MdOlZ2RBQUKABgQjQcDRotCStBd1IAAWMeIlM7VgwYIAorQAdEFFk_GCkQJQ\" alt=\"\" width=\"45\" height=\"58\" loading=\"lazy\"\/>  <\/p>\n<p class=\"contentpart contentpart--default contentpart--text\" data-position=\"7\">Brak wsparcia ze strony fabryki Ferrari w zesz\u0142ym roku nie przeszkodzi\u0142 Kubicy w wygraniu 24h Le Mans, jak r\u00f3wnie\u017c walce o tytu\u0142 d\u0142ugodystansowego mistrza \u015bwiata WEC. Ostatecznie Polak wraz z Ye i Hansonem zako\u0144czy\u0142 rywalizacj\u0119 na drugim miejscu w cyklu.<\/p>\n<p class=\"contentpart contentpart--default contentpart--text\" data-position=\"8\">&#8222;W zesz\u0142ym roku za\u0142oga numer 83 odnios\u0142a zwyci\u0119stwo w klasyfikacji generalnej 24h Le Mans, co by\u0142o wisienk\u0105 na torcie w sezonie, w kt\u00f3rym za\u0142oga wygra\u0142a wszystkie wy\u015bcigi w Pucharze \u015awiata FIA dla ekip Hypercar (klasyfikacja zespo\u0142\u00f3w prywatnych &#8211; dop. aut.) i zaj\u0119\u0142a drugie miejsce w klasyfikacji generalnej mistrzostw \u015bwiata&#8221; &#8211; podkre\u015blono w komunikacie W\u0142och\u00f3w.<\/p>\n<p class=\"contentpart contentpart--default contentpart--text\" data-position=\"9\">Na decyzj\u0119 Kubicy o pozostaniu w prywatnym AF Corse najpewniej wp\u0142yn\u0105\u0142 fakt, \u017ce w innych konkurencyjnych za\u0142ogach WEC nie by\u0142o wolnych miejsc. Z rywalizacji w d\u0142ugodystansowych mistrzostw \u015bwiata wycofa\u0142o si\u0119 <a href=\"https:\/\/sportowefakty.wp.pl\/wyscigi-samochodowe\/porsche\" rel=\"nofollow noopener\" target=\"_blank\">Porsche<\/a>, a dysponuj\u0105ca konkurencyjnym autem <a href=\"https:\/\/sportowefakty.wp.pl\/wyscigi-samochodowe\/toyota-gazoo-racing\" rel=\"nofollow noopener\" target=\"_blank\">Toyota<\/a>\u00a0r\u00f3wnie\u017c nie przewidywa\u0142a roszad w sk\u0142adzie. Dlatego wyb\u00f3r prywatnego Ferrari wydaje si\u0119 najlogiczniejszy w kontek\u015bcie walki o kolejn\u0105 wygran\u0105 w 24h Le Mans.<\/p>\n<p>  <img decoding=\"async\" src=\"https:\/\/v.wpimg.pl\/X3dwLnN2d1IFFTpdYUl6R0ZNbgcnEHQREVV2TGEGbUtRT2MdOlZ2RBQUKABgQjQcDRotCStBd1IAAWMeIlM7VgwYIAorQAdEFFk_GCkQJQ\" alt=\"\" width=\"45\" height=\"58\" loading=\"lazy\"\/>   <\/p>\n","protected":false},"excerpt":{"rendered":"We wtorkowe popo\u0142udnie Ferrari\u00a0wyda\u0142o komunikat, w kt\u00f3rym potwierdzi\u0142o, \u017ce Robert Kubica\u00a0sp\u0119dzi kolejny sezon d\u0142ugodystansowych mistrzostw \u015bwiata WEC\u00a0za kierownic\u0105&hellip;\n","protected":false},"author":2,"featured_media":228188,"comment_status":"","ping_status":"","sticky":false,"template":"","format":"standard","meta":{"footnotes":""},"categories":[24],"tags":[6752,2892,42,38,40,39,41,6750,127,126,750,6751,2902],"class_list":{"0":"post-228187","1":"post","2":"type-post","3":"status-publish","4":"format-standard","5":"has-post-thumbnail","7":"category-sport","8":"tag-af-corse","9":"tag-ferrari","10":"tag-pl","11":"tag-poland","12":"tag-polish","13":"tag-polska","14":"tag-polski","15":"tag-robert-kubica","16":"tag-sport","17":"tag-sports","18":"tag-sporty-motorowe","19":"tag-wec","20":"tag-wyscigi-samochodowe"},"share_on_mastodon":{"url":"","error":""},"_links":{"self":[{"href":"https:\/\/www.europesays.com\/pl\/wp-json\/wp\/v2\/posts\/228187","targetHints":{"allow":["GET"]}}],"collection":[{"href":"https:\/\/www.europesays.com\/pl\/wp-json\/wp\/v2\/posts"}],"about":[{"href":"https:\/\/www.europesays.com\/pl\/wp-json\/wp\/v2\/types\/post"}],"author":[{"embeddable":true,"href":"https:\/\/www.europesays.com\/pl\/wp-json\/wp\/v2\/users\/2"}],"replies":[{"embeddable":true,"href":"https:\/\/www.europesays.com\/pl\/wp-json\/wp\/v2\/comments?post=228187"}],"version-history":[{"count":0,"href":"https:\/\/www.europesays.com\/pl\/wp-json\/wp\/v2\/posts\/228187\/revisions"}],"wp:featuredmedia":[{"embeddable":true,"href":"https:\/\/www.europesays.com\/pl\/wp-json\/wp\/v2\/media\/228188"}],"wp:attachment":[{"href":"https:\/\/www.europesays.com\/pl\/wp-json\/wp\/v2\/media?parent=228187"}],"wp:term":[{"taxonomy":"category","embeddable":true,"href":"https:\/\/www.europesays.com\/pl\/wp-json\/wp\/v2\/categories?post=228187"},{"taxonomy":"post_tag","embeddable":true,"href":"https:\/\/www.europesays.com\/pl\/wp-json\/wp\/v2\/tags?post=228187"}],"curies":[{"name":"wp","href":"https:\/\/api.w.org\/{rel}","templated":true}]}}