{"id":228207,"date":"2026-01-27T17:06:07","date_gmt":"2026-01-27T17:06:07","guid":{"rendered":"https:\/\/www.europesays.com\/pl\/228207\/"},"modified":"2026-01-27T17:06:07","modified_gmt":"2026-01-27T17:06:07","slug":"podwojne-alerty-imgw-dla-sporej-czesci-polski-niespokojne-godziny-w-pogodzie-onet","status":"publish","type":"post","link":"https:\/\/www.europesays.com\/pl\/228207\/","title":{"rendered":"Podw\u00f3jne alerty IMGW dla sporej cz\u0119\u015bci Polski. Niespokojne godziny w pogodzie &#8211; Onet"},"content":{"rendered":"<ol>\n<li><a href=\"https:\/\/news.google.com\/rss\/articles\/CBMi1gFBVV95cUxQTXh1ay1ZLVJLcVV3S3FvQmdlSHpFeWNBQ1o1QURFTnh3TEpNZFN5QkNUM3djTURUVkpBM2FVRmtUd1h6RHNSWTViSERXanlWLThwbjJRVllGVWdlRl95ZnRvUnI0RlRBRDdZT2dLZzFsT2pLaENEUUxJQXU0X05IejRwbkRDYUtXelU0bjIyT1dGUVhRbVVaSWhlY0JmYWdRdVZRQXRoTG8wRWQ0VzV1b1JRYmNHSHBBOERLbFhPOGZ3ZmZtd2NqbWNzY1F3UjJaTlByc3lB?oc=5\" target=\"_blank\" rel=\"nofollow noopener\">Podw\u00f3jne alerty IMGW dla sporej cz\u0119\u015bci Polski. Niespokojne godziny w pogodzie<\/a>&nbsp;&nbsp;Onet<\/li>\n<li><a href=\"https:\/\/news.google.com\/rss\/articles\/CBMipgFBVV95cUxPdGNWMGFaOVJpQkVvQWpvZjkyYnpBd1lheDZpRVo4bVZUci1qOGExWTUxdXU2bDFtSTQzUWV2N0F0RVUwRXZkMEYzQ1ZOOUVvUlVxYWF0d2xVVjVoM0hPazZGaWJYVS1xczhCNFNSMW9YLUNDc2xlZWxVYm1JeUtoNFZyZTlyblZzOGVRRHJlaW5VaUc4ZE85SERYbnlSUVhBNU5WRTdR?oc=5\" target=\"_blank\" rel=\"nofollow noopener\">Lodowisko na drogach i chodnikach. IMGW nie ma dobrych wie\u015bci<\/a>&nbsp;&nbsp;WP Wiadomo\u015bci<\/li>\n<li><a href=\"https:\/\/news.google.com\/rss\/articles\/CBMirwFBVV95cUxNbTRPclpjNVRnc0p3WDBZTUVFa0NXSTFseTVZOC1GelpSMHd0eXlONEJnS2R3Tmw1a0dHQ21LcGVaY2RydC1oc2llVEppRDNnQUQ4ek9GczNfdTFpYnVYNFJ3WW5xTUNJUUtFVU5kcW9QaGllNGRTREItNW5sVHBEU2ZjbGd0TkhieFd3WnZuSkc1VUZIVjRmQXk3MjJNSzl6VXdMcm16YW1vRTF0Qktn?oc=5\" target=\"_blank\" rel=\"nofollow noopener\">Alert RCB przed siln\u0105 go\u0142oledzi\u0105. &#8222;Je\u015bli mo\u017cesz, zosta\u0144 w domu&#8221;<\/a>&nbsp;&nbsp;Onet Wiadomo\u015bci<\/li>\n<li><a href=\"https:\/\/news.google.com\/rss\/articles\/CBMitAFBVV95cUxNNXZoMHBvaXNZeWxRUnEyZnBxczBWa1c5bzRmaDVuWkdSVGxWYUNzRGJ0dUNYMHNXQ243bkxjSnM3a1lLQUF3V0hpM2llLXIyenBEU09QQ1d1X1B3TGc2RlNMTzYxZ0hUaWJGek9sRmVPNE1xMUwtMjd0ZTJhczRNYTJfc1dhZVpURENEZnNISnZnX3ZEVWN5eVVLckc5STd3ZUcxQVZDNHRXMWhVSjNIaUV3c0I?oc=5\" target=\"_blank\" rel=\"nofollow noopener\">Polska szykuje si\u0119 na mr\u00f3z do -20 stopni. To jeszcze nie koniec niespodzianek<\/a>&nbsp;&nbsp;Fakt<\/li>\n<li><a href=\"https:\/\/news.google.com\/rss\/articles\/CBMivwFBVV95cUxPYjdGdm1mVjJ1OGo1dUwwbmp0eFU0WkJTQXJ2ekdWblVKS1F3MU1wNV9pYmRkUWh4cEhPdGJxNTNMNGM5MmdneDdyZUNROVQ1ZVotVXpKMHRrbFpwMnB5TEJxSUdoV3A4MFkyUWpVQk5mclZYRTZPN3VnQWxBeXpUdGpoU0tVdjdqRU8wY2RrVldjZUEtOV9tenR2WjFmUEV0VTk2dks5dGpnMlRjNmlTeDQwcXNCTG1Iako3anlTMA?oc=5\" target=\"_blank\" rel=\"nofollow noopener\">Zamkni\u0119te szko\u0142y, odwo\u0142ane poci\u0105gi i ostrze\u017cenia pogodowe. Odprawa w MSWiA ws. pogody<\/a>&nbsp;&nbsp;PolsatNews.pl<\/li>\n<\/ol>\n","protected":false},"excerpt":{"rendered":"Podw\u00f3jne alerty IMGW dla sporej cz\u0119\u015bci Polski. Niespokojne godziny w pogodzie&nbsp;&nbsp;Onet Lodowisko na drogach i chodnikach. IMGW nie&hellip;\n","protected":false},"author":2,"featured_media":228208,"comment_status":"","ping_status":"","sticky":false,"template":"","format":"standard","meta":{"footnotes":"","_share_on_mastodon":"0"},"categories":[12],"tags":[32,33,36,37,23120,27,67,34,35,10372,28,31,53,25,25308,52,68,51,16382,55,42,78,38,40,39,41,47,29,30,65,50,26],"class_list":["post-228207","post","type-post","status-publish","format-standard","has-post-thumbnail","category-polska","tag-breaking-news","tag-breakingnews","tag-featured-news","tag-featurednews","tag-gololedz","tag-headlines","tag-intextvideo_splayer","tag-latest-news","tag-latestnews","tag-mgla","tag-naglowki","tag-najwazniejsze-artykuly","tag-new_header","tag-news","tag-oblodzenie","tag-onet3","tag-onet3d","tag-onet3d_2i","tag-ostrzezenia_imgw","tag-phx","tag-pl","tag-pogoda","tag-poland","tag-polish","tag-polska","tag-polski","tag-screening_general","tag-top-stories","tag-topstories","tag-update_me","tag-v2021","tag-wiadomosci"],"share_on_mastodon":{"url":"https:\/\/pubeurope.com\/@pl\/115968159406188188","error":""},"_links":{"self":[{"href":"https:\/\/www.europesays.com\/pl\/wp-json\/wp\/v2\/posts\/228207","targetHints":{"allow":["GET"]}}],"collection":[{"href":"https:\/\/www.europesays.com\/pl\/wp-json\/wp\/v2\/posts"}],"about":[{"href":"https:\/\/www.europesays.com\/pl\/wp-json\/wp\/v2\/types\/post"}],"author":[{"embeddable":true,"href":"https:\/\/www.europesays.com\/pl\/wp-json\/wp\/v2\/users\/2"}],"replies":[{"embeddable":true,"href":"https:\/\/www.europesays.com\/pl\/wp-json\/wp\/v2\/comments?post=228207"}],"version-history":[{"count":0,"href":"https:\/\/www.europesays.com\/pl\/wp-json\/wp\/v2\/posts\/228207\/revisions"}],"wp:featuredmedia":[{"embeddable":true,"href":"https:\/\/www.europesays.com\/pl\/wp-json\/wp\/v2\/media\/228208"}],"wp:attachment":[{"href":"https:\/\/www.europesays.com\/pl\/wp-json\/wp\/v2\/media?parent=228207"}],"wp:term":[{"taxonomy":"category","embeddable":true,"href":"https:\/\/www.europesays.com\/pl\/wp-json\/wp\/v2\/categories?post=228207"},{"taxonomy":"post_tag","embeddable":true,"href":"https:\/\/www.europesays.com\/pl\/wp-json\/wp\/v2\/tags?post=228207"}],"curies":[{"name":"wp","href":"https:\/\/api.w.org\/{rel}","templated":true}]}}