{"id":228298,"date":"2026-01-27T18:02:17","date_gmt":"2026-01-27T18:02:17","guid":{"rendered":"https:\/\/www.europesays.com\/pl\/228298\/"},"modified":"2026-01-27T18:02:17","modified_gmt":"2026-01-27T18:02:17","slug":"marznace-opady-paralizuja-czesc-polski-setki-szkol-odwoluje-zajecia","status":"publish","type":"post","link":"https:\/\/www.europesays.com\/pl\/228298\/","title":{"rendered":"Marzn\u0105ce opady parali\u017cuj\u0105 cz\u0119\u015b\u0107 Polski. Setki szk\u00f3\u0142 odwo\u0142uje zaj\u0119cia"},"content":{"rendered":"<p class=\"ods-c-paragraph \">Z powodu trudnych warunk\u00f3w pogodowych, opad\u00f3w marzn\u0105cego deszczu w poniedzia\u0142ek odwo\u0142ano lekcje m.in. w Szczecinie, Stargardzie, \u015awinouj\u015bciu, Gryfinie, Bia\u0142ogardzie, \u0141obzie, Drawsku, Gryficach \u2014 poinformowa\u0142 Zachodniopomorski Urz\u0105d Wojew\u00f3dzki. W sumie zamkni\u0119tych zosta\u0142o ponad 50 plac\u00f3wek.<\/p>\n<p class=\"ods-c-paragraph \">Podobn\u0105 decyzj\u0119 podj\u0119\u0142y te\u017c m.in. w\u0142adze \u015awinouj\u015bcia, Miros\u0142awca (woj. zachodniopomorskie) oraz Gniezna i Swarz\u0119dza (woj. wielkopolskie). Powa\u017cne problemy z go\u0142oledzi\u0105 odnotowuj\u0105 kolejne gminy w r\u00f3\u017cnych cz\u0119\u015bciach Polski. W woj. mazowieckim obowi\u0105zuj\u0105 alerty I stopnia przed opadami marzn\u0105cymi na terenie powiat\u00f3w: makowskiego, ostro\u0142\u0119ckiego i Ostro\u0142\u0119ki, ostrowskiego, przasnyskiego, m\u0142awskiego, \u017curomi\u0144skiego.<\/p>\n<p class=\"ods-c-paragraph \">Karolina Adamska z Kuratorium O\u015bwiaty w Poznaniu w rozmowie z PAP m\u00f3wi, \u017ce 245 szk\u00f3\u0142 podstawowych i ponadpodstawowych w ca\u0142ej Wielkopolsce odwo\u0142a\u0142o w poniedzia\u0142ek zaj\u0119cia. Wi\u0119kszo\u015b\u0107 plac\u00f3wek odwo\u0142a\u0142a zaj\u0119cia na ca\u0142y dzie\u0144, cz\u0119\u015b\u0107 odwo\u0142a\u0142a tylko pierwsze 2-3 lekcje.<\/p>\n<p class=\"ods-c-paragraph \">R\u00f3wnie\u017c lubuska policja ostrzega, \u017ce na drogach regionu panuj\u0105 bardzo trudne warunki. Marzn\u0105ce opady powoduj\u0105 powstawanie go\u0142oledzi, przez co nawierzchnia staje si\u0119 wyj\u0105tkowo \u015bliska i nieprzewidywalna. Najtrudniejsza sytuacja jest na drogach wojew\u00f3dzkich i ni\u017cszych kategorii.<\/p>\n<p class=\"ods-c-paragraph \">Rodzice, kt\u00f3rzy nie mog\u0105 zapewni\u0107 dzieciom opieki, mog\u0105 jednak skorzysta\u0107 z pomocy plac\u00f3wek \u2014 wszystkie jednostki zapewniaj\u0105 bowiem funkcj\u0119 opieku\u0144czo-wychowawcz\u0105.<\/p>\n<p>  Dalszy ci\u0105g artyku\u0142u pod materia\u0142em wideo    <\/p>\n<p> Kt\u00f3re miasta maj\u0105 odwo\u0142ane lekcje? <\/p>\n<p> Jaka jest przyczyna trudnych warunk\u00f3w na drogach? <\/p>\n<p> Ile szk\u00f3\u0142 odwo\u0142a\u0142o zaj\u0119cia w Wielkopolsce? <\/p>\n<p> Jakie poci\u0105gi s\u0105 op\u00f3\u017anione lub odwo\u0142ane? <\/p>\n<p>  Marzn\u0105ce opady parali\u017cuj\u0105 cz\u0119\u015b\u0107 Polski<\/p>\n<p class=\"ods-c-paragraph \">Mieszka\u0144cy musz\u0105 przygotowa\u0107 si\u0119 na spore utrudnienia w funkcjonowaniu instytucji publicznych oraz komunikacji zbiorowej. Fatalna sytuacja pogodowa wp\u0142yn\u0119\u0142a r\u00f3wnie\u017c na harmonogram prac porz\u0105dkowych.<\/p>\n<p class=\"ods-c-paragraph \">Przedsi\u0119biorstwo Us\u0142ug Komunalnych Sp\u00f3\u0142ka z o.o. w Gryfinie poinformowa\u0142o, \u017ce wy\u015ble \u015bmieciarki na trasy dopiero, gdy pogoda ulegnie poprawie.<\/p>\n<p class=\"ods-c-paragraph \">Oblodzenie ulic i chodnik\u00f3w utrudnia ruch w wielu miejscach. Pojazdy komunikacji miejskiej maj\u0105 du\u017ce op\u00f3\u017anienia, skrzy\u017cowania s\u0105 zakorkowane. &#8222;Policjanci apeluj\u0105 o rozwag\u0119 i w miar\u0119 mo\u017cliwo\u015bci nieporuszanie si\u0119 samochodami&#8221; \u2014 podano w komunikacie KWP Szczecin.<\/p>\n<p class=\"ods-c-paragraph \">Generalna Dyrekcja Dr\u00f3g Krajowych i Autostrad poinformowa\u0142a, \u017ce na g\u0142\u00f3wne drogi w regionie zachodniopomorskim sprz\u0119t zimowego utrzymania wyje\u017cd\u017ca\u0142 w nocy 125 razy, zu\u017cywaj\u0105c 412 ton soli. &#8222;Intensywna praca ci\u0105gle trwa. Opady marzn\u0105cego deszczu i \u015bniegu z deszczem mog\u0105 utrzymywa\u0107 si\u0119 r\u00f3wnie\u017c w ci\u0105gu dnia. Nale\u017cy zachowa\u0107 szczeg\u00f3ln\u0105 ostro\u017cno\u015b\u0107 na drogach&#8221; \u2014 przekaza\u0142 dy\u017curny GDDKiA w Szczecinie.<\/p>\n<p class=\"ods-c-paragraph \">Wed\u0142ug prognoz, bardzo trudne warunki drogowe b\u0119d\u0105 co najmniej przez kilkana\u015bcie godzin. W dzie\u0144 temperatura wzro\u015bnie do 1 st. C. Wieczorem i w nocy spadnie minimalnie poni\u017cej zera.<\/p>\n<p class=\"ods-c-paragraph \">W\u0142adze apeluj\u0105 do wszystkich mieszka\u0144c\u00f3w o zachowanie szczeg\u00f3lnej ostro\u017cno\u015bci. S\u0142u\u017cby prosz\u0105 r\u00f3wnie\u017c, aby w miar\u0119 mo\u017cliwo\u015bci ograniczy\u0107 wychodzenie z dom\u00f3w do niezb\u0119dnego minimum, dop\u00f3ki oblodzenie nie ust\u0105pi.<\/p>\n<p> Go\u0142oled\u017a parali\u017cuje ruch na kolei<\/p>\n<p class=\"ods-c-paragraph \">Z powodu z\u0142ych warunk\u00f3w atmosferycznych poci\u0105gi PKP Intercity mog\u0105 by\u0107 op\u00f3\u017anione lub odwo\u0142ane \u2014 poda\u0142 przewo\u017anik. Doda\u0142, \u017ce wprowadzono wzajemne honorowanie bilet\u00f3w w PKP Intercity, Kolejach Dolno\u015bl\u0105skich, Polregio, Kolejach Wielkopolskich i Kolejach Mazowieckich.<\/p>\n<p class=\"ods-c-paragraph \">&#8222;W dniu 26.01.2026 r. w zwi\u0105zku z oblodzeniem sieci trakcyjnej spowodowanym opadami marzn\u0105cego deszczu poci\u0105gi PKP Intercity mog\u0105 doznawa\u0107 wysokich op\u00f3\u017anie\u0144 lub zosta\u0107 odwo\u0142ane&#8221; \u2014 przekaza\u0142 przewo\u017anik w komunikacie. Wstrzymano ruch poci\u0105g\u00f3w na kilku odcinkach: Pozna\u0144 G\u0142\u00f3wny \u2014 Frankfurt\/Oder w obu kierunkach; Pozna\u0144 G\u0142\u00f3wny \u2014 Wroc\u0142aw G\u0142\u00f3wny w obu kierunkach; Rzepin \u2014 Szczecin G\u0142\u00f3wny obu kierunkach; Pozna\u0144 G\u0142\u00f3wny \u2014 Szczecin G\u0142\u00f3wny obu kierunkach.<\/p>\n<p class=\"ods-c-paragraph \">Jednocze\u015bnie zmieniona zostanie organizacja ruchu kilku poci\u0105g\u00f3w. Np. IC nr 83106\/7 &#8222;OSTERWA&#8221; relacji Szczecin G\u0142\u00f3wny \u2014 Zakopane zosta\u0142 odwo\u0142any na odcinku Szczecin D\u0105bie \u2014 Zakopane, a IC nr 8034\/5 &#8222;ZAMOYSKI&#8221; relacji Ko\u0142obrzeg \u2014 Pi\u0142a G\u0142\u00f3wna zosta\u0142 odwo\u0142any na ca\u0142ej trasie. Odwo\u0142ano te\u017c poci\u0105g IC nr 58103\/2 &#8222;\u017bU\u0141AWY&#8221; relacji Olsztyn G\u0142\u00f3wny \u2014 Szczecin G\u0142\u00f3wny na odcinku Gdynia G\u0142\u00f3wna \u2014 Szczecin G\u0142\u00f3wny; podr\u00f3\u017cnym umo\u017cliwiono przejazd t\u0105 tras\u0105 poci\u0105giem IC nr 58105\/4 &#8222;BRYZA&#8221; relacji Olsztyn G\u0142\u00f3wny \u2014 Szczecin G\u0142\u00f3wny. Okr\u0119\u017cn\u0105 drog\u0105 przewo\u017anik skierowa\u0142 sk\u0142ad IC nr 6502\/3 &#8222;MAMRY&#8221; relacji Wroc\u0142aw G\u0142\u00f3wny \u2014 Olsztyn G\u0142\u00f3wny. Pojedzie on przez Krotoszyn, Ostr\u00f3w Wielkopolski, Jarocin z pomini\u0119ciem postoj\u00f3w na kilku stacjach. W ca\u0142ej relacji odwo\u0142any zosta\u0142 poci\u0105g IC nr 6504\/5 &#8222;MIESZKO&#8221; ze stacji Wroc\u0142aw G\u0142\u00f3wny do stacji Gdynia G\u0142\u00f3wna, a na odcinku Wroc\u0142aw G\u0142\u00f3wny \u2014 Gdynia G\u0142\u00f3wna odwo\u0142ano poci\u0105g IC nr 4510\/1 &#8222;HEWELIUSZ&#8221; relacji Katowice \u2014 Gdynia G\u0142owna. Podr\u00f3\u017cni na odcinku Pozna\u0144 G\u0142\u00f3wny \u2014 Wroc\u0142aw G\u0142\u00f3wny nie pojad\u0105 sk\u0142adem EIC nr 1610\/1 &#8222;VIADRINA&#8221; relacji Warszawa Wschodnia \u2014 Wroc\u0142aw G\u0142\u00f3wny; przejazd ma by\u0107 umo\u017cliwiony kolejnymi poci\u0105gami rejsowymi.<\/p>\n<p class=\"ods-c-paragraph \">Firma przekaza\u0142a, \u017ce klienci maj\u0105 prawo do zg\u0142oszenia reklamacji \u2014 za po\u015brednictwem formularza reklamacyjnego, kt\u00f3ry jest na stronie internetowej, w dowolnej kasie biletowej oznaczonej logotypem PKP Intercity oraz przesy\u0142k\u0105 pocztow\u0105 na adres: PKP Intercity S.A. Centrala Sp\u00f3\u0142ki, Al. Jerozolimskie 142 A, 02-305 Warszawa.<\/p>\n","protected":false},"excerpt":{"rendered":"Z powodu trudnych warunk\u00f3w pogodowych, opad\u00f3w marzn\u0105cego deszczu w poniedzia\u0142ek odwo\u0142ano lekcje m.in. w Szczecinie, Stargardzie, \u015awinouj\u015bciu, Gryfinie,&hellip;\n","protected":false},"author":2,"featured_media":228299,"comment_status":"","ping_status":"","sticky":false,"template":"","format":"standard","meta":{"footnotes":""},"categories":[12],"tags":[32,33,36,37,23120,11058,27,34,35,6987,28,31,48,25,46,42,78,38,40,39,41,47,2307,29,30,26],"class_list":{"0":"post-228298","1":"post","2":"type-post","3":"status-publish","4":"format-standard","5":"has-post-thumbnail","7":"category-polska","8":"tag-breaking-news","9":"tag-breakingnews","10":"tag-featured-news","11":"tag-featurednews","12":"tag-gololedz","13":"tag-gryfino","14":"tag-headlines","15":"tag-latest-news","16":"tag-latestnews","17":"tag-mroz","18":"tag-naglowki","19":"tag-najwazniejsze-artykuly","20":"tag-nat_styl","21":"tag-news","22":"tag-omp","23":"tag-pl","24":"tag-pogoda","25":"tag-poland","26":"tag-polish","27":"tag-polska","28":"tag-polski","29":"tag-screening_general","30":"tag-szczecin","31":"tag-top-stories","32":"tag-topstories","33":"tag-wiadomosci"},"share_on_mastodon":{"url":"https:\/\/pubeurope.com\/@pl\/115968379715335751","error":""},"_links":{"self":[{"href":"https:\/\/www.europesays.com\/pl\/wp-json\/wp\/v2\/posts\/228298","targetHints":{"allow":["GET"]}}],"collection":[{"href":"https:\/\/www.europesays.com\/pl\/wp-json\/wp\/v2\/posts"}],"about":[{"href":"https:\/\/www.europesays.com\/pl\/wp-json\/wp\/v2\/types\/post"}],"author":[{"embeddable":true,"href":"https:\/\/www.europesays.com\/pl\/wp-json\/wp\/v2\/users\/2"}],"replies":[{"embeddable":true,"href":"https:\/\/www.europesays.com\/pl\/wp-json\/wp\/v2\/comments?post=228298"}],"version-history":[{"count":0,"href":"https:\/\/www.europesays.com\/pl\/wp-json\/wp\/v2\/posts\/228298\/revisions"}],"wp:featuredmedia":[{"embeddable":true,"href":"https:\/\/www.europesays.com\/pl\/wp-json\/wp\/v2\/media\/228299"}],"wp:attachment":[{"href":"https:\/\/www.europesays.com\/pl\/wp-json\/wp\/v2\/media?parent=228298"}],"wp:term":[{"taxonomy":"category","embeddable":true,"href":"https:\/\/www.europesays.com\/pl\/wp-json\/wp\/v2\/categories?post=228298"},{"taxonomy":"post_tag","embeddable":true,"href":"https:\/\/www.europesays.com\/pl\/wp-json\/wp\/v2\/tags?post=228298"}],"curies":[{"name":"wp","href":"https:\/\/api.w.org\/{rel}","templated":true}]}}