{"id":228379,"date":"2026-01-27T18:53:09","date_gmt":"2026-01-27T18:53:09","guid":{"rendered":"https:\/\/www.europesays.com\/pl\/228379\/"},"modified":"2026-01-27T18:53:09","modified_gmt":"2026-01-27T18:53:09","slug":"haditaghi-z-apelem-do-wladz-ekstraklasy-tego-oczekuje-wlasciciel-pogoni","status":"publish","type":"post","link":"https:\/\/www.europesays.com\/pl\/228379\/","title":{"rendered":"Haditaghi z apelem do w\u0142adz Ekstraklasy. Tego oczekuje w\u0142a\u015bciciel Pogoni"},"content":{"rendered":"\n<p class=\"contentpart contentpart--default contentpart--text\" data-position=\"0\">W\u0142a\u015bciciel <a href=\"https:\/\/sportowefakty.wp.pl\/pilka-nozna\/pogon-szczecin\" rel=\"nofollow noopener\" target=\"_blank\">Pogoni Szczecin<\/a>\u00a0opublikowa\u0142 wpis w mediach spo\u0142eczno\u015bciowych, w kt\u00f3rym przedstawi\u0142 sw\u00f3j punkt widzenia na nadchodz\u0105c\u0105 seri\u0119 gier\u00a0<a href=\"https:\/\/sportowefakty.wp.pl\/pilka-nozna\/pko-ekstraklasa\" rel=\"nofollow noopener\" target=\"_blank\">PKO Ekstraklasy<\/a>. Jego zdaniem ju\u017c teraz cz\u0119\u015b\u0107 spotka\u0144 powinna zosta\u0107 odwo\u0142ana.<\/p>\n<p class=\"contentpart contentpart--default contentpart--text\" data-position=\"1\">&#8222;Naprawd\u0119 uwa\u017cam, \u017ce Ekstraklasa powinna dzia\u0142a\u0107 szybko i odwo\u0142a\u0107 wiele mecz\u00f3w ju\u017c teraz, w tym nasz mecz z Motorem Lublin!&#8221; &#8211; napisa\u0142 Kanadyjczyk w serwisie X.<\/p>\n<p>  <img decoding=\"async\" src=\"https:\/\/v.wpimg.pl\/X3dwLnN2d1IFFTpdYUl6R0ZNbgcnEHQREVV2TGEGbUtRT2MdOlZ2RBQUKABgQjQcDRotCStBd1IAAWMeIlM7VgwYIAorQAdEFFk_GCkQJQ\" alt=\"\" width=\"45\" height=\"58\" loading=\"lazy\"\/>  <\/p>\n<p class=\"contentpart contentpart--default contentpart--text\" data-position=\"2\">ZOBACZ WIDEO: Grzegorz Krychowiak zn\u00f3w w podr\u00f3\u017cy. Zobaczy\u0142 &#8222;Wrota Piekie\u0142&#8221;<\/p>\n<p class=\"contentpart contentpart--default contentpart--text\" data-position=\"4\">W dalszej cz\u0119\u015bci wpisu przedstawi\u0142 argumenty, kt\u00f3re jego zdaniem przemawiaj\u0105 za tym, \u017ce cz\u0119\u015b\u0107 spotka\u0144 nie powinna odby\u0107 si\u0119 w pierwotnych terminach.<\/p>\n<p class=\"contentpart contentpart--default contentpart--text\" data-position=\"5\">&#8222;Zawodnicy i kibice nie powinni by\u0107 zmuszani do gry ani ogl\u0105dania meczu przy -20, a nawet -15 stopniach Celsjusza. Jeden tydzie\u0144 nie zaszkodzi \u017cadnej dru\u017cynie. Jako liga musimy patrze\u0107 na wszystko szerzej&#8221; &#8211; stwierdzi\u0142.<\/p>\n<p class=\"contentpart contentpart--default contentpart--text\" data-position=\"6\">Pocz\u0105tek rywalizacji w tym roku zaplanowano na pi\u0105tek 30 stycznia. Tego dnia rozegrane maj\u0105 zosta\u0107 dwa spotkania. O godz. 18:00 Zag\u0142\u0119bie Lubin podejmie GKS Katowice, a nast\u0119pnie Radomiak Radom zmierzy si\u0119 z Ark\u0105 Gdynia. 19. kolejka zako\u0144czy si\u0119 w poniedzia\u0142ek 2 lutego.<\/p>\n","protected":false},"excerpt":{"rendered":"W\u0142a\u015bciciel Pogoni Szczecin\u00a0opublikowa\u0142 wpis w mediach spo\u0142eczno\u015bciowych, w kt\u00f3rym przedstawi\u0142 sw\u00f3j punkt widzenia na nadchodz\u0105c\u0105 seri\u0119 gier\u00a0PKO Ekstraklasy.&hellip;\n","protected":false},"author":2,"featured_media":228380,"comment_status":"","ping_status":"","sticky":false,"template":"","format":"standard","meta":{"footnotes":""},"categories":[24],"tags":[9009,269,1724,42,1111,38,40,39,41,127,126,2306,2307],"class_list":{"0":"post-228379","1":"post","2":"type-post","3":"status-publish","4":"format-standard","5":"has-post-thumbnail","7":"category-sport","8":"tag-alex-haditaghi","9":"tag-pilka-nozna","10":"tag-pko-ekstraklasa","11":"tag-pl","12":"tag-pogon-szczecin","13":"tag-poland","14":"tag-polish","15":"tag-polska","16":"tag-polski","17":"tag-sport","18":"tag-sports","19":"tag-stadion-miejski-im-floriana-krygiera-w-szczecinie","20":"tag-szczecin"},"share_on_mastodon":{"url":"https:\/\/pubeurope.com\/@pl\/115968580429992622","error":""},"_links":{"self":[{"href":"https:\/\/www.europesays.com\/pl\/wp-json\/wp\/v2\/posts\/228379","targetHints":{"allow":["GET"]}}],"collection":[{"href":"https:\/\/www.europesays.com\/pl\/wp-json\/wp\/v2\/posts"}],"about":[{"href":"https:\/\/www.europesays.com\/pl\/wp-json\/wp\/v2\/types\/post"}],"author":[{"embeddable":true,"href":"https:\/\/www.europesays.com\/pl\/wp-json\/wp\/v2\/users\/2"}],"replies":[{"embeddable":true,"href":"https:\/\/www.europesays.com\/pl\/wp-json\/wp\/v2\/comments?post=228379"}],"version-history":[{"count":0,"href":"https:\/\/www.europesays.com\/pl\/wp-json\/wp\/v2\/posts\/228379\/revisions"}],"wp:featuredmedia":[{"embeddable":true,"href":"https:\/\/www.europesays.com\/pl\/wp-json\/wp\/v2\/media\/228380"}],"wp:attachment":[{"href":"https:\/\/www.europesays.com\/pl\/wp-json\/wp\/v2\/media?parent=228379"}],"wp:term":[{"taxonomy":"category","embeddable":true,"href":"https:\/\/www.europesays.com\/pl\/wp-json\/wp\/v2\/categories?post=228379"},{"taxonomy":"post_tag","embeddable":true,"href":"https:\/\/www.europesays.com\/pl\/wp-json\/wp\/v2\/tags?post=228379"}],"curies":[{"name":"wp","href":"https:\/\/api.w.org\/{rel}","templated":true}]}}