{"id":228479,"date":"2026-01-27T20:02:11","date_gmt":"2026-01-27T20:02:11","guid":{"rendered":"https:\/\/www.europesays.com\/pl\/228479\/"},"modified":"2026-01-27T20:02:11","modified_gmt":"2026-01-27T20:02:11","slug":"proces-jaroslawa-kaczynskiego-warszawski-sad-podjal-decyzje","status":"publish","type":"post","link":"https:\/\/www.europesays.com\/pl\/228479\/","title":{"rendered":"Proces Jaros\u0142awa Kaczy\u0144skiego. Warszawski s\u0105d podj\u0105\u0142 decyzj\u0119"},"content":{"rendered":"<ul class=\"UnorderedList_container__nmfSl\">\n<li class=\"UnorderedList_listElement__Py7xi\" data-id=\"ai-summary-link\">Du\u017co czytania, a ma\u0142o czasu? Sprawd\u017a\u00a0skr\u00f3t\u00a0artyku\u0142u<\/li>\n<\/ul>\n<p class=\"Paragraph_desktopParagraph__U31Gm\">S\u0105d uzna\u0142, \u017ce wypowied\u017a prezesa PiS wype\u0142nia\u0142a przes\u0142ank\u0119 znies\u0142awienia zgodnie z art. 212 Kodeksu karnego, lecz zdecydowa\u0142 o umorzeniu post\u0119powania ze wzgl\u0119du na nisk\u0105 szkodliwo\u015b\u0107 spo\u0142eczn\u0105 czynu. Jaros\u0142aw Kaczy\u0144ski nie by\u0142 obecny podczas og\u0142aszania wyroku.<\/p>\n<p class=\"VideoPlayerText_videoPlayerText__iDwyz\">Dalszy ci\u0105g materia\u0142u pod wideo<\/p>\n<p class=\"Paragraph_desktopParagraph__U31Gm\">\u2014 Tego wyroku w sprawie Jaros\u0142awa Kaczy\u0144skiego nie jestem w stanie wewn\u0119trznie rozszyfrowa\u0107. Jak mo\u017cna powiedzie\u0107, \u017ce kto\u015b m\u00f3wi\u0142 nieprawd\u0119 i s\u0105d stwierdza, \u017ce nie pope\u0142nia\u0142em \u017cadnych przest\u0119pstw, a prezes PiS k\u0142amie, ale jednocze\u015bnie nie przekracza to progu. Uwa\u017cam, \u017ce b\u0119dziemy to skar\u017cy\u0107 dla debaty publicznej \u2014 skomentowa\u0142 wyrok Krzysztof Brejza w rozmowie z mediami.<\/p>\n<ul class=\"OchatFollowUps_wrapper__1ry7X\">\n<li class=\"OchatFollowUps_item__Dhyly OchatFollowUps_itemDesktop__R6aBv\">Co s\u0105d zdecydowa\u0142 w sprawie Kaczy\u0144skiego?<\/li>\n<li class=\"OchatFollowUps_item__Dhyly OchatFollowUps_itemDesktop__R6aBv\">Dlaczego Brejza planuje odwo\u0142anie si\u0119 od wyroku?<\/li>\n<li class=\"OchatFollowUps_item__Dhyly OchatFollowUps_itemDesktop__R6aBv\">Jakie by\u0142y s\u0142owa Kaczy\u0144skiego dotycz\u0105ce Brejzy?<\/li>\n<li class=\"OchatFollowUps_item__Dhyly OchatFollowUps_itemDesktop__R6aBv\">Czego dotyczy\u0142a sprawa o znies\u0142awienie?<\/li>\n<\/ul>\n<p class=\"Paragraph_desktopParagraph__U31Gm\">Nast\u0119pnie europose\u0142 KO zabra\u0142 g\u0142os w mediach spo\u0142eczno\u015bciowych. &#8222;Uwa\u017camy, \u017ce ka\u017cde k\u0142amstwa Jaros\u0142awa Kaczy\u0144skiego rzucone w przestrze\u0144 publiczn\u0105 niezale\u017cnie od miejsca maj\u0105 bardzo wysok\u0105 szkodliwo\u015b\u0107 spo\u0142eczn\u0105&#8221; \u2014 napisa\u0142 polityk.<\/p>\n<p>Europose\u0142 KO pozwa\u0142 Jaros\u0142awa Kaczy\u0144skiego. Posz\u0142o o wypowied\u017a z 2024 r. <\/p>\n<p class=\"Paragraph_desktopParagraph__U31Gm\">Sprawa dotyczy\u0142a s\u0142\u00f3w prezesa PiS, kt\u00f3re pad\u0142y na posiedzeniu sejmowej komisji \u015bledczej do spraw Pegasusa w marcu 2024 r. Lider PiS m\u00f3wi\u0142 w\u00f3wczas odnosz\u0105c si\u0119 do Brejzy: &#8222;Znacz\u0105cy polityk formacji opozycyjnej dopuszcza si\u0119 bardzo powa\u017cnych, a przy tym odra\u017caj\u0105cych przest\u0119pstw&#8221;. W tej sprawie Sejm uchyli\u0142 Kaczy\u0144skiemu immunitet w marcu zesz\u0142ego roku.<\/p>\n<p class=\"Paragraph_desktopParagraph__U31Gm\">Proces w S\u0105dzie Rejonowym dla Warszawy-\u015ar\u00f3dmie\u015bcia, kt\u00f3ry toczy\u0142 si\u0119 od jesieni 2025 r., zako\u0144czy\u0142 si\u0119 13 stycznia. Po wys\u0142uchaniu m\u00f3w ko\u0144cowych s\u0119dzia Tomasz Tr\u0119bicki poinformowa\u0142, \u017ce &#8222;ze wzgl\u0119du na z\u0142o\u017cony charakter sprawy&#8221; odracza og\u0142oszenie wyroku do 27 stycznia br.<\/p>\n<p>T\u0142umaczenie Jaros\u0142awa Kaczy\u0144skiego <\/p>\n<p class=\"Paragraph_desktopParagraph__U31Gm\">Lider PiS w listopadzie ub.r. wyja\u015bnia\u0142 przed s\u0105dem, \u017ce by\u0142 zobowi\u0105zany przez komisj\u0119 \u015bledcz\u0105 do przedstawienia wszystkiego, co wie w danej sprawie. M\u00f3wi\u0142, \u017ce jako wicepremier (szefem rz\u0105du by\u0142 w\u00f3wczas Mateusz Morawiecki) zajmuj\u0105cy si\u0119 m.in. kwestiami bezpiecze\u0144stwa uzyska\u0142 informacje, \u017ce Brejza podj\u0105\u0142 &#8222;dzia\u0142ania bezprawne&#8221; i &#8222;moralnie odra\u017caj\u0105ce&#8221;.<\/p>\n<p class=\"Paragraph_desktopParagraph__U31Gm\">Jak doda\u0142, informacje te uzyska\u0142 od funkcjonariusza publicznego do spraw bezpiecze\u0144stwa, a dotyczy\u0142y one tego, \u017ce wobec Brejzy u\u017cyto Pegasusa w zwi\u0105zku z dzia\u0142aniami w\u0142adz magistratu w Inowroc\u0142awiu. Media opisywa\u0142y wtedy, \u017ce dzia\u0142a\u0142 tam &#8222;wydzia\u0142 propagandy&#8221;, farma trolli \u2014 grupa hejter\u00f3w, kt\u00f3rzy mieli atakowa\u0107 oponent\u00f3w prezydenta Inowroc\u0142awia Ryszarda Brejzy i jego syna Krzysztofa. \u2014 U\u017cywanie \u015brodk\u00f3w publicznych po to, \u017ceby prowadzi\u0107 brutaln\u0105 walk\u0119 polityczn\u0105 przeciwko swoim przeciwnikom jest odra\u017caj\u0105ce i \u0142amie prawo karne \u2014 m\u00f3wi\u0142 podczas listopadowej rozprawy Kaczy\u0144ski.<\/p>\n","protected":false},"excerpt":{"rendered":"Du\u017co czytania, a ma\u0142o czasu? Sprawd\u017a\u00a0skr\u00f3t\u00a0artyku\u0142u S\u0105d uzna\u0142, \u017ce wypowied\u017a prezesa PiS wype\u0142nia\u0142a przes\u0142ank\u0119 znies\u0142awienia zgodnie z art.&hellip;\n","protected":false},"author":2,"featured_media":228480,"comment_status":"","ping_status":"","sticky":false,"template":"","format":"standard","meta":{"footnotes":""},"categories":[5],"tags":[32,33,36,37,27,67,422,7860,34,35,28,31,53,25,52,68,51,55,42,38,40,39,41,868,984,349,47,29,30,65,50,26],"class_list":{"0":"post-228479","1":"post","2":"type-post","3":"status-publish","4":"format-standard","5":"has-post-thumbnail","7":"category-naglowki","8":"tag-breaking-news","9":"tag-breakingnews","10":"tag-featured-news","11":"tag-featurednews","12":"tag-headlines","13":"tag-intextvideo_splayer","14":"tag-jaroslaw_kaczynski","15":"tag-krzysztof_brejza_polityk","16":"tag-latest-news","17":"tag-latestnews","18":"tag-naglowki","19":"tag-najwazniejsze-artykuly","20":"tag-new_header","21":"tag-news","22":"tag-onet3","23":"tag-onet3d","24":"tag-onet3d_2i","25":"tag-phx","26":"tag-pl","27":"tag-poland","28":"tag-polish","29":"tag-polska","30":"tag-polski","31":"tag-prawo_i_sprawiedliwosc_pis","32":"tag-prawo_sady_sedziowie_sedzia_sad_sadownictwo_prawnik_prawnicy_prawniczka","33":"tag-prokuratura_prokurator_prokuratorzy","34":"tag-screening_general","35":"tag-top-stories","36":"tag-topstories","37":"tag-update_me","38":"tag-v2021","39":"tag-wiadomosci"},"share_on_mastodon":{"url":"","error":"Validation failed: Text character limit of 500 exceeded"},"_links":{"self":[{"href":"https:\/\/www.europesays.com\/pl\/wp-json\/wp\/v2\/posts\/228479","targetHints":{"allow":["GET"]}}],"collection":[{"href":"https:\/\/www.europesays.com\/pl\/wp-json\/wp\/v2\/posts"}],"about":[{"href":"https:\/\/www.europesays.com\/pl\/wp-json\/wp\/v2\/types\/post"}],"author":[{"embeddable":true,"href":"https:\/\/www.europesays.com\/pl\/wp-json\/wp\/v2\/users\/2"}],"replies":[{"embeddable":true,"href":"https:\/\/www.europesays.com\/pl\/wp-json\/wp\/v2\/comments?post=228479"}],"version-history":[{"count":0,"href":"https:\/\/www.europesays.com\/pl\/wp-json\/wp\/v2\/posts\/228479\/revisions"}],"wp:featuredmedia":[{"embeddable":true,"href":"https:\/\/www.europesays.com\/pl\/wp-json\/wp\/v2\/media\/228480"}],"wp:attachment":[{"href":"https:\/\/www.europesays.com\/pl\/wp-json\/wp\/v2\/media?parent=228479"}],"wp:term":[{"taxonomy":"category","embeddable":true,"href":"https:\/\/www.europesays.com\/pl\/wp-json\/wp\/v2\/categories?post=228479"},{"taxonomy":"post_tag","embeddable":true,"href":"https:\/\/www.europesays.com\/pl\/wp-json\/wp\/v2\/tags?post=228479"}],"curies":[{"name":"wp","href":"https:\/\/api.w.org\/{rel}","templated":true}]}}