{"id":228493,"date":"2026-01-27T20:11:11","date_gmt":"2026-01-27T20:11:11","guid":{"rendered":"https:\/\/www.europesays.com\/pl\/228493\/"},"modified":"2026-01-27T20:11:11","modified_gmt":"2026-01-27T20:11:11","slug":"roksana-wegiel-pokazala-sie-w-niecodziennym-wydaniu-jak-inny-czlowiek","status":"publish","type":"post","link":"https:\/\/www.europesays.com\/pl\/228493\/","title":{"rendered":"Roksana W\u0119giel pokaza\u0142a si\u0119 w niecodziennym wydaniu. &#8222;Jak inny cz\u0142owiek&#8221;"},"content":{"rendered":"<p class=\"Paragraph_desktopParagraph__U31Gm\"><a href=\"https:\/\/plejada.pl\/temat\/roksana-wegiel-piosenkarka\/8j82n4n\" id=\"bfea6ee1-3d58-45bb-88d7-1fc3af5e9d65\" rel=\"nofollow noopener\" target=\"_blank\">Roksana W\u0119giel<\/a> jedna z najpopularniejszych i najbardziej docenianych wokalistek m\u0142odego pokolenia. Swoj\u0105 karier\u0119 zacz\u0119\u0142a ju\u017c w 2018 r., pojawiaj\u0105c si\u0119 na przes\u0142uchaniach w ciemno do programu &#8222;The Voice Kids&#8221;. 13-letnia w\u00f3wczas artystka wygra\u0142a popularny talent show Telewizji Polskiej, a kilka miesi\u0119cy p\u00f3\u017aniej zaj\u0119\u0142a pierwsze miejsce w 16. Konkursie Piosenki Eurowizji Junior. W\u0119giel od razu zacz\u0119\u0142a podbija\u0107 szturmem polski show-biznes i opr\u00f3cz najwi\u0119kszych scen w kraju, cz\u0119sto pojawia si\u0119 r\u00f3wnie\u017c na wa\u017cnych wydarzeniach bran\u017cowych i \u015bciankach. Od jakiego\u015b czasu na wielu eventach towarzyszy jej r\u00f3wnie\u017c m\u0105\u017c, Kevin Mglej.<\/p>\n<ul class=\"OchatFollowUps_wrapper__1ry7X\">\n<li class=\"OchatFollowUps_item__Dhyly OchatFollowUps_itemDesktop__R6aBv\">Dlaczego Roksana W\u0119giel uzna\u0142a swoje blond w\u0142osy za dramat?<\/li>\n<li class=\"OchatFollowUps_item__Dhyly OchatFollowUps_itemDesktop__R6aBv\">Jakie zdj\u0119cia Roksana W\u0119giel opublikowa\u0142a na Instagramie?<\/li>\n<li class=\"OchatFollowUps_item__Dhyly OchatFollowUps_itemDesktop__R6aBv\">Kiedy Roksana W\u0119giel zacz\u0119\u0142a swoj\u0105 karier\u0119 muzyczn\u0105?<\/li>\n<li class=\"OchatFollowUps_item__Dhyly OchatFollowUps_itemDesktop__R6aBv\">Z kim Roksana W\u0119giel jest obecnie zwi\u0105zana?<\/li>\n<\/ul>\n<p>Roksana W\u0119giel pokaza\u0142a si\u0119 w niecodziennym wydaniu. &#8222;Dramat&#8221; <\/p>\n<p class=\"Paragraph_desktopParagraph__U31Gm\">Cho\u0107 fani Roksany W\u0119giel nie kryj\u0105 zachwytu jej nietuzinkow\u0105 urod\u0105, w sieci cz\u0119sto pojawiaj\u0105 si\u0119 r\u00f3wnie\u017c komentarze os\u00f3b, kt\u00f3re sugeruj\u0105, \u017ce mimo m\u0142odego wieku piosenkarka ju\u017c &#8222;majstruje&#8221; przy twarzy, zarzucaj\u0105c jej m.in. powi\u0119kszanie ust. Sama zainteresowania konsekwentnie zaprzecza jednak tym plotkom.<\/p>\n<p class=\"Paragraph_desktopParagraph__U31Gm\">21-letnia piosenkarka nie nale\u017cy do grona tych celebrytek, kt\u00f3re na ka\u017cdej show-biznesowej imprezie prezentuj\u0105 si\u0119 w kompletnie odmienionej wersji. Cho\u0107 wi\u0119kszym wyj\u015bciom towarzyszy mocny makija\u017c, a czasem tak\u017ce wyzywaj\u0105ce stroje, W\u0119giel raczej nie zaskakuje wizerunkiem \u2014 od pocz\u0105tku wszyscy kojarz\u0105 j\u0105 z kasztanowymi, bujnymi w\u0142osami, kt\u00f3re perfekcyjnie wsp\u00f3\u0142graj\u0105 z jej ciemnymi oczami.<\/p>\n<p><img decoding=\"async\" class=\"Image_image__0tuHp Image_autoHeight__f2n87 \" height=\"587\" width=\"392\" src=\"https:\/\/www.europesays.com\/pl\/wp-content\/uploads\/2026\/01\/aTmk9kpTURBXy9iZGU1MDI0NTBhNzRmODNlNjQ0OGM0ZjIyMTNmZmVlNS5qcGeSlQLNA6wAwsOVAgDNAkvCw94AA6EwAaExAaEzw.jpeg\" alt=\"Roksana W\u0119giel (2025 r.)\" loading=\"lazy\" \/>Piotr Andrzejczak \/ MW Media<\/p>\n<p>Roksana W\u0119giel (2025 r.)<\/p>\n<p class=\"Paragraph_desktopParagraph__U31Gm\">Kilka lat temu Roksana W\u0119giel zdecydowa\u0142a si\u0119 jednak na widoczn\u0105 zmian\u0119 i znacz\u0105co rozja\u015bni\u0142a w\u0142osy. Podczas ostatniej serii pyta\u0144 i odpowiedzi na Instagramie, jedna z u\u017cytkowniczek zapyta\u0142a piosenkark\u0119 o powr\u00f3t do blondu. W odpowiedzi gwiazda opublikowa\u0142a archiwalne zdj\u0119cia, twierdz\u0105c, \u017ce &#8222;wygl\u0105da\u0142a, jak inny cz\u0142owiek&#8221; i &#8222;totalnie jej to nie pasowa\u0142o&#8221;. &#8222;Dramat&#8221; \u2014 napisa\u0142a.<\/p>\n<p><img decoding=\"async\" class=\"Image_image__0tuHp Image_autoHeight__f2n87 \" height=\"587\" width=\"363\" src=\"https:\/\/www.europesays.com\/pl\/wp-content\/uploads\/2026\/01\/F4ak9kpTURBXy83MTMwOWU1NWI1ZjYxNDU4NTFhYWQ3ZjEzZjg5YTViOS5wbmeTlQPNAtjMys0Bts0CxJUCzQOsAMLDlQIAzQJLw.jpeg\" alt=\"Roksana W\u0119giel na Instastory\" loading=\"lazy\" \/>https:\/\/www.instagram.com\/roxie_wegiel\/?hl=pl<\/p>\n<p>Roksana W\u0119giel na Instastory<\/p>\n<p class=\"Paragraph_desktopParagraph__U31Gm\">W zwi\u0105zku z tym, \u017ce Roksana W\u0119giel rozpocz\u0119\u0142a karier\u0119 jako 13-latka, opinia publiczna wci\u0105\u017c widzi w niej ma\u0142\u0105 dziewczynk\u0119. Cho\u0107 wokalistka na og\u00f3\u0142 stroni od kontrowersji i nie pr\u00f3buje wybija\u0107 si\u0119 &#8222;na skandalach&#8221;, niema\u0142e poruszenie wywo\u0142a\u0142o jej ma\u0142\u017ce\u0144stwo z Kevinem Mglejem.<\/p>\n<p class=\"Paragraph_desktopParagraph__U31Gm\">Para pobra\u0142a si\u0119 w sierpniu 2024 r. i wygl\u0105da na to, \u017ce ta relacja daje im du\u017co szcz\u0119\u015bcia, jednak \u015blub piosenkarki nie spodoba\u0142 si\u0119 internautom. Oburzenie wywo\u0142a\u0142o nie tylko wczesne zam\u0105\u017cp\u00f3j\u015bcie W\u0119giel, ale r\u00f3wnie\u017c fakt, i\u017c jej wybranek jest prawie dekad\u0119 starszy i ma syna z poprzedniego zwi\u0105zku.<\/p>\n<p><img decoding=\"async\" class=\"Image_image__0tuHp Image_autoHeight__f2n87 \" height=\"587\" width=\"391\" src=\"https:\/\/www.europesays.com\/pl\/wp-content\/uploads\/2026\/01\/632k9kpTURBXy9jN2I4NWExZDgzMGYzODY1MWU1YTU2YjI4MDZiZTg0MC5qcGeSlQLNA6wAwsOVAgDNAkvCw94AA6EwAaExAaEzw.jpeg\" alt=\"Roksana W\u0119giel i Kevin Mglej (2024 r.)\" loading=\"lazy\" \/>Andras Szilagyi \/ MW Media<\/p>\n<p>Roksana W\u0119giel i Kevin Mglej (2024 r.)<\/p>\n<p><img decoding=\"async\" class=\"Image_image__0tuHp Image_autoHeight__f2n87 \" height=\"587\" width=\"391\" src=\"https:\/\/www.europesays.com\/pl\/wp-content\/uploads\/2026\/01\/uILk9kpTURBXy9hMzM4MmYzZjA0YTkwY2Q1NjQ0NzNhYmY0MjJiNmNkMi5qcGeSlQLNA6wAwsOVAgDNAkvCw94AA6EwAaExAaEzw.jpeg\" alt=\"Roksana W\u0119giel i Kevin Mglej (2024 r.)\" loading=\"lazy\" \/>Andras Szilagyi \/ MW Media<\/p>\n<p>Roksana W\u0119giel i Kevin Mglej (2024 r.)<\/p>\n<p><img decoding=\"async\" class=\"Image_image__0tuHp Image_autoHeight__f2n87 \" height=\"587\" width=\"880\" src=\"https:\/\/www.europesays.com\/pl\/wp-content\/uploads\/2026\/01\/R9gk9kpTURBXy83MzZmYTBhZmE4YTU2NTNhZWI3MjMxMDk1ZDMzZTZhZi5qcGeSlQLNA6wAwsOVAgDNAkvCw94AA6EwAaExAaEzw.jpeg\" alt=\"Kevin Mglej, Roksana W\u0119giel\" loading=\"lazy\" \/>MW Media<\/p>\n<p>Kevin Mglej, Roksana W\u0119giel<\/p>\n<p class=\"Paragraph_desktopParagraph__U31Gm\">Dzi\u0119kujemy, \u017ce przeczyta\u0142a\u015b\/e\u015b nasz artyku\u0142 do ko\u0144ca. W serwisie Plejada.pl ka\u017cdego dnia piszemy o najwa\u017cniejszych wydarzeniach show-biznesowych. B\u0105d\u017a na bie\u017c\u0105co! <a rel=\"nofollow noopener\" href=\"https:\/\/profile.google.com\/cp\/Cg0vZy8xMWJ6X19wdHBx\" id=\"074eaa5d-c65f-4ae6-ba91-68182f5e4755\" target=\"_blank\">Obserwuj<\/a> Plejad\u0119 w Google. Odwied\u017a nas tak\u017ce na <a rel=\"nofollow noopener\" href=\"https:\/\/www.facebook.com\/plejadapl\" id=\"8277ec91-fd68-4c05-a7fe-a8745996a801\" target=\"_blank\">Facebooku<\/a>, <a rel=\"nofollow noopener\" href=\"https:\/\/www.instagram.com\/plejadapl\/\" id=\"8a5d2217-7642-4a03-9099-13f776523ebe\" target=\"_blank\">Instagramie<\/a>, <a rel=\"nofollow noopener\" href=\"https:\/\/www.youtube.com\/c\/plejada\" id=\"9eca5535-a1c8-47d2-a71d-365c8272d502\" target=\"_blank\">YouTubie<\/a> oraz <a rel=\"nofollow noopener\" href=\"https:\/\/www.tiktok.com\/@plejada_pl\" id=\"78c59709-a4b9-44fe-8f65-905a08eca050\" target=\"_blank\">TikToku<\/a>.<\/p>\n<p class=\"Paragraph_desktopParagraph__U31Gm\">Chcesz podzieli\u0107 si\u0119 ciekawym newsem lub zaproponowa\u0107 temat? Skontaktuj si\u0119 z nami, pisz\u0105c maila na adres: <a href=\"https:\/\/www.onet.pl\/styl-zycia\/plejada\/roksana-wegiel-pokazala-sie-w-niecodziennym-wydaniu-jak-inny-czlowiek\/mailto:plejada@redakcjaonet.pl\" id=\"c2def530-1c3b-4c57-b2b2-62a3de121dc1\" rel=\"nofollow noopener\" target=\"_blank\">plejada@redakcjaon<\/a><a rel=\"nofollow noopener\" href=\"http:\/\/et.pl\" id=\"d8b7a427-3d1b-44f0-977e-fc4cf60d9d83\" target=\"_blank\">et.pl<\/a>.<\/p>\n<p><script async src=\"\/\/www.instagram.com\/embed.js\"><\/script><script async src=\"\/\/www.tiktok.com\/embed.js\"><\/script><\/p>\n","protected":false},"excerpt":{"rendered":"Roksana W\u0119giel jedna z najpopularniejszych i najbardziej docenianych wokalistek m\u0142odego pokolenia. Swoj\u0105 karier\u0119 zacz\u0119\u0142a ju\u017c w 2018 r.,&hellip;\n","protected":false},"author":2,"featured_media":228494,"comment_status":"","ping_status":"","sticky":false,"template":"","format":"standard","meta":{"footnotes":""},"categories":[22],"tags":[122,31551,67,17186,21129,53,52,68,51,55,42,38,40,39,41,1712,123,47,196,65,50],"class_list":{"0":"post-228493","1":"post","2":"type-post","3":"status-publish","4":"format-standard","5":"has-post-thumbnail","7":"category-rozrywka","8":"tag-entertainment","9":"tag-fryzury_gwiazd","10":"tag-intextvideo_splayer","11":"tag-kevin_mglej","12":"tag-metamorfozy_gwiazd","13":"tag-new_header","14":"tag-onet3","15":"tag-onet3d","16":"tag-onet3d_2i","17":"tag-phx","18":"tag-pl","19":"tag-poland","20":"tag-polish","21":"tag-polska","22":"tag-polski","23":"tag-roksana_wegiel_piosenkarka","24":"tag-rozrywka","25":"tag-screening_general","26":"tag-styl_zycia","27":"tag-update_me","28":"tag-v2021"},"share_on_mastodon":{"url":"https:\/\/pubeurope.com\/@pl\/115968886962337054","error":""},"_links":{"self":[{"href":"https:\/\/www.europesays.com\/pl\/wp-json\/wp\/v2\/posts\/228493","targetHints":{"allow":["GET"]}}],"collection":[{"href":"https:\/\/www.europesays.com\/pl\/wp-json\/wp\/v2\/posts"}],"about":[{"href":"https:\/\/www.europesays.com\/pl\/wp-json\/wp\/v2\/types\/post"}],"author":[{"embeddable":true,"href":"https:\/\/www.europesays.com\/pl\/wp-json\/wp\/v2\/users\/2"}],"replies":[{"embeddable":true,"href":"https:\/\/www.europesays.com\/pl\/wp-json\/wp\/v2\/comments?post=228493"}],"version-history":[{"count":0,"href":"https:\/\/www.europesays.com\/pl\/wp-json\/wp\/v2\/posts\/228493\/revisions"}],"wp:featuredmedia":[{"embeddable":true,"href":"https:\/\/www.europesays.com\/pl\/wp-json\/wp\/v2\/media\/228494"}],"wp:attachment":[{"href":"https:\/\/www.europesays.com\/pl\/wp-json\/wp\/v2\/media?parent=228493"}],"wp:term":[{"taxonomy":"category","embeddable":true,"href":"https:\/\/www.europesays.com\/pl\/wp-json\/wp\/v2\/categories?post=228493"},{"taxonomy":"post_tag","embeddable":true,"href":"https:\/\/www.europesays.com\/pl\/wp-json\/wp\/v2\/tags?post=228493"}],"curies":[{"name":"wp","href":"https:\/\/api.w.org\/{rel}","templated":true}]}}