{"id":228547,"date":"2026-01-27T20:53:09","date_gmt":"2026-01-27T20:53:09","guid":{"rendered":"https:\/\/www.europesays.com\/pl\/228547\/"},"modified":"2026-01-27T20:53:09","modified_gmt":"2026-01-27T20:53:09","slug":"dorota-szelagowska-otwarcie-o-smierci-pawla-hartlieba-dal-mi-najwspanialszego-syna","status":"publish","type":"post","link":"https:\/\/www.europesays.com\/pl\/228547\/","title":{"rendered":"Dorota Szel\u0105gowska otwarcie o \u015bmierci Paw\u0142a Hartlieba. &#8222;Da\u0142 mi najwspanialszego syna&#8221;"},"content":{"rendered":"<p class=\"ods-c-paragraph \"><a href=\"https:\/\/plejada.pl\/temat\/dorota-szelagowska\/zmsgn49\" id=\"43b65436-4032-44ae-80da-2782606ecec7\" rel=\"nofollow noopener\" target=\"_blank\">Dorota Szel\u0105gowska<\/a> ju\u017c od lat jest jedn\u0105 z najpopularniejszych postaci w polskiej telewizji. Najwi\u0119ksz\u0105 rozpoznawalno\u015b\u0107 zyska\u0142a po tym, jak w 2014 r. zwi\u0105za\u0142a si\u0119 z grup\u0105 TVN, gdzie prowadzi\u0142a programy wn\u0119trzarskie, takie jak &#8222;Dorota was urz\u0105dzi&#8221; czy &#8222;Totalne remonty Szel\u0105gowskiej&#8221;, a nast\u0119pnie zosta\u0142a jurork\u0105 kulinarnego show &#8222;MasterChef Nastolatki&#8221; oraz prowadz\u0105c\u0105 &#8222;Ej, Stara!&#8221; i &#8222;Pogromc\u00f3w chaosu&#8221;. Kariera medialna Szel\u0105gowskiej zacz\u0119\u0142a si\u0119 jednak o wiele wcze\u015bniej, bo ju\u017c pod koniec lat 90. XX wieku. Celebrytka rozpocz\u0119\u0142a przygod\u0119 z telewizj\u0105 od programu m\u0142odzie\u017cowego w Telewizji Polskiej, aby nied\u0142ugo p\u00f3\u017aniej schowa\u0107 si\u0119 za kulisy i pracowa\u0107 przy produkcji r\u00f3\u017cnych format\u00f3w rozrywkowych. W mi\u0119dzyczasie Szel\u0105gowska podejmowa\u0142a si\u0119 r\u00f3wnie\u017c wsp\u00f3\u0142pracy z czasopismami, takimi jak &#8222;Maleman&#8221;, &#8222;Pani&#8221;, &#8222;Olivia&#8221; czy &#8222;Polska The Times&#8221;.<\/p>\n<p> Dalszy ci\u0105g artyku\u0142u pod materia\u0142em wideo    <\/p>\n<p> Jaki by\u0142 zwi\u0105zek Doroty Szel\u0105gowskiej z Paw\u0142em Hartliebem? <\/p>\n<p> Ile dzieci ma Dorota Szel\u0105gowska? <\/p>\n<p> Kiedy zmar\u0142 Pawe\u0142 Hartlieb? <\/p>\n<p> Dlaczego Dorota Szel\u0105gowska nie zabra\u0142a g\u0142osu od razu po \u015bmierci by\u0142ego m\u0119\u017ca? <\/p>\n<p>  &#8222;Da\u0142 mi najwspanialszego syna&#8221;. Dorota Szel\u0105gowska o \u015bmierci Paw\u0142a Hartlieba<\/p>\n<p class=\"ods-c-paragraph \">\u017bycie uczuciowe Doroty Szel\u0105gowskiej nale\u017cy raczej do tych skomplikowanych \u2014 celebrytka ma za sob\u0105 trzy rozwody, a obecnie pozostaje w nieformalnej relacji. Jej pierwszym m\u0119\u017cem by\u0142 Pawe\u0142 Hartlieb, z kt\u00f3rym doczeka\u0142a si\u0119 syna Antoniego. W 2013 r., po 11 latach zwi\u0105zku, stan\u0119\u0142a na \u015blubnym kobiercu u boku <a href=\"https:\/\/plejada.pl\/temat\/adam-sztaba\/2nwq4g2\" id=\"a27fdf16-5488-4af4-96bd-c675cc2f69a1\" rel=\"nofollow noopener\" target=\"_blank\">Adama Sztaby<\/a>, jednak to ma\u0142\u017ce\u0144stwo r\u00f3wnie\u017c nie przetrwa\u0142o pr\u00f3by czasu. W latach 2017-2021 Szel\u0105gowska pozostawa\u0142a w zwi\u0105zku ma\u0142\u017ce\u0144skim z Micha\u0142em Wawro, z kt\u00f3rym ma c\u00f3rk\u0119 Wand\u0119. Obecnie prezenterka spotyka si\u0119 z Wojciechem Wysockim.<\/p>\n<p><img decoding=\"async\" src=\"https:\/\/www.europesays.com\/pl\/wp-content\/uploads\/2026\/01\/q08k9lBaHR0cHM6Ly9vY2RuLmV1L3B1bHNjbXMvTURBXy8yYWQ2ZmNjYzgyODMzMjk3YTg2NmYyOWE5NjFiM2Y0OS5qcGeRlQLNA.jpeg\" height=\"529\" width=\"940\" alt=\"Dorota Szel\u0105gowska (2025 r.)\" loading=\"lazy\" class=\"ods-c-image__img ods-c-image__img--vertical\"\/><\/p>\n<p>Dorota Szel\u0105gowska (2025 r.)Andras Szilagyi \/ MW Media<\/p>\n<p class=\"ods-c-paragraph \">3 grudnia 2025 media obieg\u0142a informacja o \u015bmierci pierwszego m\u0119\u017ca Doroty Szel\u0105gowskiej, Paw\u0142a Hartlieba. 51-letniego wokalist\u0119 i aktora po\u017cegna\u0142o w\u00f3wczas wiele znanych nazwisk, jednak najwi\u0119ksze zaskoczenie wywo\u0142a\u0142 fakt, \u017ce g\u0142osu nie zabra\u0142a publicznie jego by\u0142a \u017cona.<\/p>\n<p class=\"ods-c-paragraph \">Szel\u0105gowska postanowi\u0142a otworzy\u0107 si\u0119 na ten temat dopiero nieca\u0142e dwa miesi\u0105ce po \u015bmierci Paw\u0142a Hartlieba. Prezenterka wyzna\u0142a na \u0142amach miesi\u0119cznika &#8222;Wysokie Obcasy Extra&#8221;, \u017ce przez ostatnie lata, z by\u0142ym ukochanym \u0142\u0105czy\u0142 j\u0105 jedynie syn. &#8222;Trzeciego grudnia zmar\u0142 pewien cz\u0142owiek. 24 lata temu, przez dwa lata, by\u0142 moim m\u0119\u017cem&#8221; \u2014 napisa\u0142a.<\/p>\n<blockquote class=\"ods-o-quota\">\n<p class=\"ods-o-quota__paragraph\">Da\u0142 mi najwspanialszego syna, jakiego mog\u0142abym sobie wyobrazi\u0107, a tak\u017ce mn\u00f3stwo rado\u015bci i mi\u0142o\u015bci. Jak dobrze, \u017ce rozstali\u015bmy si\u0119 jeszcze w czasach, gdy internet by\u0142 na korbk\u0119. Dlatego nic o tym nie wiecie<\/p>\n<\/blockquote>\n<p class=\"ods-c-paragraph \">\u2014 stwierdzi\u0142a Szel\u0105gowska.<\/p>\n<p><img decoding=\"async\" src=\"https:\/\/www.europesays.com\/pl\/wp-content\/uploads\/2026\/01\/hi9k9lBaHR0cHM6Ly9vY2RuLmV1L3B1bHNjbXMvTURBXy9kZjdjYzIwNDZhYzUyNzMxOWU0ZTJkYjU5MjIxMDlmMy5qcGeRlQLNA.jpeg\" height=\"529\" width=\"940\" alt=\"Dorota Szel\u0105gowska (2025 r.)\" loading=\"lazy\" class=\"ods-c-image__img ods-c-image__img--vertical\"\/><\/p>\n<p>Dorota Szel\u0105gowska (2025 r.)Piotr Andrzejczak \/ MW Media<\/p>\n<p class=\"ods-c-paragraph \">Prezenterka wyzna\u0142a r\u00f3wnie\u017c, \u017ce dostawa\u0142a telefony z pro\u015bb\u0105 o potwierdzenie \u015bmierci by\u0142ego m\u0119\u017ca.<\/p>\n<p class=\"ods-c-paragraph \">&#8222;Tylko ja nigdzie nic nie wrzuci\u0142am. Nic. Ani informacji, ani smutnej bu\u017aki, ani nic weso\u0142ego. Zamilk\u0142am&#8221; \u2014 napisa\u0142a.<\/p>\n<p class=\"ods-c-paragraph \">Dzi\u0119kujemy, \u017ce przeczyta\u0142a\u015b\/e\u015b nasz artyku\u0142 do ko\u0144ca. W serwisie Plejada.pl ka\u017cdego dnia piszemy o najwa\u017cniejszych wydarzeniach show-biznesowych. B\u0105d\u017a na bie\u017c\u0105co! <a rel=\"nofollow noopener\" href=\"https:\/\/profile.google.com\/cp\/Cg0vZy8xMWJ6X19wdHBx\" id=\"6d93eb58-f983-4cd7-856f-490e806686ca\" target=\"_blank\">Obserwuj<\/a> Plejad\u0119 w Google. Odwied\u017a nas tak\u017ce na <a rel=\"nofollow noopener\" href=\"https:\/\/www.facebook.com\/plejadapl\" id=\"071e6aa2-0d3b-4526-85a8-2d897f239c18\" target=\"_blank\">Facebooku<\/a>, <a rel=\"nofollow noopener\" href=\"https:\/\/www.instagram.com\/plejadapl\/\" id=\"d79c4bfb-10ba-4d7b-9451-1be020e71d9e\" target=\"_blank\">Instagramie<\/a>, <a rel=\"nofollow noopener\" href=\"https:\/\/www.youtube.com\/c\/plejada\" id=\"fc358871-201c-47f2-b9ae-f4a5be161a44\" target=\"_blank\">YouTubie<\/a> oraz <a rel=\"nofollow noopener\" href=\"https:\/\/www.tiktok.com\/@plejada_pl\" id=\"0f33a362-03fe-44d4-bde5-b324a52eb4df\" target=\"_blank\">TikToku<\/a>.<\/p>\n<p class=\"ods-c-paragraph \">Chcesz podzieli\u0107 si\u0119 ciekawym newsem lub zaproponowa\u0107 temat? Skontaktuj si\u0119 z nami, pisz\u0105c maila na adres: <a rel=\"nofollow noopener\" href=\"https:\/\/plejada.pl\/newsy\/dorota-szelagowska-otwarcie-o-smierci-pawla-hartlieba-dal-mi-najwspanialszego-syna\/mailto:plejada@redakcjaonet.pl\" id=\"83f1ac59-29a8-42a3-8b38-433461650f25\" target=\"_blank\">plejada@redakcjaon<\/a><a href=\"https:\/\/et.pl\" id=\"5a184c72-f9b9-4103-b941-0221a8dc327f\" rel=\"nofollow noopener\" target=\"_blank\">et.pl<\/a>.<\/p>\n<p><script async src=\"\/\/www.instagram.com\/embed.js\"><\/script><script async src=\"\/\/www.tiktok.com\/embed.js\"><\/script><\/p>\n","protected":false},"excerpt":{"rendered":"Dorota Szel\u0105gowska ju\u017c od lat jest jedn\u0105 z najpopularniejszych postaci w polskiej telewizji. Najwi\u0119ksz\u0105 rozpoznawalno\u015b\u0107 zyska\u0142a po tym,&hellip;\n","protected":false},"author":2,"featured_media":228548,"comment_status":"","ping_status":"","sticky":false,"template":"","format":"standard","meta":{"footnotes":""},"categories":[22],"tags":[3845,122,48,125,46,31507,42,38,40,39,41,123,39430,47,511,10003,2115],"class_list":{"0":"post-228547","1":"post","2":"type-post","3":"status-publish","4":"format-standard","5":"has-post-thumbnail","7":"category-rozrywka","8":"tag-dorota_szelagowska","9":"tag-entertainment","10":"tag-nat_styl","11":"tag-newsy","12":"tag-omp","13":"tag-pawel_hartlieb","14":"tag-pl","15":"tag-poland","16":"tag-polish","17":"tag-polska","18":"tag-polski","19":"tag-rozrywka","20":"tag-rozwody_gwiazd","21":"tag-screening_general","22":"tag-smierc","23":"tag-smierc_gwiazdy","24":"tag-zwiazki_gwiazd"},"share_on_mastodon":{"url":"https:\/\/pubeurope.com\/@pl\/115969052022590899","error":""},"_links":{"self":[{"href":"https:\/\/www.europesays.com\/pl\/wp-json\/wp\/v2\/posts\/228547","targetHints":{"allow":["GET"]}}],"collection":[{"href":"https:\/\/www.europesays.com\/pl\/wp-json\/wp\/v2\/posts"}],"about":[{"href":"https:\/\/www.europesays.com\/pl\/wp-json\/wp\/v2\/types\/post"}],"author":[{"embeddable":true,"href":"https:\/\/www.europesays.com\/pl\/wp-json\/wp\/v2\/users\/2"}],"replies":[{"embeddable":true,"href":"https:\/\/www.europesays.com\/pl\/wp-json\/wp\/v2\/comments?post=228547"}],"version-history":[{"count":0,"href":"https:\/\/www.europesays.com\/pl\/wp-json\/wp\/v2\/posts\/228547\/revisions"}],"wp:featuredmedia":[{"embeddable":true,"href":"https:\/\/www.europesays.com\/pl\/wp-json\/wp\/v2\/media\/228548"}],"wp:attachment":[{"href":"https:\/\/www.europesays.com\/pl\/wp-json\/wp\/v2\/media?parent=228547"}],"wp:term":[{"taxonomy":"category","embeddable":true,"href":"https:\/\/www.europesays.com\/pl\/wp-json\/wp\/v2\/categories?post=228547"},{"taxonomy":"post_tag","embeddable":true,"href":"https:\/\/www.europesays.com\/pl\/wp-json\/wp\/v2\/tags?post=228547"}],"curies":[{"name":"wp","href":"https:\/\/api.w.org\/{rel}","templated":true}]}}