{"id":228777,"date":"2026-01-28T00:27:10","date_gmt":"2026-01-28T00:27:10","guid":{"rendered":"https:\/\/www.europesays.com\/pl\/228777\/"},"modified":"2026-01-28T00:27:10","modified_gmt":"2026-01-28T00:27:10","slug":"andrzej-duda-dolaczyl-do-amerykanskiej-organizacji-ekspert-bedzie-atutem","status":"publish","type":"post","link":"https:\/\/www.europesays.com\/pl\/228777\/","title":{"rendered":"Andrzej Duda do\u0142\u0105czy\u0142 do ameryka\u0144skiej organizacji. Ekspert: b\u0119dzie atutem"},"content":{"rendered":"<p class=\"ods-c-paragraph \">Niezwykle obecnie wp\u0142ywowa, ponad 50-letnia Fundacja Heritage, do kt\u00f3rej w roli &#8222;wizytuj\u0105cego eksperta o wybitnym dorobku&#8221; (ang. distinguished visiting fellow) <a href=\"https:\/\/wiadomosci.onet.pl\/kraj\/nowe-zajecie-andrzeja-dudy-dolacza-do-organizacji-z-usa\/4vfevk6\" id=\"f08687b9-08f8-4907-bc52-cb70718eee96\" rel=\"nofollow noopener\" target=\"_blank\">do\u0142\u0105cza by\u0142y prezydent Polski Andrzej Duda,<\/a> finansowana jest ze sk\u0142adek cz\u0142onkowskich ameryka\u0144skich konserwatyst\u00f3w i donacji i nie zale\u017cy od rz\u0105du. To odr\u00f3\u017cnia j\u0105 zdaniem eksperta od niekt\u00f3rych innych think tank\u00f3w w USA, przyjmuj\u0105cych cz\u0119sto tak\u017ce finansowanie projekt\u00f3w badawczych od rz\u0105d\u00f3w, nawet &#8222;z Europy czy pa\u0144stw Zatoki Perskiej&#8221;.<\/p>\n<p> Dalszy ci\u0105g artyku\u0142u pod materia\u0142em wideo    <\/p>\n<p> Jakie s\u0105 g\u0142\u00f3wne cele Fundacji Heritage? <\/p>\n<p> Co uwa\u017ca dr S\u0142awomir D\u0119bski o wp\u0142ywie Andrzeja Dudy na Heritage? <\/p>\n<p> Jakie by\u0142y wcze\u015bniejsze powi\u0105zania europejskich polityk\u00f3w z ameryka\u0144skimi think tankami? <\/p>\n<p> Kiedy zosta\u0142a za\u0142o\u017cona Fundacja Heritage? <\/p>\n<p class=\"ods-c-paragraph \">\u2014 Kiedy zmienia si\u0119 lokator Bia\u0142ego Domu, opuszczaj\u0105cy administracj\u0119 ludzie z do\u015bwiadczeniem rz\u0105dowym, je\u015bli nie id\u0105 do biznesu, przechodz\u0105 zazwyczaj do think tank\u00f3w, gdzie \u0142aduj\u0105 baterie i wymy\u015blaj\u0105 polityk\u0119 \u2014 oceni\u0142 w rozmowie z PAP dr S\u0142awomir D\u0119bski, wyk\u0142adowca College of Europe w Natolinie i by\u0142y szef Polskiego Instytutu Spraw Mi\u0119dzynarodowych. \u2014 Bo tym w\u0142a\u015bnie zajmuj\u0105 si\u0119 w istocie think tanki, czyli polityk\u0105 praktyczn\u0105: analiz\u0105 rzeczywisto\u015bci i szukaniem odpowiedzi na problemy tej rzeczywisto\u015bci \u2014 doda\u0142.<\/p>\n<p>&#8222;Ameryka\u0144ski fenomen&#8221;<\/p>\n<p class=\"ods-c-paragraph \">Wykuwane w think tankach programy polityki pa\u0144stwa przydaj\u0105 si\u0119, jak podkre\u015bli\u0142 ekspert, kiedy do w\u0142adzy dochodzi opcja polityczna, z kt\u00f3r\u0105 zwi\u0105zana jest dana instytucja badawcza.<\/p>\n<p class=\"ods-c-paragraph \">Jak podkre\u015bli\u0142, think tanki s\u0105 &#8222;fenomenem ameryka\u0144skim, nieprzek\u0142adalnym na \u017cadn\u0105 inn\u0105 konstelacj\u0119 ustrojow\u0105&#8221;, bo tylko w USA instytucje badawcze mog\u0105 liczy\u0107 na wsparcie finansowe zwyk\u0142ych obywateli. \u2014 Nikt nie zatrudni w Polsce kilkudziesi\u0119ciu analityk\u00f3w, kt\u00f3rzy w praktyce raz na par\u0119 lat musz\u0105 odpowiedzie\u0107 na jakie\u015b bie\u017c\u0105ce problemy polityczne. Biznes interesuje si\u0119 &#8222;tu i teraz&#8221;, tym, jak przepchn\u0105\u0107 jak\u0105\u015b ustaw\u0119 \u2014 zauwa\u017cy\u0142 D\u0119bski.<\/p>\n<p>   Organizacja bliska Donaldowi Trumpowi<\/p>\n<p class=\"ods-c-paragraph \">Heritage zrzesza 500 tys. cz\u0142onk\u00f3w. Fundacja zosta\u0142a za\u0142o\u017cona w 1973 r. i od pocz\u0105tku promowa\u0142a polityk\u0119 opart\u0105 na tradycyjnych warto\u015bciach: idei wolnej przedsi\u0119biorczo\u015bci, ograniczonej roli pa\u0144stwa i wolno\u015bci jednostki. Odegra\u0142a istotn\u0105 rol\u0119 w czasach rz\u0105d\u00f3w prezydenta Ronalda Reagana. To wtedy powsta\u0142a publikacja &#8222;Mandat na rzecz przyw\u00f3dztwa&#8221;, zawieraj\u0105ca konserwatywne rekomendacje dla administracji Reagana.<\/p>\n<p class=\"ods-c-paragraph \">Rola Heritage ponownie wzros\u0142a w pierwszej kadencji Donalda Trumpa. Jak obliczy\u0142 magazyn &#8222;New York Times&#8221;, do po\u0142owy 2018 r. ponad 66 pracownik\u00f3w lub by\u0142ych pracownik\u00f3w fundacji pracowa\u0142o dla jego administracji. W raporcie rocznym Heritage Foundation z 2017 r. mo\u017cna przeczyta\u0107, \u017ce administracja Trumpa &#8222;do ko\u0144ca 2017 r. zrealizowa\u0142a 64 proc. z 321 rekomendacji&#8221; think tanku.<\/p>\n<p class=\"ods-c-paragraph \">W drugiej administracji Trumpa tak\u017ce znale\u017ali si\u0119 ludzie powi\u0105zani z Heritage. Na przyk\u0142ad Russell Vought, dawniej wiceprezes Heritage Action for America, organizacji siostrzanej dla Heritage, zosta\u0142 ponownie dyrektorem Biura Zarz\u0105dzania i Bud\u017cetu, a Tom Homan (w Heritage od 2022 r.) dawny dyr. ds. imigracji zosta\u0142 przez Trumpa mianowany &#8222;carem od granicy&#8221; (ang. border czar).<\/p>\n<p>Think tank &#8222;instytucjonalizuj\u0105cy trumpizm&#8221;<\/p>\n<p class=\"ods-c-paragraph \">Jak jednak podnosz\u0105 krytycy bliskich zwi\u0105zk\u00f3w Heritage z &#8222;trumpistami&#8221;, w fundacji pracuj\u0105 ju\u017c nie prawdziwi eksperci, ale zwolennicy rz\u0105du. To m.in. opinia cytowanego przez portal NPR (National Public Radio) prof. E.J. Fagana, politologa z Uniwersytetu Illinois w Chicago.<\/p>\n<p class=\"ods-c-paragraph \">W 2021 r. szefem Heritage zosta\u0142 Kevin Roberts, kt\u00f3ry w roku wyborczym powiedzia\u0142 w rozmowie z &#8222;New York Timesem&#8221;, \u017ce jego rol\u0105 jest &#8222;instytucjonalizacja trumpizmu&#8221;. Heritage czuwa\u0142a wi\u0119c nad opracowaniem strategii programowej dla drugiego rz\u0105du Trumpa, tzw. Project2025, kt\u00f3r\u0105 liberalne media nazwa\u0142y &#8222;kontrowersyjnym, konserwatywnym planem przebudowy rz\u0105du federalnego&#8221;.<\/p>\n<p class=\"ods-c-paragraph \">Prezydent Trump nigdy nie przyzna\u0142, \u017ce ma cokolwiek wsp\u00f3lnego z Projektem2025, ale jak na \u0142amach The Conversation przekonywa\u0142 Zachary Albert, politolog z Uniwersytetu Brandeis, jest wiele przyk\u0142ad\u00f3w rozporz\u0105dze\u0144 wykonawczych Trumpa, kt\u00f3re odzwierciedlaj\u0105 rekomendacje tego projektu. Wymieni\u0142 m.in. rozporz\u0105dzenie ze stycznia 2025 r., uznaj\u0105ce &#8222;dwie p\u0142cie, m\u0119sk\u0105 i \u017ce\u0144sk\u0105&#8221;, co doprowadzi\u0142o do usuni\u0119cia odniesie\u0144 do os\u00f3b transp\u0142ciowych ze stron internetowych rz\u0105du.<\/p>\n<p>   Andrzej Duda &#8222;atutem&#8221; dla Heritage<\/p>\n<p class=\"ods-c-paragraph \">D\u0119bski uwa\u017ca jednak, \u017ce symbioza programowa Heritage z obecn\u0105 administracj\u0105 Bia\u0142ego Domu jest normaln\u0105 kolej\u0105 rzeczy w polityce w USA. \u2014 Nie ma si\u0119 co oburza\u0107, \u017ce Heritage i zesp\u00f3\u0142 ludzi, kt\u00f3rych zorganizowa\u0142, zajmowali si\u0119 praktycznym my\u015bleniem o polityce przysz\u0142ej administracji, uwzgl\u0119dniaj\u0105c oczekiwania wyborc\u00f3w Partii Republika\u0144skiej \u2014 oceni\u0142 ekspert i przypomnia\u0142, \u017ce otoczenie demokratycznego Baracka Obamy, pozbawione w\u0142asnego zaplecza eksperckiego, kt\u00f3re konkurowa\u0142o w kampanii z Hillary Clinton, maj\u0105c\u0105 za sob\u0105 Brookings Institution, te\u017c stworzy\u0142o w\u0142asny think tank, Center for American Progress.<\/p>\n<p class=\"ods-c-paragraph \">Zapytany o korzy\u015bci wynikaj\u0105ce z zaproszenia prezydenta Dudy do wsp\u00f3\u0142pracy z Heritage D\u0119bski uzna\u0142 najpierw, \u017ce to &#8222;atut&#8221; dla samego think tanku, poniewa\u017c zyskuje eksperta, kt\u00f3ry by\u0142 szefem du\u017cego europejskiego pa\u0144stwa, wa\u017cnego sojusznika Ameryki, o kt\u00f3rym urz\u0119duj\u0105cy prezydent USA dobrze si\u0119 wypowiada\u0142. Jak doda\u0142, zwi\u0105zki Dudy z Heritage mog\u0105 si\u0119 tak\u017ce przyda\u0107 Polsce.<\/p>\n<p class=\"ods-c-paragraph \">\u2014 Nie chodzi o za\u0142atwianie konkretnych spraw, ale sam fakt, \u017ce prezydent Andrzej Duda b\u0119dzie uwra\u017cliwia\u0107 \u015brodowiska republika\u0144skie na polski interes. Nie wiem, czy b\u0119dzie mia\u0142 wp\u0142yw na kierunek debaty republika\u0144skiej, ale b\u0119dzie w niej zauwa\u017calny \u2014 podsumowa\u0142 Debski.<\/p>\n<p>Nie tylko Andrzej Duda<\/p>\n<p class=\"ods-c-paragraph \">Ju\u017c wcze\u015bniej zdarza\u0142o si\u0119, \u017ce z ameryka\u0144skimi think tankami wsp\u00f3\u0142pracowali czo\u0142owi europejscy politycy. By\u0142y premier Szwecji Carl Bildt by\u0142 zwi\u0105zany m.in. z Rand Corporation, gdzie zosta\u0142 pierwszym cz\u0142onkiem zarz\u0105du tego think tanku, nieb\u0119d\u0105cym obywatelem USA.<\/p>\n<p class=\"ods-c-paragraph \">Z kolei w latach 2002\u20132005 obecny szef polskiej dyplomacji Rados\u0142aw Sikorski by\u0142 cz\u0142onkiem rezydentem (resident fellow) i dyrektorem wykonawczym New Atlantic Initiative w waszyngto\u0144skim think tanku American Enterprise Institute.<\/p>\n","protected":false},"excerpt":{"rendered":"Niezwykle obecnie wp\u0142ywowa, ponad 50-letnia Fundacja Heritage, do kt\u00f3rej w roli &#8222;wizytuj\u0105cego eksperta o wybitnym dorobku&#8221; (ang. distinguished&hellip;\n","protected":false},"author":2,"featured_media":228778,"comment_status":"","ping_status":"","sticky":false,"template":"","format":"standard","meta":{"footnotes":""},"categories":[12],"tags":[2159,32,33,44,36,37,27,34,35,28,31,48,25,46,42,38,40,39,41,16649,47,80,41956,29,30,71,26],"class_list":{"0":"post-228777","1":"post","2":"type-post","3":"status-publish","4":"format-standard","5":"has-post-thumbnail","7":"category-polska","8":"tag-andrzej_duda","9":"tag-breaking-news","10":"tag-breakingnews","11":"tag-donald_trump","12":"tag-featured-news","13":"tag-featurednews","14":"tag-headlines","15":"tag-latest-news","16":"tag-latestnews","17":"tag-naglowki","18":"tag-najwazniejsze-artykuly","19":"tag-nat_styl","20":"tag-news","21":"tag-omp","22":"tag-pl","23":"tag-poland","24":"tag-polish","25":"tag-polska","26":"tag-polski","27":"tag-ronald_reagan","28":"tag-screening_general","29":"tag-swiat","30":"tag-think_tank","31":"tag-top-stories","32":"tag-topstories","33":"tag-usa","34":"tag-wiadomosci"},"share_on_mastodon":{"url":"https:\/\/pubeurope.com\/@pl\/115969893663080821","error":""},"_links":{"self":[{"href":"https:\/\/www.europesays.com\/pl\/wp-json\/wp\/v2\/posts\/228777","targetHints":{"allow":["GET"]}}],"collection":[{"href":"https:\/\/www.europesays.com\/pl\/wp-json\/wp\/v2\/posts"}],"about":[{"href":"https:\/\/www.europesays.com\/pl\/wp-json\/wp\/v2\/types\/post"}],"author":[{"embeddable":true,"href":"https:\/\/www.europesays.com\/pl\/wp-json\/wp\/v2\/users\/2"}],"replies":[{"embeddable":true,"href":"https:\/\/www.europesays.com\/pl\/wp-json\/wp\/v2\/comments?post=228777"}],"version-history":[{"count":0,"href":"https:\/\/www.europesays.com\/pl\/wp-json\/wp\/v2\/posts\/228777\/revisions"}],"wp:featuredmedia":[{"embeddable":true,"href":"https:\/\/www.europesays.com\/pl\/wp-json\/wp\/v2\/media\/228778"}],"wp:attachment":[{"href":"https:\/\/www.europesays.com\/pl\/wp-json\/wp\/v2\/media?parent=228777"}],"wp:term":[{"taxonomy":"category","embeddable":true,"href":"https:\/\/www.europesays.com\/pl\/wp-json\/wp\/v2\/categories?post=228777"},{"taxonomy":"post_tag","embeddable":true,"href":"https:\/\/www.europesays.com\/pl\/wp-json\/wp\/v2\/tags?post=228777"}],"curies":[{"name":"wp","href":"https:\/\/api.w.org\/{rel}","templated":true}]}}