{"id":228795,"date":"2026-01-28T00:49:35","date_gmt":"2026-01-28T00:49:35","guid":{"rendered":"https:\/\/www.europesays.com\/pl\/228795\/"},"modified":"2026-01-28T00:49:35","modified_gmt":"2026-01-28T00:49:35","slug":"tyle-pieniedzy-zabrano-w-ramach-34-finalu-wosp-juz-padl-rekord","status":"publish","type":"post","link":"https:\/\/www.europesays.com\/pl\/228795\/","title":{"rendered":"Tyle pieni\u0119dzy zabrano w ramach 34. Fina\u0142u WO\u015aP. Ju\u017c pad\u0142 rekord"},"content":{"rendered":"<p class=\"ods-c-paragraph \">Za nami 34. Fina\u0142 <a href=\"https:\/\/plejada.pl\/temat\/wielka-orkiestra-swiatecznej-pomocy-wosp\/8hhw1k2\" id=\"5945a2e7-100f-4af0-be50-416873263260\" rel=\"nofollow noopener\" target=\"_blank\">Wielkiej Orkiestry \u015awi\u0105tecznej Pomocy<\/a>, kt\u00f3ry przyni\u00f3s\u0142 ogromne emocje. Tu\u017c przed p\u00f3\u0142noc\u0105 w niedziel\u0119 g\u0142os zabra\u0142 Jerzy Owsiak, nie kryj\u0105c wzruszenia,<a href=\"https:\/\/plejada.pl\/newsy\/jerzy-owsiak-ledwo-powstrzymywal-lzy-zwrocil-sie-do-polakow\/4r030j3\" id=\"4ce5ecfd-40d8-4275-8a84-0854e770966a\" rel=\"nofollow noopener\" target=\"_blank\"> widz\u0105c zaanga\u017cowanie tysi\u0119cy ludzi w akcj\u0119<\/a>.<\/p>\n<blockquote class=\"ods-o-quota\">\n<p class=\"ods-o-quota__paragraph\">Wszystko, co tutaj mia\u0142o miejsce, m\u00f3wi o nas, o Polakach. Jeste\u015bmy naprawd\u0119 super ekip\u0105. Nie dajcie si\u0119 ponie\u015b\u0107 tym, kt\u00f3rzy nas namawiaj\u0105 do jakich\u015b ponurych spraw. Po prostu si\u0119 nie dajcie. Odwr\u00f3\u0107cie si\u0119 do tego ty\u0142em i r\u00f3bmy swoje<\/p>\n<\/blockquote>\n<p class=\"ods-c-paragraph \">\u2014 powiedzia\u0142 w nagraniu, udost\u0119pnionym na Facebooku.<\/p>\n<p> Dalszy ci\u0105g artyku\u0142u pod materia\u0142em wideo    <\/p>\n<p> Jaka by\u0142a \u0142\u0105czna kwota zebrana podczas 34. Fina\u0142u WO\u015aP? <\/p>\n<p> Kiedy og\u0142oszono zebran\u0105 kwot\u0119? <\/p>\n<p> Jak\u0105 kwot\u0119 zebrano w ubieg\u0142ym roku na WO\u015aP? <\/p>\n<p> Czy ostateczne wyniki zbi\u00f3rki s\u0105 ju\u017c znane? <\/p>\n<p>  Tyle pieni\u0119dzy zabrano na 34. Finale WO\u015aP. Ju\u017c pad\u0142 rekord<\/p>\n<p class=\"ods-c-paragraph \">Tradycyjnie, podczas fina\u0142u o godz. 23.20, fundacja zatrzyma\u0142a licznik zebranej kwoty, og\u0142aszaj\u0105c, \u017ce wynosi ona 183 mln 231 tys. 782 z\u0142.<\/p>\n<blockquote class=\"ods-o-quota\">\n<p class=\"ods-o-quota__paragraph\">Jeste\u015bmy dumni z tego, jak pi\u0119knie gramy razem! Dzi\u0119kujemy darczy\u0144com, wolontariuszom, Sztabom, partnerom, naszym przyjacio\u0142om i ka\u017cdemu, kto w chocia\u017c najmniejszym stopniu wspar\u0142 fina\u0142owe granie! Jeste\u015bcie przepi\u0119kni! I niech tak zostanie \u2014 do ko\u0144ca \u015bwiata i o jeden dzie\u0144 d\u0142u\u017cej! <\/p>\n<\/blockquote>\n<p class=\"ods-c-paragraph \">\u2014 napisali w mediach spo\u0142eczno\u015bciowych. Ta kwota wyj\u015bciowa przebi\u0142a ubieg\u0142oroczn\u0105, kt\u00f3ra w dniu fina\u0142u wynosi\u0142a 178 mln 531 tys. 625 z\u0142, czyli o ok. 5 mln z\u0142 mniej.<\/p>\n<p class=\"ods-c-paragraph \">Warto przypomnie\u0107, \u017ce ostatecznie wyniki zostan\u0105 og\u0142oszone dopiero na pocz\u0105tku marca, uwzgl\u0119dniaj\u0105c r\u00f3wnie\u017c aukcje i licytacje internetowe.<\/p>\n<p> <img decoding=\"async\" src=\"https:\/\/www.europesays.com\/pl\/wp-content\/uploads\/2026\/01\/4iKk9lGaHR0cHM6Ly9vY2RuLmV1L3B1bHNjbXMvTURBXy9mOTlkZDhhMS02OWYwLTRiNzYtYjhjNi03YmEyNjVkMGJjNjYuanBlZ.jpeg\" height=\"628\" width=\"940\" alt=\"Jerzy Owsiak\" loading=\"lazy\" class=\"ods-c-image__img ods-c-image__img--viewport-width\"\/><\/p>\n<p>Jerzy OwsiakPAP\/Leszek Szyma\u0144ski<\/p>\n<p class=\"ods-c-paragraph \">Dzi\u0119kujemy, \u017ce przeczyta\u0142a\u015b\/e\u015b nasz artyku\u0142 do ko\u0144ca. W serwisie Plejada.pl ka\u017cdego dnia piszemy o najwa\u017cniejszych wydarzeniach show-biznesowych. B\u0105d\u017a na bie\u017c\u0105co! <a rel=\"nofollow noopener\" href=\"https:\/\/profile.google.com\/cp\/Cg0vZy8xMWJ6X19wdHBx\" id=\"925d7f4a-7e55-4aab-9d3a-57e14f40e588\" target=\"_blank\">Obserwuj<\/a> Plejad\u0119 w Google. Odwied\u017a nas tak\u017ce na <a rel=\"nofollow noopener\" href=\"https:\/\/www.facebook.com\/plejadapl\" id=\"c935d318-23a2-437c-9195-7edf0555267a\" target=\"_blank\">Facebooku<\/a>, <a rel=\"nofollow noopener\" href=\"https:\/\/www.instagram.com\/plejadapl\/\" id=\"d8ac5a41-5c81-403e-a39a-4c9d5707eca7\" target=\"_blank\">Instagramie<\/a>, <a rel=\"nofollow noopener\" href=\"https:\/\/www.youtube.com\/c\/plejada\" id=\"8c420124-8f77-460e-b167-849558d1726b\" target=\"_blank\">YouTubie<\/a> oraz <a rel=\"nofollow noopener\" href=\"https:\/\/www.tiktok.com\/@plejada_pl\" id=\"ad275b2d-190c-48f0-b9cf-cd285e35cae8\" target=\"_blank\">TikToku<\/a>.<\/p>\n<p class=\"ods-c-paragraph \">Chcesz podzieli\u0107 si\u0119 ciekawym newsem lub zaproponowa\u0107 temat? Skontaktuj si\u0119 z nami, pisz\u0105c maila na adres: <a rel=\"nofollow noopener\" href=\"https:\/\/plejada.pl\/newsy\/tyle-pieniedzy-zabrano-w-ramach-34-finalu-wosp-juz-padl-rekord\/mailto:plejada@redakcjaonet.pl\" id=\"42414c8b-ec3d-4aed-9805-ffde5399802e\" target=\"_blank\">plejada@redakcjaon<\/a><a rel=\"nofollow noopener\" href=\"https:\/\/et.pl\/\" id=\"b6da7ed8-c757-43ca-baed-d3f82bd67365\" target=\"_blank\">et.pl<\/a>.<\/p>\n<p><script async src=\"\/\/www.instagram.com\/embed.js\"><\/script><script async src=\"\/\/www.tiktok.com\/embed.js\"><\/script><\/p>\n","protected":false},"excerpt":{"rendered":"Za nami 34. Fina\u0142 Wielkiej Orkiestry \u015awi\u0105tecznej Pomocy, kt\u00f3ry przyni\u00f3s\u0142 ogromne emocje. Tu\u017c przed p\u00f3\u0142noc\u0105 w niedziel\u0119 g\u0142os&hellip;\n","protected":false},"author":2,"featured_media":228796,"comment_status":"","ping_status":"","sticky":false,"template":"","format":"standard","meta":{"footnotes":"","_share_on_mastodon":"0"},"categories":[5],"tags":[32,33,36,37,27,24148,34,35,28,31,48,25,125,46,42,38,40,39,41,47,29,30,26,24147],"class_list":["post-228795","post","type-post","status-publish","format-standard","has-post-thumbnail","category-naglowki","tag-breaking-news","tag-breakingnews","tag-featured-news","tag-featurednews","tag-headlines","tag-jerzy_owsiak","tag-latest-news","tag-latestnews","tag-naglowki","tag-najwazniejsze-artykuly","tag-nat_styl","tag-news","tag-newsy","tag-omp","tag-pl","tag-poland","tag-polish","tag-polska","tag-polski","tag-screening_general","tag-top-stories","tag-topstories","tag-wiadomosci","tag-wosp"],"share_on_mastodon":{"url":"https:\/\/pubeurope.com\/@pl\/115969980223666939","error":""},"_links":{"self":[{"href":"https:\/\/www.europesays.com\/pl\/wp-json\/wp\/v2\/posts\/228795","targetHints":{"allow":["GET"]}}],"collection":[{"href":"https:\/\/www.europesays.com\/pl\/wp-json\/wp\/v2\/posts"}],"about":[{"href":"https:\/\/www.europesays.com\/pl\/wp-json\/wp\/v2\/types\/post"}],"author":[{"embeddable":true,"href":"https:\/\/www.europesays.com\/pl\/wp-json\/wp\/v2\/users\/2"}],"replies":[{"embeddable":true,"href":"https:\/\/www.europesays.com\/pl\/wp-json\/wp\/v2\/comments?post=228795"}],"version-history":[{"count":0,"href":"https:\/\/www.europesays.com\/pl\/wp-json\/wp\/v2\/posts\/228795\/revisions"}],"wp:featuredmedia":[{"embeddable":true,"href":"https:\/\/www.europesays.com\/pl\/wp-json\/wp\/v2\/media\/228796"}],"wp:attachment":[{"href":"https:\/\/www.europesays.com\/pl\/wp-json\/wp\/v2\/media?parent=228795"}],"wp:term":[{"taxonomy":"category","embeddable":true,"href":"https:\/\/www.europesays.com\/pl\/wp-json\/wp\/v2\/categories?post=228795"},{"taxonomy":"post_tag","embeddable":true,"href":"https:\/\/www.europesays.com\/pl\/wp-json\/wp\/v2\/tags?post=228795"}],"curies":[{"name":"wp","href":"https:\/\/api.w.org\/{rel}","templated":true}]}}