{"id":228866,"date":"2026-01-28T02:48:16","date_gmt":"2026-01-28T02:48:16","guid":{"rendered":"https:\/\/www.europesays.com\/pl\/228866\/"},"modified":"2026-01-28T02:48:16","modified_gmt":"2026-01-28T02:48:16","slug":"marcin-hakiel-byl-uzalezniony-od-alkoholu-lubilem-za-duzo-wypic-2","status":"publish","type":"post","link":"https:\/\/www.europesays.com\/pl\/228866\/","title":{"rendered":"Marcin Hakiel by\u0142 uzale\u017cniony od alkoholu. &#8222;Lubi\u0142em za du\u017co wypi\u0107&#8221;"},"content":{"rendered":"<p class=\"ods-c-paragraph \">Cho\u0107 <a href=\"https:\/\/plejada.pl\/temat\/marcin-hakiel\/nxh5ncd\" id=\"5bb95b45-f36a-44a8-95f5-cb3eff5de227\" rel=\"nofollow noopener\" target=\"_blank\">Marcin Hakiel<\/a> jest jednym z najpopularniejszych tancerzy w Polsce i mo\u017ce pochwali\u0107 si\u0119 niejedn\u0105 presti\u017cow\u0105 nagrod\u0105, najwi\u0119ksz\u0105 popularno\u015b\u0107 przyni\u00f3s\u0142 mu zwi\u0105zek z Katarzyn\u0105 Cichopek. Para pozna\u0142a si\u0119 w 2005 r. na planie &#8222;Ta\u0144ca z gwiazdami&#8221; i to w\u0142a\u015bnie wtedy zrodzi\u0142o si\u0119 mi\u0119dzy nimi uczucie. Trzy lata p\u00f3\u017aniej celebryci powiedzieli sobie sakramentalne &#8222;tak&#8221; i podczas trwaj\u0105cego 17 lat zwi\u0105zku doczekali si\u0119 dw\u00f3jki dzieci \u2014 urodzonego w 2009 r. Adama i o cztery lata m\u0142odszej c\u00f3rki Heleny. W 2022 r. media niespodziewanie obieg\u0142a informacja o rozwodzie Hakiela i Cichopek, jednak oboje szybko u\u0142o\u017cyli sobie \u017cycie uczuciowe na nowo.<\/p>\n<p> Dalszy ci\u0105g artyku\u0142u pod materia\u0142em wideo    <\/p>\n<p> Co Marcin Hakiel powiedzia\u0142 o swoim uzale\u017cnieniu? <\/p>\n<p> Jakie zmiany w \u017cyciu wprowadzi\u0142 Marcin Hakiel po terapii? <\/p>\n<p> Z kim Marcin Hakiel by\u0142 zwi\u0105zany przez 17 lat? <\/p>\n<p> Kiedy urodzi\u0142 si\u0119 syn Marcina Hakiela? <\/p>\n<p class=\"ods-c-paragraph \">Marcin Hakiel by\u0142 widywany z now\u0105 partnerk\u0105 w 2023 r., a ju\u017c kilka miesi\u0119cy p\u00f3\u017aniej para og\u0142osi\u0142a zar\u0119czyny. Pod koniec 2024 r. na \u015bwiat przyszed\u0142 syn tancerza i <a href=\"https:\/\/plejada.pl\/temat\/dominika-serowska\/hqtb2yb\" id=\"903bb41d-528c-4742-8180-463edd042317\" rel=\"nofollow noopener\" target=\"_blank\">Dominiki Serowskiej<\/a>, Romeo.<\/p>\n<p>   Marcin Hakiel przyzna\u0142 si\u0119 do uzale\u017cnienia: lubi\u0142em za du\u017co wypi\u0107<\/p>\n<p class=\"ods-c-paragraph \">Podczas jednego z najnowszych wywiad\u00f3w Marcin Hakiel postanowi\u0142 otworzy\u0107 si\u0119 na trudny i cz\u0119sto wstydliwy dla niekt\u00f3rych temat. Tancerz wyzna\u0142, \u017ce w pewnym momencie swojego \u017cycia by\u0142 uzale\u017cniony od alkoholu, jednak szybko zda\u0142 sobie spraw\u0119 z problemu i uda\u0142 si\u0119 na terapi\u0119.<\/p>\n<blockquote class=\"ods-o-quota\">\n<p class=\"ods-o-quota__paragraph\">Na pewno mam tendencj\u0119 do uzale\u017cnie\u0144. I na pewno nadu\u017cywa\u0142em alkoholu, bo alkoholik to si\u0119 tak bardzo pejorytatywnie kojarzy, z kim\u015b, kto po prostu, nie wiem, codziennie tam sobie wali. Ja na pewno lubi\u0142em za du\u017co wypi\u0107 na imprezach. (&#8230;) To jest tylko \u015brodek psychoaktywny, kt\u00f3ry wprowadzasz i tak naprawd\u0119 w tym wszystkim najistotniejsze jest to, \u017ceby zda\u0107 sobie spraw\u0119, \u017ce ma si\u0119 problem<\/p>\n<\/blockquote>\n<p class=\"ods-c-paragraph \">\u2014 wyzna\u0142 w rozmowie z Kozaczkiem.<\/p>\n<p><img decoding=\"async\" src=\"https:\/\/www.europesays.com\/pl\/wp-content\/uploads\/2025\/12\/MpXk9lBaHR0cHM6Ly9vY2RuLmV1L3B1bHNjbXMvTURBXy8xYTBkOTM3MjVjZjJiODNjYmFkYWQxMzk1MDFjYmVkMi5qcGeRlQLNB.jpeg\" height=\"628\" width=\"940\" alt=\"Dominika Serowska i Marcin Hakiel (2025 r.)\" loading=\"lazy\" class=\"ods-c-image__img ods-c-image__img--viewport-width\"\/><\/p>\n<p>Dominika Serowska i Marcin Hakiel (2025 r.)Piotr Andrzejczak \/ MW Media<\/p>\n<p class=\"ods-c-paragraph \">Marcin Hakiel przyzna\u0142, \u017ce decyzja o abstynencji objawi\u0142a prawd\u0119 o wielu jego znajomo\u015bciach, kt\u00f3rych fundamentem by\u0142o g\u0142\u00f3wnie imprezowanie. &#8222;Spotykali\u015bmy si\u0119 po to, \u017ceby w\u0142a\u015bnie wypi\u0107 wi\u0119ksz\u0105 ilo\u015b\u0107 i gdzie\u015b tam wed\u0142ug nas dobrze si\u0119 pobawi\u0107&#8221; \u2014 stwierdzi\u0142.<\/p>\n<p class=\"ods-c-paragraph \">Tancerz nie ukrywa, \u017ce nadal zdarza mu si\u0119 imprezowa\u0107, jednak gdy widzi, \u017ce towarzystwo zaczyna przesadza\u0107, po prostu wraca do domu.<\/p>\n<blockquote class=\"ods-o-quota\">\n<p class=\"ods-o-quota__paragraph\">Wiadomo, znam swoje granice i na przyk\u0142ad wiem, \u017ce przebywanie, do godz. 5.00 nad ranem, jak tam wszyscy ju\u017c s\u0105 z\u0142o\u017ceni i na stole, no to nie jest wskazane, tak? Na tyle to przepracowa\u0142em, \u017ce wiem, wi\u0119c za\u0142\u00f3\u017cmy, jak mamy gdzie\u015b tam m\u0119skie wyj\u015bcia i tam o godz. 23.00, 24.00 ju\u017c jest grubo, to ja po prostu si\u0119 \u017cegnam<\/p>\n<\/blockquote>\n<p class=\"ods-c-paragraph \">\u2014 powiedzia\u0142 Hakiel.<\/p>\n<p><img decoding=\"async\" src=\"https:\/\/www.europesays.com\/pl\/wp-content\/uploads\/2025\/11\/7djk9lBaHR0cHM6Ly9vY2RuLmV1L3B1bHNjbXMvTURBXy82Njk4YTEzYzllZmRhMTBlMmI0NzgwZjU0YWY5MjEzZC5qcGeRlQLNB.jpeg\" height=\"627\" width=\"940\" alt=\"Dominika Serowska i Marcin Hakiel (2024 r.)\" loading=\"lazy\" class=\"ods-c-image__img ods-c-image__img--viewport-width\"\/><\/p>\n<p>Dominika Serowska i Marcin Hakiel (2024 r.)Andras Szylagyi \/ MW Media<\/p>\n<p> <img decoding=\"async\" src=\"https:\/\/www.europesays.com\/pl\/wp-content\/uploads\/2025\/12\/09zk9lBaHR0cHM6Ly9vY2RuLmV1L3B1bHNjbXMvTURBXy9mY2FmNGFiYWIzNjZlYzZlZjVkYWRjNzhiYzRlYTY0My5qcGeRlQLNA.jpeg\" height=\"529\" width=\"940\" alt=\"Dominika Serowska i Marcin Hakiel (2024 r.)\" loading=\"lazy\" class=\"ods-c-image__img ods-c-image__img--vertical\"\/><\/p>\n<p>Dominika Serowska i Marcin Hakiel (2024 r.)Piotr Andrzejczak \/ MW Media<\/p>\n<p> <img decoding=\"async\" src=\"https:\/\/www.europesays.com\/pl\/wp-content\/uploads\/2025\/12\/z41k9lBaHR0cHM6Ly9vY2RuLmV1L3B1bHNjbXMvTURBXy9iNjM1MzRjNjNmNGEzZGNjODY5NjNjODIxNjUwZmNmYi5qcGeRlQLNA.jpeg\" height=\"529\" width=\"940\" alt=\"Dominika Serowska i Marcin Hakiel\" loading=\"lazy\" class=\"ods-c-image__img ods-c-image__img--vertical\"\/><\/p>\n<p>Dominika Serowska i Marcin HakielJacek Kurnikowski \/ AKPA<\/p>\n<p class=\"ods-c-paragraph \">Dzi\u0119kujemy, \u017ce przeczyta\u0142a\u015b\/e\u015b nasz artyku\u0142 do ko\u0144ca. W serwisie Plejada.pl ka\u017cdego dnia piszemy o najwa\u017cniejszych wydarzeniach show-biznesowych. B\u0105d\u017a na bie\u017c\u0105co! <a rel=\"nofollow noopener\" href=\"https:\/\/profile.google.com\/cp\/Cg0vZy8xMWJ6X19wdHBx\" id=\"d315ce1e-d753-42b0-ae69-3b425571bfb5\" target=\"_blank\">Obserwuj<\/a> Plejad\u0119 w Google. Odwied\u017a nas tak\u017ce na <a rel=\"nofollow noopener\" href=\"https:\/\/www.facebook.com\/plejadapl\" id=\"56f1c2e2-f28a-4872-95dc-5691898b9fdb\" target=\"_blank\">Facebooku<\/a>, <a rel=\"nofollow noopener\" href=\"https:\/\/www.instagram.com\/plejadapl\/\" id=\"55198281-3f27-4d8e-b27c-fb22e19ba5cf\" target=\"_blank\">Instagramie<\/a>, <a rel=\"nofollow noopener\" href=\"https:\/\/www.youtube.com\/c\/plejada\" id=\"fd3ca236-b210-44ad-9686-d29113149d76\" target=\"_blank\">YouTubie<\/a> oraz <a rel=\"nofollow noopener\" href=\"https:\/\/www.tiktok.com\/@plejada_pl\" id=\"f37d1df3-3ca3-492a-b5b6-a6f9f5f326ab\" target=\"_blank\">TikToku<\/a>.<\/p>\n<p class=\"ods-c-paragraph \">Chcesz podzieli\u0107 si\u0119 ciekawym newsem lub zaproponowa\u0107 temat? Skontaktuj si\u0119 z nami, pisz\u0105c maila na adres: <a rel=\"nofollow noopener\" href=\"https:\/\/plejada.pl\/newsy\/marcin-hakiel-byl-uzalezniony-od-alkoholu-lubilem-za-duzo-wypic\/mailto:plejada@redakcjaonet.pl\" id=\"787106f0-25e5-4141-865f-240daaf1c5b6\" target=\"_blank\">plejada@redakcjaon<\/a><a href=\"https:\/\/et.pl\" id=\"64bc82a8-bc27-4396-9fc8-6ab6ff518324\" rel=\"nofollow noopener\" target=\"_blank\">et.pl<\/a>.<\/p>\n<p><script async src=\"\/\/www.instagram.com\/embed.js\"><\/script><script async src=\"\/\/www.tiktok.com\/embed.js\"><\/script><\/p>\n","protected":false},"excerpt":{"rendered":"Cho\u0107 Marcin Hakiel jest jednym z najpopularniejszych tancerzy w Polsce i mo\u017ce pochwali\u0107 si\u0119 niejedn\u0105 presti\u017cow\u0105 nagrod\u0105, najwi\u0119ksz\u0105&hellip;\n","protected":false},"author":2,"featured_media":228867,"comment_status":"","ping_status":"","sticky":false,"template":"","format":"standard","meta":{"footnotes":""},"categories":[5],"tags":[4694,32,33,1857,36,37,27,5649,34,35,1859,28,31,48,25,125,46,42,38,40,39,41,47,29,30,9966,627,41964,26],"class_list":{"0":"post-228866","1":"post","2":"type-post","3":"status-publish","4":"format-standard","5":"has-post-thumbnail","7":"category-naglowki","8":"tag-alkoholizm","9":"tag-breaking-news","10":"tag-breakingnews","11":"tag-dominika_serowska","12":"tag-featured-news","13":"tag-featurednews","14":"tag-headlines","15":"tag-katarzyna_cichopek","16":"tag-latest-news","17":"tag-latestnews","18":"tag-marcin_hakiel","19":"tag-naglowki","20":"tag-najwazniejsze-artykuly","21":"tag-nat_styl","22":"tag-news","23":"tag-newsy","24":"tag-omp","25":"tag-pl","26":"tag-poland","27":"tag-polish","28":"tag-polska","29":"tag-polski","30":"tag-screening_general","31":"tag-top-stories","32":"tag-topstories","33":"tag-uzaleznienia","34":"tag-uzaleznienie","35":"tag-uzaleznienie_od_alkoholu","36":"tag-wiadomosci"},"share_on_mastodon":{"url":"https:\/\/pubeurope.com\/@pl\/115970448022365307","error":""},"_links":{"self":[{"href":"https:\/\/www.europesays.com\/pl\/wp-json\/wp\/v2\/posts\/228866","targetHints":{"allow":["GET"]}}],"collection":[{"href":"https:\/\/www.europesays.com\/pl\/wp-json\/wp\/v2\/posts"}],"about":[{"href":"https:\/\/www.europesays.com\/pl\/wp-json\/wp\/v2\/types\/post"}],"author":[{"embeddable":true,"href":"https:\/\/www.europesays.com\/pl\/wp-json\/wp\/v2\/users\/2"}],"replies":[{"embeddable":true,"href":"https:\/\/www.europesays.com\/pl\/wp-json\/wp\/v2\/comments?post=228866"}],"version-history":[{"count":0,"href":"https:\/\/www.europesays.com\/pl\/wp-json\/wp\/v2\/posts\/228866\/revisions"}],"wp:featuredmedia":[{"embeddable":true,"href":"https:\/\/www.europesays.com\/pl\/wp-json\/wp\/v2\/media\/228867"}],"wp:attachment":[{"href":"https:\/\/www.europesays.com\/pl\/wp-json\/wp\/v2\/media?parent=228866"}],"wp:term":[{"taxonomy":"category","embeddable":true,"href":"https:\/\/www.europesays.com\/pl\/wp-json\/wp\/v2\/categories?post=228866"},{"taxonomy":"post_tag","embeddable":true,"href":"https:\/\/www.europesays.com\/pl\/wp-json\/wp\/v2\/tags?post=228866"}],"curies":[{"name":"wp","href":"https:\/\/api.w.org\/{rel}","templated":true}]}}